{"id":906,"date":"2018-06-01T10:48:50","date_gmt":"2018-06-01T08:48:50","guid":{"rendered":"http:\/\/oronsko.org\/?p=906"},"modified":"2018-06-01T10:49:11","modified_gmt":"2018-06-01T08:49:11","slug":"procesja-bozego-ciala-w-oronsku","status":"publish","type":"post","link":"https:\/\/oronsko.org\/?p=906","title":{"rendered":"Procesja Bo\u017cego Cia\u0142a w Oro\u0144sku"},"content":{"rendered":"<p style=\"text-align: justify;\">W upalne po\u0142udnie 31 maja 2018 roku\u00a0 wyruszy\u0142a spod ko\u015bcio\u0142a parafialnego w Oro\u0144sku procesja, kt\u00f3rej trasa wiod\u0142a ulicami Oro\u0144ska \u2013 ul. Topolow\u0105, Osiedlow\u0105, przez osiedle Sady, a nast\u0119pnie ul. Brandta. <!--more-->W procesji licznie wzi\u0119li udzia\u0142 mieszka\u0144cy gminy, a w jej przygotowanie i opraw\u0119 liturgiczn\u0105 zaanga\u017cowa\u0142y r\u00f3\u017cne grupy formalne i nieformalne, w szczeg\u00f3lno\u015bci: ministranci, Oaza Rodzin, k\u00f3\u0142ka r\u00f3\u017ca\u0144cowe, schola parafialna \u201eChorus Angelorum\u201d, a tak\u017ce druhowie Ochotniczych Stra\u017cy Po\u017carnych z jednostek znajduj\u0105cych si\u0119 na\u00a0 terenie gminy. Nale\u017cy zwr\u00f3ci\u0107 uwag\u0119, i\u017c stra\u017cacy z OSP z ternu Gminy Oro\u0144sko zadbali r\u00f3wnie\u017c o bezpiecze\u0144stwo procesji oraz zapewnili wod\u0119, dla uczestnik\u00f3w koj\u0105c du\u017ce pragnienie wielu uczestnik\u00f3w.<\/p>\n<p><span style=\"color: #00ffff;\"><strong><span style=\"font-size: 18pt;\"><a style=\"color: #00ffff;\" href=\"http:\/\/oronsko.org\/?page_id=17&amp;album=3&amp;gallery=72\">Galeria<\/a><\/span><\/strong><\/span><\/p>\n<p><a href=\"http:\/\/oronsko.org\/wp-content\/uploads\/2018\/06\/DSC_0810.jpg\" data-rel=\"lightbox-image-0\" data-rl_title=\"\" data-rl_caption=\"\" title=\"\"><img loading=\"lazy\" decoding=\"async\" class=\"wp-image-907 aligncenter\" src=\"http:\/\/oronsko.org\/wp-content\/uploads\/2018\/06\/DSC_0810-1024x680.jpg\" alt=\"\" width=\"723\" height=\"480\" srcset=\"https:\/\/oronsko.org\/wp-content\/uploads\/2018\/06\/DSC_0810-1024x680.jpg 1024w, https:\/\/oronsko.org\/wp-content\/uploads\/2018\/06\/DSC_0810-300x199.jpg 300w, https:\/\/oronsko.org\/wp-content\/uploads\/2018\/06\/DSC_0810-768x510.jpg 768w, https:\/\/oronsko.org\/wp-content\/uploads\/2018\/06\/DSC_0810-220x145.jpg 220w\" sizes=\"auto, (max-width: 723px) 100vw, 723px\" \/><\/a><\/p>\n","protected":false},"excerpt":{"rendered":"<p>W upalne po\u0142udnie 31 maja 2018 roku\u00a0 wyruszy\u0142a spod ko\u015bcio\u0142a parafialnego w Oro\u0144sku procesja, kt\u00f3rej trasa wiod\u0142a ulicami Oro\u0144ska \u2013 ul. Topolow\u0105, Osiedlow\u0105, przez osiedle Sady, a nast\u0119pnie ul. Brandta.<\/p>\n","protected":false},"author":2,"featured_media":907,"comment_status":"open","ping_status":"open","sticky":false,"template":"","format":"standard","meta":{"footnotes":""},"categories":[1],"tags":[],"class_list":["post-906","post","type-post","status-publish","format-standard","has-post-thumbnail","hentry","category-bez-kategorii"],"yoast_head":"<!-- This site is optimized with the Yoast SEO plugin v26.8 - https:\/\/yoast.com\/product\/yoast-seo-wordpress\/ -->\n<title>Procesja Bo\u017cego Cia\u0142a w Oro\u0144sku - Stowarzyszenie Odnowy i Rozwoju Gminy Oro\u0144sko<\/title>\n<meta name=\"robots\" content=\"index, follow, max-snippet:-1, max-image-preview:large, max-video-preview:-1\" \/>\n<link rel=\"canonical\" href=\"https:\/\/oronsko.org\/?p=906\" \/>\n<meta property=\"og:locale\" content=\"pl_PL\" \/>\n<meta property=\"og:type\" content=\"article\" \/>\n<meta property=\"og:title\" content=\"Procesja Bo\u017cego Cia\u0142a w Oro\u0144sku - Stowarzyszenie Odnowy i Rozwoju Gminy Oro\u0144sko\" \/>\n<meta property=\"og:description\" content=\"W upalne po\u0142udnie 31 maja 2018 roku\u00a0 wyruszy\u0142a spod ko\u015bcio\u0142a parafialnego w Oro\u0144sku procesja, kt\u00f3rej trasa wiod\u0142a ulicami Oro\u0144ska \u2013 ul. Topolow\u0105, Osiedlow\u0105, przez osiedle Sady, a nast\u0119pnie ul. Brandta.\" \/>\n<meta property=\"og:url\" content=\"https:\/\/oronsko.org\/?p=906\" \/>\n<meta property=\"og:site_name\" content=\"Stowarzyszenie Odnowy i Rozwoju Gminy Oro\u0144sko\" \/>\n<meta property=\"article:published_time\" content=\"2018-06-01T08:48:50+00:00\" \/>\n<meta property=\"article:modified_time\" content=\"2018-06-01T08:49:11+00:00\" \/>\n<meta property=\"og:image\" content=\"https:\/\/oronsko.org\/wp-content\/uploads\/2018\/06\/DSC_0810-1024x680.jpg\" \/>\n\t<meta property=\"og:image:width\" content=\"1024\" \/>\n\t<meta property=\"og:image:height\" content=\"680\" \/>\n\t<meta property=\"og:image:type\" content=\"image\/jpeg\" \/>\n<meta name=\"author\" content=\"oronsko\" \/>\n<meta name=\"twitter:card\" content=\"summary_large_image\" \/>\n<meta name=\"twitter:label1\" content=\"Napisane przez\" \/>\n\t<meta name=\"twitter:data1\" content=\"oronsko\" \/>\n\t<meta name=\"twitter:label2\" content=\"Szacowany czas czytania\" \/>\n\t<meta name=\"twitter:data2\" content=\"1 minuta\" \/>\n<script type=\"application\/ld+json\" class=\"yoast-schema-graph\">{\"@context\":\"https:\/\/schema.org\",\"@graph\":[{\"@type\":\"Article\",\"@id\":\"https:\/\/oronsko.org\/?p=906#article\",\"isPartOf\":{\"@id\":\"https:\/\/oronsko.org\/?p=906\"},\"author\":{\"name\":\"oronsko\",\"@id\":\"https:\/\/oronsko.org\/#\/schema\/person\/d008aee7ef8cdc6d72c6dddfa0f6fa6a\"},\"headline\":\"Procesja Bo\u017cego Cia\u0142a w Oro\u0144sku\",\"datePublished\":\"2018-06-01T08:48:50+00:00\",\"dateModified\":\"2018-06-01T08:49:11+00:00\",\"mainEntityOfPage\":{\"@id\":\"https:\/\/oronsko.org\/?p=906\"},\"wordCount\":139,\"commentCount\":0,\"image\":{\"@id\":\"https:\/\/oronsko.org\/?p=906#primaryimage\"},\"thumbnailUrl\":\"https:\/\/oronsko.org\/wp-content\/uploads\/2018\/06\/DSC_0810.jpg\",\"inLanguage\":\"pl-PL\",\"potentialAction\":[{\"@type\":\"CommentAction\",\"name\":\"Comment\",\"target\":[\"https:\/\/oronsko.org\/?p=906#respond\"]}]},{\"@type\":\"WebPage\",\"@id\":\"https:\/\/oronsko.org\/?p=906\",\"url\":\"https:\/\/oronsko.org\/?p=906\",\"name\":\"Procesja Bo\u017cego Cia\u0142a w Oro\u0144sku - Stowarzyszenie Odnowy i Rozwoju Gminy Oro\u0144sko\",\"isPartOf\":{\"@id\":\"https:\/\/oronsko.org\/#website\"},\"primaryImageOfPage\":{\"@id\":\"https:\/\/oronsko.org\/?p=906#primaryimage\"},\"image\":{\"@id\":\"https:\/\/oronsko.org\/?p=906#primaryimage\"},\"thumbnailUrl\":\"https:\/\/oronsko.org\/wp-content\/uploads\/2018\/06\/DSC_0810.jpg\",\"datePublished\":\"2018-06-01T08:48:50+00:00\",\"dateModified\":\"2018-06-01T08:49:11+00:00\",\"author\":{\"@id\":\"https:\/\/oronsko.org\/#\/schema\/person\/d008aee7ef8cdc6d72c6dddfa0f6fa6a\"},\"breadcrumb\":{\"@id\":\"https:\/\/oronsko.org\/?p=906#breadcrumb\"},\"inLanguage\":\"pl-PL\",\"potentialAction\":[{\"@type\":\"ReadAction\",\"target\":[\"https:\/\/oronsko.org\/?p=906\"]}]},{\"@type\":\"ImageObject\",\"inLanguage\":\"pl-PL\",\"@id\":\"https:\/\/oronsko.org\/?p=906#primaryimage\",\"url\":\"https:\/\/oronsko.org\/wp-content\/uploads\/2018\/06\/DSC_0810.jpg\",\"contentUrl\":\"https:\/\/oronsko.org\/wp-content\/uploads\/2018\/06\/DSC_0810.jpg\",\"width\":3216,\"height\":2136},{\"@type\":\"BreadcrumbList\",\"@id\":\"https:\/\/oronsko.org\/?p=906#breadcrumb\",\"itemListElement\":[{\"@type\":\"ListItem\",\"position\":1,\"name\":\"Strona g\u0142\u00f3wna\",\"item\":\"https:\/\/oronsko.org\/\"},{\"@type\":\"ListItem\",\"position\":2,\"name\":\"Procesja Bo\u017cego Cia\u0142a w Oro\u0144sku\"}]},{\"@type\":\"WebSite\",\"@id\":\"https:\/\/oronsko.org\/#website\",\"url\":\"https:\/\/oronsko.org\/\",\"name\":\"Stowarzyszenie Odnowy i Rozwoju Gminy Oro\u0144sko\",\"description\":\"\",\"potentialAction\":[{\"@type\":\"SearchAction\",\"target\":{\"@type\":\"EntryPoint\",\"urlTemplate\":\"https:\/\/oronsko.org\/?s={search_term_string}\"},\"query-input\":{\"@type\":\"PropertyValueSpecification\",\"valueRequired\":true,\"valueName\":\"search_term_string\"}}],\"inLanguage\":\"pl-PL\"},{\"@type\":\"Person\",\"@id\":\"https:\/\/oronsko.org\/#\/schema\/person\/d008aee7ef8cdc6d72c6dddfa0f6fa6a\",\"name\":\"oronsko\",\"image\":{\"@type\":\"ImageObject\",\"inLanguage\":\"pl-PL\",\"@id\":\"https:\/\/oronsko.org\/#\/schema\/person\/image\/\",\"url\":\"https:\/\/secure.gravatar.com\/avatar\/04d4d850872fa512217e3bbde438f64183869a8f4529665ce1917407f81c2c69?s=96&d=mm&r=g\",\"contentUrl\":\"https:\/\/secure.gravatar.com\/avatar\/04d4d850872fa512217e3bbde438f64183869a8f4529665ce1917407f81c2c69?s=96&d=mm&r=g\",\"caption\":\"oronsko\"},\"url\":\"https:\/\/oronsko.org\/?author=2\"}]}<\/script>\n<!-- \/ Yoast SEO plugin. -->","yoast_head_json":{"title":"Procesja Bo\u017cego Cia\u0142a w Oro\u0144sku - Stowarzyszenie Odnowy i Rozwoju Gminy Oro\u0144sko","robots":{"index":"index","follow":"follow","max-snippet":"max-snippet:-1","max-image-preview":"max-image-preview:large","max-video-preview":"max-video-preview:-1"},"canonical":"https:\/\/oronsko.org\/?p=906","og_locale":"pl_PL","og_type":"article","og_title":"Procesja Bo\u017cego Cia\u0142a w Oro\u0144sku - Stowarzyszenie Odnowy i Rozwoju Gminy Oro\u0144sko","og_description":"W upalne po\u0142udnie 31 maja 2018 roku\u00a0 wyruszy\u0142a spod ko\u015bcio\u0142a parafialnego w Oro\u0144sku procesja, kt\u00f3rej trasa wiod\u0142a ulicami Oro\u0144ska \u2013 ul. Topolow\u0105, Osiedlow\u0105, przez osiedle Sady, a nast\u0119pnie ul. Brandta.","og_url":"https:\/\/oronsko.org\/?p=906","og_site_name":"Stowarzyszenie Odnowy i Rozwoju Gminy Oro\u0144sko","article_published_time":"2018-06-01T08:48:50+00:00","article_modified_time":"2018-06-01T08:49:11+00:00","og_image":[{"width":1024,"height":680,"url":"https:\/\/oronsko.org\/wp-content\/uploads\/2018\/06\/DSC_0810-1024x680.jpg","type":"image\/jpeg"}],"author":"oronsko","twitter_card":"summary_large_image","twitter_misc":{"Napisane przez":"oronsko","Szacowany czas czytania":"1 minuta"},"schema":{"@context":"https:\/\/schema.org","@graph":[{"@type":"Article","@id":"https:\/\/oronsko.org\/?p=906#article","isPartOf":{"@id":"https:\/\/oronsko.org\/?p=906"},"author":{"name":"oronsko","@id":"https:\/\/oronsko.org\/#\/schema\/person\/d008aee7ef8cdc6d72c6dddfa0f6fa6a"},"headline":"Procesja Bo\u017cego Cia\u0142a w Oro\u0144sku","datePublished":"2018-06-01T08:48:50+00:00","dateModified":"2018-06-01T08:49:11+00:00","mainEntityOfPage":{"@id":"https:\/\/oronsko.org\/?p=906"},"wordCount":139,"commentCount":0,"image":{"@id":"https:\/\/oronsko.org\/?p=906#primaryimage"},"thumbnailUrl":"https:\/\/oronsko.org\/wp-content\/uploads\/2018\/06\/DSC_0810.jpg","inLanguage":"pl-PL","potentialAction":[{"@type":"CommentAction","name":"Comment","target":["https:\/\/oronsko.org\/?p=906#respond"]}]},{"@type":"WebPage","@id":"https:\/\/oronsko.org\/?p=906","url":"https:\/\/oronsko.org\/?p=906","name":"Procesja Bo\u017cego Cia\u0142a w Oro\u0144sku - Stowarzyszenie Odnowy i Rozwoju Gminy Oro\u0144sko","isPartOf":{"@id":"https:\/\/oronsko.org\/#website"},"primaryImageOfPage":{"@id":"https:\/\/oronsko.org\/?p=906#primaryimage"},"image":{"@id":"https:\/\/oronsko.org\/?p=906#primaryimage"},"thumbnailUrl":"https:\/\/oronsko.org\/wp-content\/uploads\/2018\/06\/DSC_0810.jpg","datePublished":"2018-06-01T08:48:50+00:00","dateModified":"2018-06-01T08:49:11+00:00","author":{"@id":"https:\/\/oronsko.org\/#\/schema\/person\/d008aee7ef8cdc6d72c6dddfa0f6fa6a"},"breadcrumb":{"@id":"https:\/\/oronsko.org\/?p=906#breadcrumb"},"inLanguage":"pl-PL","potentialAction":[{"@type":"ReadAction","target":["https:\/\/oronsko.org\/?p=906"]}]},{"@type":"ImageObject","inLanguage":"pl-PL","@id":"https:\/\/oronsko.org\/?p=906#primaryimage","url":"https:\/\/oronsko.org\/wp-content\/uploads\/2018\/06\/DSC_0810.jpg","contentUrl":"https:\/\/oronsko.org\/wp-content\/uploads\/2018\/06\/DSC_0810.jpg","width":3216,"height":2136},{"@type":"BreadcrumbList","@id":"https:\/\/oronsko.org\/?p=906#breadcrumb","itemListElement":[{"@type":"ListItem","position":1,"name":"Strona g\u0142\u00f3wna","item":"https:\/\/oronsko.org\/"},{"@type":"ListItem","position":2,"name":"Procesja Bo\u017cego Cia\u0142a w Oro\u0144sku"}]},{"@type":"WebSite","@id":"https:\/\/oronsko.org\/#website","url":"https:\/\/oronsko.org\/","name":"Stowarzyszenie Odnowy i Rozwoju Gminy Oro\u0144sko","description":"","potentialAction":[{"@type":"SearchAction","target":{"@type":"EntryPoint","urlTemplate":"https:\/\/oronsko.org\/?s={search_term_string}"},"query-input":{"@type":"PropertyValueSpecification","valueRequired":true,"valueName":"search_term_string"}}],"inLanguage":"pl-PL"},{"@type":"Person","@id":"https:\/\/oronsko.org\/#\/schema\/person\/d008aee7ef8cdc6d72c6dddfa0f6fa6a","name":"oronsko","image":{"@type":"ImageObject","inLanguage":"pl-PL","@id":"https:\/\/oronsko.org\/#\/schema\/person\/image\/","url":"https:\/\/secure.gravatar.com\/avatar\/04d4d850872fa512217e3bbde438f64183869a8f4529665ce1917407f81c2c69?s=96&d=mm&r=g","contentUrl":"https:\/\/secure.gravatar.com\/avatar\/04d4d850872fa512217e3bbde438f64183869a8f4529665ce1917407f81c2c69?s=96&d=mm&r=g","caption":"oronsko"},"url":"https:\/\/oronsko.org\/?author=2"}]}},"_links":{"self":[{"href":"https:\/\/oronsko.org\/index.php?rest_route=\/wp\/v2\/posts\/906","targetHints":{"allow":["GET"]}}],"collection":[{"href":"https:\/\/oronsko.org\/index.php?rest_route=\/wp\/v2\/posts"}],"about":[{"href":"https:\/\/oronsko.org\/index.php?rest_route=\/wp\/v2\/types\/post"}],"author":[{"embeddable":true,"href":"https:\/\/oronsko.org\/index.php?rest_route=\/wp\/v2\/users\/2"}],"replies":[{"embeddable":true,"href":"https:\/\/oronsko.org\/index.php?rest_route=%2Fwp%2Fv2%2Fcomments&post=906"}],"version-history":[{"count":2,"href":"https:\/\/oronsko.org\/index.php?rest_route=\/wp\/v2\/posts\/906\/revisions"}],"predecessor-version":[{"id":909,"href":"https:\/\/oronsko.org\/index.php?rest_route=\/wp\/v2\/posts\/906\/revisions\/909"}],"wp:featuredmedia":[{"embeddable":true,"href":"https:\/\/oronsko.org\/index.php?rest_route=\/wp\/v2\/media\/907"}],"wp:attachment":[{"href":"https:\/\/oronsko.org\/index.php?rest_route=%2Fwp%2Fv2%2Fmedia&parent=906"}],"wp:term":[{"taxonomy":"category","embeddable":true,"href":"https:\/\/oronsko.org\/index.php?rest_route=%2Fwp%2Fv2%2Fcategories&post=906"},{"taxonomy":"post_tag","embeddable":true,"href":"https:\/\/oronsko.org\/index.php?rest_route=%2Fwp%2Fv2%2Ftags&post=906"}],"curies":[{"name":"wp","href":"https:\/\/api.w.org\/{rel}","templated":true}]}}