{"id":895,"date":"2018-05-16T20:19:59","date_gmt":"2018-05-16T18:19:59","guid":{"rendered":"http:\/\/oronsko.org\/?p=895"},"modified":"2018-05-16T20:21:41","modified_gmt":"2018-05-16T18:21:41","slug":"suchedniowski-rajd-rowerowy","status":"publish","type":"post","link":"https:\/\/oronsko.org\/?p=895","title":{"rendered":"Suchedniowski Rajd Rowerowy"},"content":{"rendered":"<p style=\"font-weight: 400; text-align: justify;\">Suchedniowski Rajd Rowerowy to cykliczna impreza z d\u0142ugoletni\u0105 tradycj\u0105. Od 13 lat cz\u0142onkowie Suchedniowskiego Stowarzyszenia Cyklist\u00f3w organizuj\u0105 wydarzenie skupiaj\u0105ce szerokie grono amator\u00f3w jazdy na rowerze. Ca\u0142o\u015b\u0107 ma charakter integracyjny, nie jest to wy\u015bcig na czas. <!--more-->W tym roku uczestnicy b\u0119d\u0105 mieli do wyboru kilka r\u00f3\u017cnych tras zaczynaj\u0105c od 15 km\u00a0 ko\u0144cz\u0105c na 100 km.\u00a0 Ka\u017cdy znajdzie co\u015b dla siebie poniewa\u017c trasy s\u0105 r\u00f3\u017cnorodne, przeznaczone zar\u00f3wno dla rower\u00f3w szosowych oraz g\u00f3rskich, a tak\u017ce odpowiednie dla rodzin z dzie\u0107mi.\u00a0<\/p>\n<p style=\"font-weight: 400; text-align: justify;\">\u00a0Zapisy odbywaj\u0105 si\u0119 w dniu rajdu tj. 03.06.2018 (niedziela)\u00a0 w godzinach od 8:30 do 9:45 na terenie O\u015brodka Sportu i Rekreacji w Suchedniowie ( ul.Ogrodowa ), a tak\u017ce za pomoc\u0105 formularza elektronicznego dost\u0119pnego pod linkiem:\u00a0\u00a0<span style=\"color: #00ffff;\"><a style=\"color: #00ffff;\" href=\"https:\/\/goo.gl\/forms\/CE6itUxnj3Zz17py1\" data-saferedirecturl=\"https:\/\/www.google.com\/url?hl=pl&amp;q=https:\/\/goo.gl\/forms\/CE6itUxnj3Zz17py1&amp;source=gmail&amp;ust=1526580852704000&amp;usg=AFQjCNEIgH_-Dg8v9z_uMvBbZ2KW7cXLQw\">https:\/\/goo.gl\/forms\/CE6itUxnj3Zz17py1<\/a><\/span>. Dla wszystkich wcze\u015bniej zg\u0142oszonych przygotowane b\u0119d\u0105 imienne koperty z pakietem na zadeklarowany dystans, co przyspieszy proces rejestracji w dniu rajdu.\u00a0<\/p>\n<p style=\"font-weight: 400; text-align: justify;\">Op\u0142ata za udzia\u0142 wynosi odpowiednio : 10 z\u0142 &#8211; osoby powy\u017cej 18 lat, oraz 5 z\u0142 do 18 lat. Ka\u017cdy z uczestnik\u00f3w w pakiecie dostaje ubezpieczenie, kart\u0119 startow\u0105 z mapk\u0105 zadeklarowanej trasy, pocz\u0119stunek, oraz bierze udzia\u0142 w losowaniu drobnych upomink\u00f3w. Wyjazd na poszczeg\u00f3lne trasy jest wsp\u00f3lny, nast\u0105pi o godzinie 10:00 po ma\u0142ej odprawie i wsp\u00f3lnym grupowym zdj\u0119ciu.<\/p>\n<p style=\"font-weight: 400; text-align: justify;\">Pytania odno\u015bnie rajdu prosimy kierowa\u0107 na fanpage SSC:<span style=\"color: #00ffff;\">\u00a0<a style=\"color: #00ffff;\" href=\"http:\/\/www.facebook.com\/sscsuchedniow\/\" data-saferedirecturl=\"https:\/\/www.google.com\/url?hl=pl&amp;q=http:\/\/www.facebook.com\/sscsuchedniow\/&amp;source=gmail&amp;ust=1526580852704000&amp;usg=AFQjCNFUaffWQjBNujMIJF8IqAIJHFvSwg\">www.facebook.com\/sscsuchedniow\/<\/a>\u00a0<\/span><\/p>\n<p style=\"font-weight: 400; text-align: justify;\">Impreza odb\u0119dzie si\u0119 bez wzgl\u0119du na pogod\u0119.<\/p>\n<div>Opis tras:<\/div>\n<div dir=\"ltr\">\n<p style=\"text-align: justify;\">100 km \u2013 szosa: Suchedni\u00f3w OSiR, Ostoj\u00f3w, \u0141\u0105czna, Czerwona G\u00f3rka, Bodzentyn, Tarczek, Bost\u00f3w, Rudki, W\u0142ochy, Stara S\u0142upia, Janowice, Je\u017c\u00f3w, Wieloborowice, Brzezie, Jadowniki, Rzepinek, Radkowice, Bronkowice, Siekierno, Wzd\u00f3\u0142, Michni\u00f3w, Suchedni\u00f3w \u2013 OSiR<\/p>\n<div class=\"m_-9223257130881549651gmail-text_exposed_show\">\n<p style=\"text-align: justify;\">80 km \u2013 szosa: Suchedni\u00f3w OSiR, Ostoj\u00f3w, \u0141\u0105czna, Czerwona G\u00f3rka, Bodzentyn, Tarczek, Bost\u00f3w, Rudki, W\u0142ochy, Wieloborowice, Brzezie, Jadowniki, Rzepinek, Radkowice, Bronkowice, Siekierno, Wzd\u00f3\u0142, Michni\u00f3w, Suchedni\u00f3w \u2013 OSiR<\/p>\n<p style=\"text-align: justify;\">60 km \u2013 szosa: Suchedni\u00f3w OSiR, Ostoj\u00f3w, \u0141\u0105czna, Czerwona G\u00f3rka, Bodzentyn, Tarczek, Jadowniki, Rzepinek, Radkowice, Bronkowice, Siekierno, Wzd\u00f3\u0142, Michni\u00f3w, Suchedni\u00f3w \u2013 OSiR<\/p>\n<p style=\"text-align: justify;\">40 km &#8211; szosa: Suchedni\u00f3w OSiR, Ostoj\u00f3w, \u0141\u0105czna, Czerwona G\u00f3rka, Bodzentyn, Podkonarze, Siekierno, Wzd\u00f3\u0142, Michni\u00f3w, Suchedni\u00f3w \u2013 OSiR<\/p>\n<p style=\"text-align: justify;\">25 km \u2013 drogi le\u015bne utwardzone (po\u017carowe), szosa: Suchedni\u00f3w OSiR, Wierzbka (ul. Le\u015bna), Opal, drog\u0105 po\u017carow\u0105, Siekierno, Wzd\u00f3\u0142, Michni\u00f3w, Suchedni\u00f3w &#8211; OSiR<\/p>\n<p style=\"text-align: justify;\">40 km \u2013 teren &#8211; trasa MTB &#8211; rowery g\u00f3rskie: Suchedni\u00f3w OSiR, Berez\u00f3w, Krzy\u017cka, Pod\u0142azie, G\u00f3ra Jamno, Zajamnie, zielonym szlakiem przez G\u00f3r\u0119 Bukow\u0105, Psary Stara Wie\u015b, drog\u0105 poln\u0105 &#8211; Le\u015bna, Skorucin, Orzech\u00f3wka, drog\u0105 le\u015bn\u0105, niebieski szlak, Kamie\u0144 Michniowski, Opal, Suchedni\u00f3w &#8211; OSiR<\/p>\n<p style=\"text-align: justify;\">25 km &#8211; teren &#8211; trasa MTB &#8211; rowery g\u00f3rskie: Suchedni\u00f3w OSiR, Berez\u00f3w, Krzy\u017cka, Pod\u0142azie, Orzech\u00f3wka, drog\u0105 le\u015bn\u0105 niebieski szlak, Kamie\u0144 Michniowski, Opal, Suchedni\u00f3w &#8211; OSiR<\/p>\n<p style=\"text-align: justify;\">15 km &#8211; szosa &#8211; szutry &#8211; trasa rodzinna (dzieci z opiekunami): Suchedni\u00f3w OSiR, Wierzbka (ul. Le\u015bna), Opal, droga po\u017carowa, Michni\u00f3w, Suchedni\u00f3w OSiR<\/p>\n<p><a href=\"http:\/\/oronsko.org\/wp-content\/uploads\/2018\/05\/plakat-XIV-rajd-ssc-1600.jpg\" data-rel=\"lightbox-image-0\" data-rl_title=\"\" data-rl_caption=\"\" title=\"\"><img loading=\"lazy\" decoding=\"async\" class=\" wp-image-896 aligncenter\" src=\"http:\/\/oronsko.org\/wp-content\/uploads\/2018\/05\/plakat-XIV-rajd-ssc-1600-724x1024.jpg\" alt=\"\" width=\"631\" height=\"892\" srcset=\"https:\/\/oronsko.org\/wp-content\/uploads\/2018\/05\/plakat-XIV-rajd-ssc-1600-724x1024.jpg 724w, https:\/\/oronsko.org\/wp-content\/uploads\/2018\/05\/plakat-XIV-rajd-ssc-1600-212x300.jpg 212w, https:\/\/oronsko.org\/wp-content\/uploads\/2018\/05\/plakat-XIV-rajd-ssc-1600-768x1086.jpg 768w, https:\/\/oronsko.org\/wp-content\/uploads\/2018\/05\/plakat-XIV-rajd-ssc-1600.jpg 1131w\" sizes=\"auto, (max-width: 631px) 100vw, 631px\" \/><\/a><\/p>\n<\/div>\n<div class=\"yj6qo\">\u00a0<\/div>\n<\/div>\n","protected":false},"excerpt":{"rendered":"<p>Suchedniowski Rajd Rowerowy to cykliczna impreza z d\u0142ugoletni\u0105 tradycj\u0105. Od 13 lat cz\u0142onkowie Suchedniowskiego Stowarzyszenia Cyklist\u00f3w organizuj\u0105 wydarzenie skupiaj\u0105ce szerokie grono amator\u00f3w jazdy na rowerze. Ca\u0142o\u015b\u0107 ma charakter integracyjny, nie jest to wy\u015bcig na czas.<\/p>\n","protected":false},"author":2,"featured_media":896,"comment_status":"open","ping_status":"open","sticky":false,"template":"","format":"standard","meta":{"footnotes":""},"categories":[1],"tags":[],"class_list":["post-895","post","type-post","status-publish","format-standard","has-post-thumbnail","hentry","category-bez-kategorii"],"yoast_head":"<!-- This site is optimized with the Yoast SEO plugin v26.8 - https:\/\/yoast.com\/product\/yoast-seo-wordpress\/ -->\n<title>Suchedniowski Rajd Rowerowy - Stowarzyszenie Odnowy i Rozwoju Gminy Oro\u0144sko<\/title>\n<meta name=\"robots\" content=\"index, follow, max-snippet:-1, max-image-preview:large, max-video-preview:-1\" \/>\n<link rel=\"canonical\" href=\"https:\/\/oronsko.org\/?p=895\" \/>\n<meta property=\"og:locale\" content=\"pl_PL\" \/>\n<meta property=\"og:type\" content=\"article\" \/>\n<meta property=\"og:title\" content=\"Suchedniowski Rajd Rowerowy - Stowarzyszenie Odnowy i Rozwoju Gminy Oro\u0144sko\" \/>\n<meta property=\"og:description\" content=\"Suchedniowski Rajd Rowerowy to cykliczna impreza z d\u0142ugoletni\u0105 tradycj\u0105. Od 13 lat cz\u0142onkowie Suchedniowskiego Stowarzyszenia Cyklist\u00f3w organizuj\u0105 wydarzenie skupiaj\u0105ce szerokie grono amator\u00f3w jazdy na rowerze. Ca\u0142o\u015b\u0107 ma charakter integracyjny, nie jest to wy\u015bcig na czas.\" \/>\n<meta property=\"og:url\" content=\"https:\/\/oronsko.org\/?p=895\" \/>\n<meta property=\"og:site_name\" content=\"Stowarzyszenie Odnowy i Rozwoju Gminy Oro\u0144sko\" \/>\n<meta property=\"article:published_time\" content=\"2018-05-16T18:19:59+00:00\" \/>\n<meta property=\"article:modified_time\" content=\"2018-05-16T18:21:41+00:00\" \/>\n<meta property=\"og:image\" content=\"https:\/\/oronsko.org\/wp-content\/uploads\/2018\/05\/plakat-XIV-rajd-ssc-1600.jpg\" \/>\n\t<meta property=\"og:image:width\" content=\"1131\" \/>\n\t<meta property=\"og:image:height\" content=\"1600\" \/>\n\t<meta property=\"og:image:type\" content=\"image\/jpeg\" \/>\n<meta name=\"author\" content=\"oronsko\" \/>\n<meta name=\"twitter:card\" content=\"summary_large_image\" \/>\n<meta name=\"twitter:label1\" content=\"Napisane przez\" \/>\n\t<meta name=\"twitter:data1\" content=\"oronsko\" \/>\n\t<meta name=\"twitter:label2\" content=\"Szacowany czas czytania\" \/>\n\t<meta name=\"twitter:data2\" content=\"2 minuty\" \/>\n<script type=\"application\/ld+json\" class=\"yoast-schema-graph\">{\"@context\":\"https:\/\/schema.org\",\"@graph\":[{\"@type\":\"Article\",\"@id\":\"https:\/\/oronsko.org\/?p=895#article\",\"isPartOf\":{\"@id\":\"https:\/\/oronsko.org\/?p=895\"},\"author\":{\"name\":\"oronsko\",\"@id\":\"https:\/\/oronsko.org\/#\/schema\/person\/d008aee7ef8cdc6d72c6dddfa0f6fa6a\"},\"headline\":\"Suchedniowski Rajd Rowerowy\",\"datePublished\":\"2018-05-16T18:19:59+00:00\",\"dateModified\":\"2018-05-16T18:21:41+00:00\",\"mainEntityOfPage\":{\"@id\":\"https:\/\/oronsko.org\/?p=895\"},\"wordCount\":499,\"commentCount\":0,\"image\":{\"@id\":\"https:\/\/oronsko.org\/?p=895#primaryimage\"},\"thumbnailUrl\":\"https:\/\/oronsko.org\/wp-content\/uploads\/2018\/05\/plakat-XIV-rajd-ssc-1600.jpg\",\"inLanguage\":\"pl-PL\",\"potentialAction\":[{\"@type\":\"CommentAction\",\"name\":\"Comment\",\"target\":[\"https:\/\/oronsko.org\/?p=895#respond\"]}]},{\"@type\":\"WebPage\",\"@id\":\"https:\/\/oronsko.org\/?p=895\",\"url\":\"https:\/\/oronsko.org\/?p=895\",\"name\":\"Suchedniowski Rajd Rowerowy - Stowarzyszenie Odnowy i Rozwoju Gminy Oro\u0144sko\",\"isPartOf\":{\"@id\":\"https:\/\/oronsko.org\/#website\"},\"primaryImageOfPage\":{\"@id\":\"https:\/\/oronsko.org\/?p=895#primaryimage\"},\"image\":{\"@id\":\"https:\/\/oronsko.org\/?p=895#primaryimage\"},\"thumbnailUrl\":\"https:\/\/oronsko.org\/wp-content\/uploads\/2018\/05\/plakat-XIV-rajd-ssc-1600.jpg\",\"datePublished\":\"2018-05-16T18:19:59+00:00\",\"dateModified\":\"2018-05-16T18:21:41+00:00\",\"author\":{\"@id\":\"https:\/\/oronsko.org\/#\/schema\/person\/d008aee7ef8cdc6d72c6dddfa0f6fa6a\"},\"breadcrumb\":{\"@id\":\"https:\/\/oronsko.org\/?p=895#breadcrumb\"},\"inLanguage\":\"pl-PL\",\"potentialAction\":[{\"@type\":\"ReadAction\",\"target\":[\"https:\/\/oronsko.org\/?p=895\"]}]},{\"@type\":\"ImageObject\",\"inLanguage\":\"pl-PL\",\"@id\":\"https:\/\/oronsko.org\/?p=895#primaryimage\",\"url\":\"https:\/\/oronsko.org\/wp-content\/uploads\/2018\/05\/plakat-XIV-rajd-ssc-1600.jpg\",\"contentUrl\":\"https:\/\/oronsko.org\/wp-content\/uploads\/2018\/05\/plakat-XIV-rajd-ssc-1600.jpg\",\"width\":1131,\"height\":1600},{\"@type\":\"BreadcrumbList\",\"@id\":\"https:\/\/oronsko.org\/?p=895#breadcrumb\",\"itemListElement\":[{\"@type\":\"ListItem\",\"position\":1,\"name\":\"Strona g\u0142\u00f3wna\",\"item\":\"https:\/\/oronsko.org\/\"},{\"@type\":\"ListItem\",\"position\":2,\"name\":\"Suchedniowski Rajd Rowerowy\"}]},{\"@type\":\"WebSite\",\"@id\":\"https:\/\/oronsko.org\/#website\",\"url\":\"https:\/\/oronsko.org\/\",\"name\":\"Stowarzyszenie Odnowy i Rozwoju Gminy Oro\u0144sko\",\"description\":\"\",\"potentialAction\":[{\"@type\":\"SearchAction\",\"target\":{\"@type\":\"EntryPoint\",\"urlTemplate\":\"https:\/\/oronsko.org\/?s={search_term_string}\"},\"query-input\":{\"@type\":\"PropertyValueSpecification\",\"valueRequired\":true,\"valueName\":\"search_term_string\"}}],\"inLanguage\":\"pl-PL\"},{\"@type\":\"Person\",\"@id\":\"https:\/\/oronsko.org\/#\/schema\/person\/d008aee7ef8cdc6d72c6dddfa0f6fa6a\",\"name\":\"oronsko\",\"image\":{\"@type\":\"ImageObject\",\"inLanguage\":\"pl-PL\",\"@id\":\"https:\/\/oronsko.org\/#\/schema\/person\/image\/\",\"url\":\"https:\/\/secure.gravatar.com\/avatar\/04d4d850872fa512217e3bbde438f64183869a8f4529665ce1917407f81c2c69?s=96&d=mm&r=g\",\"contentUrl\":\"https:\/\/secure.gravatar.com\/avatar\/04d4d850872fa512217e3bbde438f64183869a8f4529665ce1917407f81c2c69?s=96&d=mm&r=g\",\"caption\":\"oronsko\"},\"url\":\"https:\/\/oronsko.org\/?author=2\"}]}<\/script>\n<!-- \/ Yoast SEO plugin. -->","yoast_head_json":{"title":"Suchedniowski Rajd Rowerowy - Stowarzyszenie Odnowy i Rozwoju Gminy Oro\u0144sko","robots":{"index":"index","follow":"follow","max-snippet":"max-snippet:-1","max-image-preview":"max-image-preview:large","max-video-preview":"max-video-preview:-1"},"canonical":"https:\/\/oronsko.org\/?p=895","og_locale":"pl_PL","og_type":"article","og_title":"Suchedniowski Rajd Rowerowy - Stowarzyszenie Odnowy i Rozwoju Gminy Oro\u0144sko","og_description":"Suchedniowski Rajd Rowerowy to cykliczna impreza z d\u0142ugoletni\u0105 tradycj\u0105. Od 13 lat cz\u0142onkowie Suchedniowskiego Stowarzyszenia Cyklist\u00f3w organizuj\u0105 wydarzenie skupiaj\u0105ce szerokie grono amator\u00f3w jazdy na rowerze. Ca\u0142o\u015b\u0107 ma charakter integracyjny, nie jest to wy\u015bcig na czas.","og_url":"https:\/\/oronsko.org\/?p=895","og_site_name":"Stowarzyszenie Odnowy i Rozwoju Gminy Oro\u0144sko","article_published_time":"2018-05-16T18:19:59+00:00","article_modified_time":"2018-05-16T18:21:41+00:00","og_image":[{"width":1131,"height":1600,"url":"https:\/\/oronsko.org\/wp-content\/uploads\/2018\/05\/plakat-XIV-rajd-ssc-1600.jpg","type":"image\/jpeg"}],"author":"oronsko","twitter_card":"summary_large_image","twitter_misc":{"Napisane przez":"oronsko","Szacowany czas czytania":"2 minuty"},"schema":{"@context":"https:\/\/schema.org","@graph":[{"@type":"Article","@id":"https:\/\/oronsko.org\/?p=895#article","isPartOf":{"@id":"https:\/\/oronsko.org\/?p=895"},"author":{"name":"oronsko","@id":"https:\/\/oronsko.org\/#\/schema\/person\/d008aee7ef8cdc6d72c6dddfa0f6fa6a"},"headline":"Suchedniowski Rajd Rowerowy","datePublished":"2018-05-16T18:19:59+00:00","dateModified":"2018-05-16T18:21:41+00:00","mainEntityOfPage":{"@id":"https:\/\/oronsko.org\/?p=895"},"wordCount":499,"commentCount":0,"image":{"@id":"https:\/\/oronsko.org\/?p=895#primaryimage"},"thumbnailUrl":"https:\/\/oronsko.org\/wp-content\/uploads\/2018\/05\/plakat-XIV-rajd-ssc-1600.jpg","inLanguage":"pl-PL","potentialAction":[{"@type":"CommentAction","name":"Comment","target":["https:\/\/oronsko.org\/?p=895#respond"]}]},{"@type":"WebPage","@id":"https:\/\/oronsko.org\/?p=895","url":"https:\/\/oronsko.org\/?p=895","name":"Suchedniowski Rajd Rowerowy - Stowarzyszenie Odnowy i Rozwoju Gminy Oro\u0144sko","isPartOf":{"@id":"https:\/\/oronsko.org\/#website"},"primaryImageOfPage":{"@id":"https:\/\/oronsko.org\/?p=895#primaryimage"},"image":{"@id":"https:\/\/oronsko.org\/?p=895#primaryimage"},"thumbnailUrl":"https:\/\/oronsko.org\/wp-content\/uploads\/2018\/05\/plakat-XIV-rajd-ssc-1600.jpg","datePublished":"2018-05-16T18:19:59+00:00","dateModified":"2018-05-16T18:21:41+00:00","author":{"@id":"https:\/\/oronsko.org\/#\/schema\/person\/d008aee7ef8cdc6d72c6dddfa0f6fa6a"},"breadcrumb":{"@id":"https:\/\/oronsko.org\/?p=895#breadcrumb"},"inLanguage":"pl-PL","potentialAction":[{"@type":"ReadAction","target":["https:\/\/oronsko.org\/?p=895"]}]},{"@type":"ImageObject","inLanguage":"pl-PL","@id":"https:\/\/oronsko.org\/?p=895#primaryimage","url":"https:\/\/oronsko.org\/wp-content\/uploads\/2018\/05\/plakat-XIV-rajd-ssc-1600.jpg","contentUrl":"https:\/\/oronsko.org\/wp-content\/uploads\/2018\/05\/plakat-XIV-rajd-ssc-1600.jpg","width":1131,"height":1600},{"@type":"BreadcrumbList","@id":"https:\/\/oronsko.org\/?p=895#breadcrumb","itemListElement":[{"@type":"ListItem","position":1,"name":"Strona g\u0142\u00f3wna","item":"https:\/\/oronsko.org\/"},{"@type":"ListItem","position":2,"name":"Suchedniowski Rajd Rowerowy"}]},{"@type":"WebSite","@id":"https:\/\/oronsko.org\/#website","url":"https:\/\/oronsko.org\/","name":"Stowarzyszenie Odnowy i Rozwoju Gminy Oro\u0144sko","description":"","potentialAction":[{"@type":"SearchAction","target":{"@type":"EntryPoint","urlTemplate":"https:\/\/oronsko.org\/?s={search_term_string}"},"query-input":{"@type":"PropertyValueSpecification","valueRequired":true,"valueName":"search_term_string"}}],"inLanguage":"pl-PL"},{"@type":"Person","@id":"https:\/\/oronsko.org\/#\/schema\/person\/d008aee7ef8cdc6d72c6dddfa0f6fa6a","name":"oronsko","image":{"@type":"ImageObject","inLanguage":"pl-PL","@id":"https:\/\/oronsko.org\/#\/schema\/person\/image\/","url":"https:\/\/secure.gravatar.com\/avatar\/04d4d850872fa512217e3bbde438f64183869a8f4529665ce1917407f81c2c69?s=96&d=mm&r=g","contentUrl":"https:\/\/secure.gravatar.com\/avatar\/04d4d850872fa512217e3bbde438f64183869a8f4529665ce1917407f81c2c69?s=96&d=mm&r=g","caption":"oronsko"},"url":"https:\/\/oronsko.org\/?author=2"}]}},"_links":{"self":[{"href":"https:\/\/oronsko.org\/index.php?rest_route=\/wp\/v2\/posts\/895","targetHints":{"allow":["GET"]}}],"collection":[{"href":"https:\/\/oronsko.org\/index.php?rest_route=\/wp\/v2\/posts"}],"about":[{"href":"https:\/\/oronsko.org\/index.php?rest_route=\/wp\/v2\/types\/post"}],"author":[{"embeddable":true,"href":"https:\/\/oronsko.org\/index.php?rest_route=\/wp\/v2\/users\/2"}],"replies":[{"embeddable":true,"href":"https:\/\/oronsko.org\/index.php?rest_route=%2Fwp%2Fv2%2Fcomments&post=895"}],"version-history":[{"count":1,"href":"https:\/\/oronsko.org\/index.php?rest_route=\/wp\/v2\/posts\/895\/revisions"}],"predecessor-version":[{"id":897,"href":"https:\/\/oronsko.org\/index.php?rest_route=\/wp\/v2\/posts\/895\/revisions\/897"}],"wp:featuredmedia":[{"embeddable":true,"href":"https:\/\/oronsko.org\/index.php?rest_route=\/wp\/v2\/media\/896"}],"wp:attachment":[{"href":"https:\/\/oronsko.org\/index.php?rest_route=%2Fwp%2Fv2%2Fmedia&parent=895"}],"wp:term":[{"taxonomy":"category","embeddable":true,"href":"https:\/\/oronsko.org\/index.php?rest_route=%2Fwp%2Fv2%2Fcategories&post=895"},{"taxonomy":"post_tag","embeddable":true,"href":"https:\/\/oronsko.org\/index.php?rest_route=%2Fwp%2Fv2%2Ftags&post=895"}],"curies":[{"name":"wp","href":"https:\/\/api.w.org\/{rel}","templated":true}]}}