{"id":876,"date":"2018-04-24T02:20:30","date_gmt":"2018-04-24T00:20:30","guid":{"rendered":"http:\/\/oronsko.org\/?p=876"},"modified":"2018-04-24T02:20:30","modified_gmt":"2018-04-24T00:20:30","slug":"plan-filmowy-w-oronsku","status":"publish","type":"post","link":"https:\/\/oronsko.org\/?p=876","title":{"rendered":"Plan filmowy w Oro\u0144sku"},"content":{"rendered":"<p style=\"text-align: justify;\">W dniu dzisiejszym (23 kwietnia 2018 roku) w Oro\u0144sku nagrywane by\u0142y sceny do filmu pt.: \u201eKlecha\u201d, w re\u017cyserii Jacka Gwizda\u0142y. Film opowiada o losach kap\u0142ana \u2013 Romana Kotlarza, kt\u00f3ry sw\u0105 niez\u0142omn\u0105 postaw\u0105 w czasach komunizmu sta\u0142 si\u0119 symbolem walki o prawa i\u00a0godno\u015b\u0107 ludzi. <!--more-->W czasie wydarze\u0144 <a href=\"https:\/\/pl.wikipedia.org\/wiki\/Wydarzenia_radomskie\">radomskiego czerwca<\/a> (w dniu 25 czerwca 1976) ksi\u0105dz Kotlarz znalaz\u0142 si\u0119 w\u015br\u00f3d strajkuj\u0105cych robotnik\u00f3w z <a href=\"https:\/\/pl.wikipedia.org\/wiki\/Fabryka_Broni_%C5%81ucznik\">Zak\u0142ad\u00f3w Metalowych \u201e\u0141ucznik\u201d<\/a> w\u00a0Radomiu, b\u0142ogos\u0142awi\u0105c im podczas manifestacji ze schod\u00f3w ko\u015bcio\u0142a \u015aw. Tr\u00f3jcy. Jako wr\u00f3g w\u0142adzy komunistycznej zosta\u0142 wielokrotnie brutalnie pobity przez funkcjonariuszy SB. Zmar\u0142 18 sierpnia 1976 w <a href=\"https:\/\/pl.wikipedia.org\/wiki\/Radom\">Radomiu<\/a> w\u00a0niewyja\u015bnionych okoliczno\u015bciach. Ksi\u0105dz Kotlarz od 26 sierpnia 1961 roku by\u0142 <a href=\"https:\/\/pl.wikipedia.org\/wiki\/Proboszcz\">proboszczem<\/a> <a href=\"https:\/\/pl.wikipedia.org\/w\/index.php?title=Parafia_Matki_Boskiej_Cz%C4%99stochowskiej_w_Trablicach&amp;action=edit&amp;redlink=1\">parafii pw. MB Cz\u0119stochowskiej w Pelagowie<\/a> (obecnie Trablic), a wcze\u015bniej <a href=\"https:\/\/pl.wikipedia.org\/wiki\/Wikariusz\">wikariuszem<\/a> w parafiach: <a href=\"https:\/\/pl.wikipedia.org\/wiki\/Szyd%C5%82owiec\">Szyd\u0142owiec<\/a>, <a href=\"https:\/\/pl.wikipedia.org\/wiki\/%C5%BBarn%C3%B3w_(powiat_opoczy%C5%84ski)\">\u017barn\u00f3w<\/a>, <a href=\"https:\/\/pl.wikipedia.org\/wiki\/Koprzywnica\">Koprzywnica<\/a>, <a href=\"https:\/\/pl.wikipedia.org\/wiki\/Mirzec\">Mirzec<\/a>, <a href=\"https:\/\/pl.wikipedia.org\/wiki\/Kun%C3%B3w\">Kun\u00f3w<\/a> i <a href=\"https:\/\/pl.wikipedia.org\/wiki\/Nowa_S%C5%82upia\">Nowa S\u0142upia<\/a>. St\u0105d te\u017c takie miejscowo\u015bci jak Szyd\u0142owiec\u00a0 i jego okolice w\u00a0tym Oro\u0144sko znalaz\u0142y si\u0119 na planie filmowym. Premiera \u201eKlechy\u201d zaplanowana zosta\u0142a na 17\u00a0pa\u017adziernika bie\u017c\u0105cego roku.<\/p>\n<p><span style=\"color: #00ffff;\"><strong><span style=\"font-size: 18pt;\"><a style=\"color: #00ffff;\" href=\"http:\/\/oronsko.org\/?page_id=17&amp;album=3&amp;gallery=69\">GALERIA<\/a><\/span><\/strong><\/span><\/p>\n<p><a href=\"http:\/\/oronsko.org\/wp-content\/uploads\/2018\/04\/DSC_0180.jpg\" data-rel=\"lightbox-image-0\" data-rl_title=\"\" data-rl_caption=\"\" title=\"\"><img loading=\"lazy\" decoding=\"async\" class=\"wp-image-877 aligncenter\" src=\"http:\/\/oronsko.org\/wp-content\/uploads\/2018\/04\/DSC_0180-1024x680.jpg\" alt=\"\" width=\"640\" height=\"425\" srcset=\"https:\/\/oronsko.org\/wp-content\/uploads\/2018\/04\/DSC_0180-1024x680.jpg 1024w, https:\/\/oronsko.org\/wp-content\/uploads\/2018\/04\/DSC_0180-300x199.jpg 300w, https:\/\/oronsko.org\/wp-content\/uploads\/2018\/04\/DSC_0180-768x510.jpg 768w, https:\/\/oronsko.org\/wp-content\/uploads\/2018\/04\/DSC_0180-220x145.jpg 220w\" sizes=\"auto, (max-width: 640px) 100vw, 640px\" \/><\/a><\/p>\n","protected":false},"excerpt":{"rendered":"<p>W dniu dzisiejszym (23 kwietnia 2018 roku) w Oro\u0144sku nagrywane by\u0142y sceny do filmu pt.: \u201eKlecha\u201d, w re\u017cyserii Jacka Gwizda\u0142y. Film opowiada o losach kap\u0142ana \u2013 Romana Kotlarza, kt\u00f3ry sw\u0105 niez\u0142omn\u0105 postaw\u0105 w czasach komunizmu sta\u0142 si\u0119 symbolem walki o prawa i\u00a0godno\u015b\u0107 ludzi.<\/p>\n","protected":false},"author":2,"featured_media":877,"comment_status":"open","ping_status":"open","sticky":false,"template":"","format":"standard","meta":{"footnotes":""},"categories":[1],"tags":[],"class_list":["post-876","post","type-post","status-publish","format-standard","has-post-thumbnail","hentry","category-bez-kategorii"],"yoast_head":"<!-- This site is optimized with the Yoast SEO plugin v26.8 - https:\/\/yoast.com\/product\/yoast-seo-wordpress\/ -->\n<title>Plan filmowy w Oro\u0144sku - Stowarzyszenie Odnowy i Rozwoju Gminy Oro\u0144sko<\/title>\n<meta name=\"robots\" content=\"index, follow, max-snippet:-1, max-image-preview:large, max-video-preview:-1\" \/>\n<link rel=\"canonical\" href=\"https:\/\/oronsko.org\/?p=876\" \/>\n<meta property=\"og:locale\" content=\"pl_PL\" \/>\n<meta property=\"og:type\" content=\"article\" \/>\n<meta property=\"og:title\" content=\"Plan filmowy w Oro\u0144sku - Stowarzyszenie Odnowy i Rozwoju Gminy Oro\u0144sko\" \/>\n<meta property=\"og:description\" content=\"W dniu dzisiejszym (23 kwietnia 2018 roku) w Oro\u0144sku nagrywane by\u0142y sceny do filmu pt.: \u201eKlecha\u201d, w re\u017cyserii Jacka Gwizda\u0142y. Film opowiada o losach kap\u0142ana \u2013 Romana Kotlarza, kt\u00f3ry sw\u0105 niez\u0142omn\u0105 postaw\u0105 w czasach komunizmu sta\u0142 si\u0119 symbolem walki o prawa i\u00a0godno\u015b\u0107 ludzi.\" \/>\n<meta property=\"og:url\" content=\"https:\/\/oronsko.org\/?p=876\" \/>\n<meta property=\"og:site_name\" content=\"Stowarzyszenie Odnowy i Rozwoju Gminy Oro\u0144sko\" \/>\n<meta property=\"article:published_time\" content=\"2018-04-24T00:20:30+00:00\" \/>\n<meta property=\"og:image\" content=\"https:\/\/oronsko.org\/wp-content\/uploads\/2018\/04\/DSC_0180-1024x680.jpg\" \/>\n\t<meta property=\"og:image:width\" content=\"1024\" \/>\n\t<meta property=\"og:image:height\" content=\"680\" \/>\n\t<meta property=\"og:image:type\" content=\"image\/jpeg\" \/>\n<meta name=\"author\" content=\"oronsko\" \/>\n<meta name=\"twitter:card\" content=\"summary_large_image\" \/>\n<meta name=\"twitter:label1\" content=\"Napisane przez\" \/>\n\t<meta name=\"twitter:data1\" content=\"oronsko\" \/>\n\t<meta name=\"twitter:label2\" content=\"Szacowany czas czytania\" \/>\n\t<meta name=\"twitter:data2\" content=\"1 minuta\" \/>\n<script type=\"application\/ld+json\" class=\"yoast-schema-graph\">{\"@context\":\"https:\/\/schema.org\",\"@graph\":[{\"@type\":\"Article\",\"@id\":\"https:\/\/oronsko.org\/?p=876#article\",\"isPartOf\":{\"@id\":\"https:\/\/oronsko.org\/?p=876\"},\"author\":{\"name\":\"oronsko\",\"@id\":\"https:\/\/oronsko.org\/#\/schema\/person\/d008aee7ef8cdc6d72c6dddfa0f6fa6a\"},\"headline\":\"Plan filmowy w Oro\u0144sku\",\"datePublished\":\"2018-04-24T00:20:30+00:00\",\"mainEntityOfPage\":{\"@id\":\"https:\/\/oronsko.org\/?p=876\"},\"wordCount\":188,\"commentCount\":0,\"image\":{\"@id\":\"https:\/\/oronsko.org\/?p=876#primaryimage\"},\"thumbnailUrl\":\"https:\/\/oronsko.org\/wp-content\/uploads\/2018\/04\/DSC_0180.jpg\",\"inLanguage\":\"pl-PL\",\"potentialAction\":[{\"@type\":\"CommentAction\",\"name\":\"Comment\",\"target\":[\"https:\/\/oronsko.org\/?p=876#respond\"]}]},{\"@type\":\"WebPage\",\"@id\":\"https:\/\/oronsko.org\/?p=876\",\"url\":\"https:\/\/oronsko.org\/?p=876\",\"name\":\"Plan filmowy w Oro\u0144sku - Stowarzyszenie Odnowy i Rozwoju Gminy Oro\u0144sko\",\"isPartOf\":{\"@id\":\"https:\/\/oronsko.org\/#website\"},\"primaryImageOfPage\":{\"@id\":\"https:\/\/oronsko.org\/?p=876#primaryimage\"},\"image\":{\"@id\":\"https:\/\/oronsko.org\/?p=876#primaryimage\"},\"thumbnailUrl\":\"https:\/\/oronsko.org\/wp-content\/uploads\/2018\/04\/DSC_0180.jpg\",\"datePublished\":\"2018-04-24T00:20:30+00:00\",\"author\":{\"@id\":\"https:\/\/oronsko.org\/#\/schema\/person\/d008aee7ef8cdc6d72c6dddfa0f6fa6a\"},\"breadcrumb\":{\"@id\":\"https:\/\/oronsko.org\/?p=876#breadcrumb\"},\"inLanguage\":\"pl-PL\",\"potentialAction\":[{\"@type\":\"ReadAction\",\"target\":[\"https:\/\/oronsko.org\/?p=876\"]}]},{\"@type\":\"ImageObject\",\"inLanguage\":\"pl-PL\",\"@id\":\"https:\/\/oronsko.org\/?p=876#primaryimage\",\"url\":\"https:\/\/oronsko.org\/wp-content\/uploads\/2018\/04\/DSC_0180.jpg\",\"contentUrl\":\"https:\/\/oronsko.org\/wp-content\/uploads\/2018\/04\/DSC_0180.jpg\",\"width\":3216,\"height\":2136},{\"@type\":\"BreadcrumbList\",\"@id\":\"https:\/\/oronsko.org\/?p=876#breadcrumb\",\"itemListElement\":[{\"@type\":\"ListItem\",\"position\":1,\"name\":\"Strona g\u0142\u00f3wna\",\"item\":\"https:\/\/oronsko.org\/\"},{\"@type\":\"ListItem\",\"position\":2,\"name\":\"Plan filmowy w Oro\u0144sku\"}]},{\"@type\":\"WebSite\",\"@id\":\"https:\/\/oronsko.org\/#website\",\"url\":\"https:\/\/oronsko.org\/\",\"name\":\"Stowarzyszenie Odnowy i Rozwoju Gminy Oro\u0144sko\",\"description\":\"\",\"potentialAction\":[{\"@type\":\"SearchAction\",\"target\":{\"@type\":\"EntryPoint\",\"urlTemplate\":\"https:\/\/oronsko.org\/?s={search_term_string}\"},\"query-input\":{\"@type\":\"PropertyValueSpecification\",\"valueRequired\":true,\"valueName\":\"search_term_string\"}}],\"inLanguage\":\"pl-PL\"},{\"@type\":\"Person\",\"@id\":\"https:\/\/oronsko.org\/#\/schema\/person\/d008aee7ef8cdc6d72c6dddfa0f6fa6a\",\"name\":\"oronsko\",\"image\":{\"@type\":\"ImageObject\",\"inLanguage\":\"pl-PL\",\"@id\":\"https:\/\/oronsko.org\/#\/schema\/person\/image\/\",\"url\":\"https:\/\/secure.gravatar.com\/avatar\/04d4d850872fa512217e3bbde438f64183869a8f4529665ce1917407f81c2c69?s=96&d=mm&r=g\",\"contentUrl\":\"https:\/\/secure.gravatar.com\/avatar\/04d4d850872fa512217e3bbde438f64183869a8f4529665ce1917407f81c2c69?s=96&d=mm&r=g\",\"caption\":\"oronsko\"},\"url\":\"https:\/\/oronsko.org\/?author=2\"}]}<\/script>\n<!-- \/ Yoast SEO plugin. -->","yoast_head_json":{"title":"Plan filmowy w Oro\u0144sku - Stowarzyszenie Odnowy i Rozwoju Gminy Oro\u0144sko","robots":{"index":"index","follow":"follow","max-snippet":"max-snippet:-1","max-image-preview":"max-image-preview:large","max-video-preview":"max-video-preview:-1"},"canonical":"https:\/\/oronsko.org\/?p=876","og_locale":"pl_PL","og_type":"article","og_title":"Plan filmowy w Oro\u0144sku - Stowarzyszenie Odnowy i Rozwoju Gminy Oro\u0144sko","og_description":"W dniu dzisiejszym (23 kwietnia 2018 roku) w Oro\u0144sku nagrywane by\u0142y sceny do filmu pt.: \u201eKlecha\u201d, w re\u017cyserii Jacka Gwizda\u0142y. Film opowiada o losach kap\u0142ana \u2013 Romana Kotlarza, kt\u00f3ry sw\u0105 niez\u0142omn\u0105 postaw\u0105 w czasach komunizmu sta\u0142 si\u0119 symbolem walki o prawa i\u00a0godno\u015b\u0107 ludzi.","og_url":"https:\/\/oronsko.org\/?p=876","og_site_name":"Stowarzyszenie Odnowy i Rozwoju Gminy Oro\u0144sko","article_published_time":"2018-04-24T00:20:30+00:00","og_image":[{"width":1024,"height":680,"url":"https:\/\/oronsko.org\/wp-content\/uploads\/2018\/04\/DSC_0180-1024x680.jpg","type":"image\/jpeg"}],"author":"oronsko","twitter_card":"summary_large_image","twitter_misc":{"Napisane przez":"oronsko","Szacowany czas czytania":"1 minuta"},"schema":{"@context":"https:\/\/schema.org","@graph":[{"@type":"Article","@id":"https:\/\/oronsko.org\/?p=876#article","isPartOf":{"@id":"https:\/\/oronsko.org\/?p=876"},"author":{"name":"oronsko","@id":"https:\/\/oronsko.org\/#\/schema\/person\/d008aee7ef8cdc6d72c6dddfa0f6fa6a"},"headline":"Plan filmowy w Oro\u0144sku","datePublished":"2018-04-24T00:20:30+00:00","mainEntityOfPage":{"@id":"https:\/\/oronsko.org\/?p=876"},"wordCount":188,"commentCount":0,"image":{"@id":"https:\/\/oronsko.org\/?p=876#primaryimage"},"thumbnailUrl":"https:\/\/oronsko.org\/wp-content\/uploads\/2018\/04\/DSC_0180.jpg","inLanguage":"pl-PL","potentialAction":[{"@type":"CommentAction","name":"Comment","target":["https:\/\/oronsko.org\/?p=876#respond"]}]},{"@type":"WebPage","@id":"https:\/\/oronsko.org\/?p=876","url":"https:\/\/oronsko.org\/?p=876","name":"Plan filmowy w Oro\u0144sku - Stowarzyszenie Odnowy i Rozwoju Gminy Oro\u0144sko","isPartOf":{"@id":"https:\/\/oronsko.org\/#website"},"primaryImageOfPage":{"@id":"https:\/\/oronsko.org\/?p=876#primaryimage"},"image":{"@id":"https:\/\/oronsko.org\/?p=876#primaryimage"},"thumbnailUrl":"https:\/\/oronsko.org\/wp-content\/uploads\/2018\/04\/DSC_0180.jpg","datePublished":"2018-04-24T00:20:30+00:00","author":{"@id":"https:\/\/oronsko.org\/#\/schema\/person\/d008aee7ef8cdc6d72c6dddfa0f6fa6a"},"breadcrumb":{"@id":"https:\/\/oronsko.org\/?p=876#breadcrumb"},"inLanguage":"pl-PL","potentialAction":[{"@type":"ReadAction","target":["https:\/\/oronsko.org\/?p=876"]}]},{"@type":"ImageObject","inLanguage":"pl-PL","@id":"https:\/\/oronsko.org\/?p=876#primaryimage","url":"https:\/\/oronsko.org\/wp-content\/uploads\/2018\/04\/DSC_0180.jpg","contentUrl":"https:\/\/oronsko.org\/wp-content\/uploads\/2018\/04\/DSC_0180.jpg","width":3216,"height":2136},{"@type":"BreadcrumbList","@id":"https:\/\/oronsko.org\/?p=876#breadcrumb","itemListElement":[{"@type":"ListItem","position":1,"name":"Strona g\u0142\u00f3wna","item":"https:\/\/oronsko.org\/"},{"@type":"ListItem","position":2,"name":"Plan filmowy w Oro\u0144sku"}]},{"@type":"WebSite","@id":"https:\/\/oronsko.org\/#website","url":"https:\/\/oronsko.org\/","name":"Stowarzyszenie Odnowy i Rozwoju Gminy Oro\u0144sko","description":"","potentialAction":[{"@type":"SearchAction","target":{"@type":"EntryPoint","urlTemplate":"https:\/\/oronsko.org\/?s={search_term_string}"},"query-input":{"@type":"PropertyValueSpecification","valueRequired":true,"valueName":"search_term_string"}}],"inLanguage":"pl-PL"},{"@type":"Person","@id":"https:\/\/oronsko.org\/#\/schema\/person\/d008aee7ef8cdc6d72c6dddfa0f6fa6a","name":"oronsko","image":{"@type":"ImageObject","inLanguage":"pl-PL","@id":"https:\/\/oronsko.org\/#\/schema\/person\/image\/","url":"https:\/\/secure.gravatar.com\/avatar\/04d4d850872fa512217e3bbde438f64183869a8f4529665ce1917407f81c2c69?s=96&d=mm&r=g","contentUrl":"https:\/\/secure.gravatar.com\/avatar\/04d4d850872fa512217e3bbde438f64183869a8f4529665ce1917407f81c2c69?s=96&d=mm&r=g","caption":"oronsko"},"url":"https:\/\/oronsko.org\/?author=2"}]}},"_links":{"self":[{"href":"https:\/\/oronsko.org\/index.php?rest_route=\/wp\/v2\/posts\/876","targetHints":{"allow":["GET"]}}],"collection":[{"href":"https:\/\/oronsko.org\/index.php?rest_route=\/wp\/v2\/posts"}],"about":[{"href":"https:\/\/oronsko.org\/index.php?rest_route=\/wp\/v2\/types\/post"}],"author":[{"embeddable":true,"href":"https:\/\/oronsko.org\/index.php?rest_route=\/wp\/v2\/users\/2"}],"replies":[{"embeddable":true,"href":"https:\/\/oronsko.org\/index.php?rest_route=%2Fwp%2Fv2%2Fcomments&post=876"}],"version-history":[{"count":1,"href":"https:\/\/oronsko.org\/index.php?rest_route=\/wp\/v2\/posts\/876\/revisions"}],"predecessor-version":[{"id":878,"href":"https:\/\/oronsko.org\/index.php?rest_route=\/wp\/v2\/posts\/876\/revisions\/878"}],"wp:featuredmedia":[{"embeddable":true,"href":"https:\/\/oronsko.org\/index.php?rest_route=\/wp\/v2\/media\/877"}],"wp:attachment":[{"href":"https:\/\/oronsko.org\/index.php?rest_route=%2Fwp%2Fv2%2Fmedia&parent=876"}],"wp:term":[{"taxonomy":"category","embeddable":true,"href":"https:\/\/oronsko.org\/index.php?rest_route=%2Fwp%2Fv2%2Fcategories&post=876"},{"taxonomy":"post_tag","embeddable":true,"href":"https:\/\/oronsko.org\/index.php?rest_route=%2Fwp%2Fv2%2Ftags&post=876"}],"curies":[{"name":"wp","href":"https:\/\/api.w.org\/{rel}","templated":true}]}}