{"id":4147,"date":"2025-07-17T16:25:59","date_gmt":"2025-07-17T14:25:59","guid":{"rendered":"https:\/\/oronsko.org\/?p=4147"},"modified":"2025-07-17T16:25:59","modified_gmt":"2025-07-17T14:25:59","slug":"koncert-kameralny-w-oronsku","status":"publish","type":"post","link":"https:\/\/oronsko.org\/?p=4147","title":{"rendered":"Koncert kameralny w Oro\u0144sku"},"content":{"rendered":"<div id=\"contentsContainer\" class=\"style-scope qowt-page\">\n<div id=\"contents\" class=\"style-scope qowt-page\">\n<p id=\"E46\" class=\"x-scope qowt-word-para-1\" style=\"text-align: justify;\"><span id=\"E47\" class=\"qowt-font2-TimesNewRoman\">W niedziel\u0119 13 lipca 2025 roku w przestrzeni parkowej Centrum Rze\u017aby Polskiej w Oro\u0144sku mia\u0142o miejsce kolejne wydarzenie arty<\/span><span id=\"E48\" class=\"qowt-font2-TimesNewRoman\">styczne z cyklu letnich koncert\u00f3<\/span><span id=\"E49\" class=\"qowt-font2-TimesNewRoman\">w kameralnych. Tym razem publiczno\u015b\u0107 mog\u0142a podziwia\u0107 kunszt artystyczny duetu smyczkowego \u2013 <\/span><span id=\"E51\" class=\"qowt-font2-TimesNewRoman\">Polish<\/span><span id=\"E53\" class=\"qowt-font2-TimesNewRoman\"> <\/span><span id=\"E55\" class=\"qowt-font2-TimesNewRoman\">Violin<\/span><span id=\"E57\" class=\"qowt-font2-TimesNewRoman\"> Duo,<\/span><span id=\"E58\" class=\"qowt-font2-TimesNewRoman\"> w\u00a0<\/span><span id=\"E59\" class=\"qowt-font2-TimesNewRoman\">wyko<\/span><span id=\"E60\" class=\"qowt-font2-TimesNewRoman\">naniu kt\u00f3rego mo\u017cna by\u0142o us\u0142ysze<\/span><span id=\"E61\" class=\"qowt-font2-TimesNewRoman\">\u0107 m.in.: duet na tematy ludowe na dwoje skrzypiec \u2013 Gra\u017cyny Bacewicz, <\/span><span id=\"E62\" class=\"qowt-font2-TimesNewRoman\">Sonatin\u0119 na dwoje skrzypiec \u2013 Romualda Twardowskiego, <\/span><span id=\"E64\" class=\"qowt-font2-TimesNewRoman\">Fontazj\u0119<\/span><span id=\"E66\" class=\"qowt-font2-TimesNewRoman\"> Polsk\u0105 nas dwoje skrzypiec \u2013 <\/span><span id=\"E68\" class=\"qowt-font2-TimesNewRoman\">Roualda<\/span><span id=\"E70\" class=\"qowt-font2-TimesNewRoman\"> Twardowskiego, Sonat\u0119 na dwoje skrzypiec \u2013 <\/span><span id=\"E72\" class=\"qowt-font2-TimesNewRoman\">Miclosa<\/span><span id=\"E74\" class=\"qowt-font2-TimesNewRoman\"> <\/span><span id=\"E76\" class=\"qowt-font2-TimesNewRoman\">Rozsa<\/span><span id=\"E78\" class=\"qowt-font2-TimesNewRoman\">, <\/span><span id=\"E79\" class=\"qowt-font2-TimesNewRoman\">a tak\u017ce utwory Gabora Barta:<\/span><span id=\"E80\" class=\"qowt-font2-TimesNewRoman\"> <\/span><span id=\"E82\" class=\"qowt-font2-TimesNewRoman\">Lied<\/span><span id=\"E84\" class=\"qowt-font2-TimesNewRoman\"> <\/span><span id=\"E86\" class=\"qowt-font2-TimesNewRoman\">Ohne<\/span><span id=\"E88\" class=\"qowt-font2-TimesNewRoman\"> <\/span><span id=\"E90\" class=\"qowt-font2-TimesNewRoman\">Worte<\/span><span id=\"E92\" class=\"qowt-font2-TimesNewRoman\"> i <\/span><span id=\"E94\" class=\"qowt-font2-TimesNewRoman\">Prayer<\/span><span id=\"E96\" class=\"qowt-font2-TimesNewRoman\">, czy te\u017c Ma\u0142a Suita na dwoje skrzypiec &#8211; <\/span><span id=\"E98\" class=\"qowt-font2-TimesNewRoman\">Andrasa<\/span><span id=\"E100\" class=\"qowt-font2-TimesNewRoman\"> <\/span><span id=\"E102\" class=\"qowt-font2-TimesNewRoman\">Derecskei\u2019a<\/span><span id=\"E104\" class=\"qowt-font2-TimesNewRoman\">. Koncert poprowadzi\u0142 prof. Marek G\u0142owacki.<\/span><span id=\"E105\" class=\"qowt-font2-TimesNewRoman\"> <\/span><\/p>\n<p id=\"E106\" class=\"x-scope qowt-word-para-1\" style=\"text-align: justify;\"><span id=\"E107\" class=\"qowt-font2-TimesNewRoman\">Duet smyczkowy<\/span><span id=\"E108\" class=\"qowt-font2-TimesNewRoman\"> <\/span><span id=\"E110\" class=\"qowt-font2-TimesNewRoman\">Polish<\/span><span id=\"E112\" class=\"qowt-font2-TimesNewRoman\"> <\/span><span id=\"E114\" class=\"qowt-font2-TimesNewRoman\">Violin<\/span><span id=\"E116\" class=\"qowt-font2-TimesNewRoman\"> Duo<\/span><span id=\"E117\" class=\"qowt-font2-TimesNewRoman\"> <\/span><span id=\"E118\" class=\"qowt-font2-TimesNewRoman\">tworz\u0105 skrzypkowie Marta <\/span><span id=\"E120\" class=\"qowt-font2-TimesNewRoman\">Gidaszewska<\/span><span id=\"E122\" class=\"qowt-font2-TimesNewRoman\"> i Robert <\/span><span id=\"E124\" class=\"qowt-font2-TimesNewRoman\">\u0141aguniak<\/span><span id=\"E126\" class=\"qowt-font2-TimesNewRoman\">. z<\/span><span id=\"E127\" class=\"qowt-font2-TimesNewRoman\">esp\u00f3\u0142 powsta\u0142 w 2014 roku. Ich misj\u0105 jest wykonywanie i promowanie muzyki napisanej na dwoje skrzypiec oraz prezentowanie <\/span><span id=\"E128\" class=\"qowt-font2-TimesNewRoman\">publiczno\u015bci <\/span><span id=\"E129\" class=\"qowt-font2-TimesNewRoman\">kompozycji mniej znanych tw\u00f3rc\u00f3w. Na swoim koncie maj\u0105 blisko 200 nagr\u00f3d uzyskanych: w Japonii, USA, Estonii, Serbii, Danii, Niemczech, Grecji, Szwecji, Anglii, Francji, Szwajcarii, Austrii, Bo\u015bni i Hercegowinie, we W\u0142oszech, na W\u0119grzech oraz w Polsce. Zesp\u00f3\u0142, nazywany przez ekspert\u00f3w \u201eambasadorem polskiej muzyki\u201d, regularnie koncertuje w kraju i za granic\u0105. Wsp\u00f3lnie dokonywali prawykona\u0144 utwor\u00f3w polskich i zagranicznych kompozytor\u00f3w oraz nagrywali p\u0142yty z muzyk\u0105 polsk\u0105. Ich album zawieraj\u0105cy duety skrzypcowe polskich kompozytor\u00f3w XX wieku (Bacewicz, Paciorkiewicz, <\/span><span id=\"E131\" class=\"qowt-font2-TimesNewRoman\">Spisak<\/span><span id=\"E133\" class=\"qowt-font2-TimesNewRoman\">, Weinberg) zdoby\u0142 nominacj\u0119 do najbardziej presti\u017cowej nagrody w Polsce &#8211; Fryderyki &#8211; w kategorii \u201eAlbum Roku &#8211; Muzyka Kameralna &#8211; Duety\u201d. W 2025 roku ukaza\u0142 si\u0119 ich najnowszy album zatytu\u0142owany \u201e<\/span><span id=\"E135\" class=\"qowt-font2-TimesNewRoman\">Interweave<\/span><span id=\"E137\" class=\"qowt-font2-TimesNewRoman\">\u201d. Znalaz\u0142y si\u0119 na nim utwory kompozytor\u00f3w w\u0119gierskich i czeskich.<\/span><\/p>\n<p id=\"E138\" class=\"x-scope qowt-word-para-2\" style=\"text-align: justify;\"><span id=\"E139\" class=\"qowt-font2-TimesNewRoman\">Marta <\/span><span id=\"E141\" class=\"qowt-font2-TimesNewRoman\">Gidaszewska<\/span><span id=\"E143\" class=\"qowt-font2-TimesNewRoman\"> jest jedn\u0105 z najwybitniejszych skrzypaczek m\u0142odego pokolenia. W 2020 roku uko\u0144czy\u0142a wyr\u00f3\u017cnieniem w Akademii Muzycznej im.<\/span><span id=\"E144\" class=\"qowt-font2-TimesNewRoman\"> I.J. Paderewskiego w Poznaniu. <\/span><span id=\"E145\" class=\"qowt-font2-TimesNewRoman\">Obecnie pracuje na stanowisku asystenta w rodzimej uczelni. Pomimo m\u0142odego wieku, bra\u0142a udzia\u0142 w 135 konkursach skrzypcowych zdobywaj\u0105c zawsze czo\u0142owe nagrody, w tym 103 pierwsze miejsca (m.in. na mi\u0119dzynarodowych konkursach w Japonii, Szwecji, Danii, Niemczech, Rosji, Estonii, Szwajcarii, Francji, W\u0142oszech, Anglii, Grecji, Serbii, Bo\u015bni i He<\/span><span id=\"E146\" class=\"qowt-font2-TimesNewRoman\">rcegowinie, W\u0119grzech, Polsce). <\/span><span id=\"E147\" class=\"qowt-font2-TimesNewRoman\">Wielokrotnie koncertowa\u0142a jako solistka z <\/span><span id=\"E148\" class=\"qowt-font2-TimesNewRoman\">wieloma<\/span><span id=\"E149\" class=\"qowt-font2-TimesNewRoman\"> or<\/span><span id=\"E150\" class=\"qowt-font2-TimesNewRoman\">kiestrami w kraju i za granic\u0105, w tym z Narodow\u0105 Orkiestr\u0105 Symfoniczn\u0105 Polskiego Radia, Filharmoni\u0105<\/span><span id=\"E151\" class=\"qowt-font2-TimesNewRoman\"> \u015awi\u0119tokrzysk<\/span><span id=\"E152\" class=\"qowt-font2-TimesNewRoman\">\u0105, Polsk\u0105 Orkiestr\u0105 Radiow\u0105, Filharmoni\u0105 Kalisk\u0105<\/span><span id=\"E153\" class=\"qowt-font2-TimesNewRoman\">, <\/span><span id=\"E155\" class=\"qowt-font2-TimesNewRoman\">Sinfoni<\/span><span id=\"E156\" class=\"qowt-font2-TimesNewRoman\">a<\/span><span id=\"E158\" class=\"qowt-font2-TimesNewRoman\"> <\/span><span id=\"E160\" class=\"qowt-font2-TimesNewRoman\">Baltica<\/span><span id=\"E162\" class=\"qowt-font2-TimesNewRoman\">, Filharmoni\u0105 Sudeck\u0105, Filharmoni\u0105 Krakowsk\u0105, Orkiestr\u0105<\/span><span id=\"E163\" class=\"qowt-font2-TimesNewRoman\"> Teatru Wielkiego im. S. Moni<\/span><span id=\"E164\" class=\"qowt-font2-TimesNewRoman\">uszki w Poznaniu, Orkiestr\u0105<\/span><span id=\"E165\" class=\"qowt-font2-TimesNewRoman\"> Akademii<\/span><span id=\"E166\" class=\"qowt-font2-TimesNewRoman\"> Muzycznej w Poznaniu, Ukrai\u0144sk\u0105 Orkiestr\u0105 Symfoniczn\u0105,<\/span><span id=\"E167\" class=\"qowt-font2-TimesNewRoman\"> Pozna\u0144skie Smyczki i wiele innych.<\/span><\/p>\n<p id=\"E169\" class=\"x-scope qowt-word-para-1\" style=\"text-align: justify;\"><span id=\"E170\" class=\"qowt-font2-TimesNewRoman\">Robert <\/span><span id=\"E172\" class=\"qowt-font2-TimesNewRoman\">\u0141aguniak<\/span><span id=\"E174\" class=\"qowt-font2-TimesNewRoman\"> jest jednym z najbardziej rozpoznawalnych skrzypk\u00f3w m\u0142odego pokolenia. W 2021 roku uko\u0144czy\u0142 z wyr\u00f3\u017cnieniem studia w Akademii Muzycznej im. G. i K. Bacewicz\u00f3w w \u0141odzi. <\/span><span id=\"E175\" class=\"qowt-font2-TimesNewRoman\">W 2025 roku uzyska\u0142 stopie\u0144<\/span><span id=\"E176\" class=\"qowt-font2-TimesNewRoman\"> <\/span><span id=\"E177\" class=\"qowt-font2-TimesNewRoman\">doktora<\/span><span id=\"E178\" class=\"qowt-font2-TimesNewRoman\"> sztuki muzycznej. Wyst\u0119powa\u0142 w wi\u0119kszo\u015bci polskich filharmonii: Narodowej w Warszawie, Sudeckiej, Pozna\u0144skiej, \u015awi\u0119tokrzyskiej, Podkarpackiej, Krakowskiej, \u0141\u00f3dzkiej oraz Lubelskiej. Ma w swoim dorobku ponad 100 nagr\u00f3d. Do jego osi\u0105gni\u0119\u0107 solowych nale\u017c\u0105 m. in.: Z\u0142oty medal z najwy\u017cszym wyr\u00f3\u017cnieniem na Berliner International Music <\/span><span id=\"E180\" class=\"qowt-font2-TimesNewRoman\">Competition<\/span><span id=\"E182\" class=\"qowt-font2-TimesNewRoman\"> w Berlinie, I miejsce na Mi\u0119dzynarodowym Konkursie skrzypcowym im. <\/span><span id=\"E184\" class=\"qowt-font2-TimesNewRoman\">G.Ph<\/span><span id=\"E186\" class=\"qowt-font2-TimesNewRoman\">. Telemanna w Poznaniu, Zdoby\u0142 tak\u017ce najwy\u017csze miejsca na ponad 30 innych Mi\u0119dzynarodowych konkursach w: Stanach Zjednoczonych, Japonii, Kanadzie, Rosji, Grecji, Belgii, Francji, Estonii, Serbii, Danii, Szwecji, Szwajcarii, Austrii, W\u0119grzech, Niemczech, W 2020 roku zosta\u0142 nominowani do nagrody \u201eKoryfeusz Muzyki Polskiej\u201d w kategorii \u201eOdkrycie Roku\u201d.<\/span><\/p>\n<p id=\"E188\" class=\"x-scope qowt-word-para-1\" style=\"text-align: justify;\"><span id=\"E189\" class=\"qowt-font2-TimesNewRoman\">G\u0142\u00f3wny organizator koncert\u00f3w kameralnych, czyli Centrum Rze\u017aby Polskiej zaprasza na kolejny koncert, kt\u00f3ry odb\u0119dzie si\u0119 27 lipca br. o godz. 18.00 w parku CRP, podczas kt\u00f3rego zostan\u0105 zaprezentowane utwory na flet i harf\u0119.<\/span><\/p>\n\n\t\t<style type=\"text\/css\">\n\t\t\t#gallery-1 {\n\t\t\t\tmargin: auto;\n\t\t\t}\n\t\t\t#gallery-1 .gallery-item {\n\t\t\t\tfloat: left;\n\t\t\t\tmargin-top: 10px;\n\t\t\t\ttext-align: center;\n\t\t\t\twidth: 33%;\n\t\t\t}\n\t\t\t#gallery-1 img {\n\t\t\t\tborder: 2px solid #cfcfcf;\n\t\t\t}\n\t\t\t#gallery-1 .gallery-caption {\n\t\t\t\tmargin-left: 0;\n\t\t\t}\n\t\t\t\/* see gallery_shortcode() in wp-includes\/media.php *\/\n\t\t<\/style>\n\t\t<div id='gallery-1' class='gallery galleryid-4147 gallery-columns-3 gallery-size-thumbnail'><dl class='gallery-item'>\n\t\t\t<dt class='gallery-icon landscape'>\n\t\t\t\t<a href='https:\/\/oronsko.org\/wp-content\/uploads\/2025\/07\/DSC_8955-Srednie.jpg' title=\"\" data-rl_title=\"\" class=\"rl-gallery-link\" data-rl_caption=\"\" data-rel=\"lightbox-gallery-1\"><img loading=\"lazy\" decoding=\"async\" width=\"150\" height=\"150\" src=\"https:\/\/oronsko.org\/wp-content\/uploads\/2025\/07\/DSC_8955-Srednie-150x150.jpg\" class=\"attachment-thumbnail size-thumbnail\" alt=\"\" \/><\/a>\n\t\t\t<\/dt><\/dl><dl class='gallery-item'>\n\t\t\t<dt class='gallery-icon landscape'>\n\t\t\t\t<a href='https:\/\/oronsko.org\/wp-content\/uploads\/2025\/07\/DSC_8956-Srednie.jpg' title=\"\" data-rl_title=\"\" class=\"rl-gallery-link\" data-rl_caption=\"\" data-rel=\"lightbox-gallery-1\"><img loading=\"lazy\" decoding=\"async\" width=\"150\" height=\"150\" src=\"https:\/\/oronsko.org\/wp-content\/uploads\/2025\/07\/DSC_8956-Srednie-150x150.jpg\" class=\"attachment-thumbnail size-thumbnail\" alt=\"\" \/><\/a>\n\t\t\t<\/dt><\/dl><dl class='gallery-item'>\n\t\t\t<dt class='gallery-icon landscape'>\n\t\t\t\t<a href='https:\/\/oronsko.org\/wp-content\/uploads\/2025\/07\/DSC_8957-Srednie.jpg' title=\"\" data-rl_title=\"\" class=\"rl-gallery-link\" data-rl_caption=\"\" data-rel=\"lightbox-gallery-1\"><img loading=\"lazy\" decoding=\"async\" width=\"150\" height=\"150\" src=\"https:\/\/oronsko.org\/wp-content\/uploads\/2025\/07\/DSC_8957-Srednie-150x150.jpg\" class=\"attachment-thumbnail size-thumbnail\" alt=\"\" \/><\/a>\n\t\t\t<\/dt><\/dl><br style=\"clear: both\" \/><dl class='gallery-item'>\n\t\t\t<dt class='gallery-icon landscape'>\n\t\t\t\t<a href='https:\/\/oronsko.org\/wp-content\/uploads\/2025\/07\/DSC_8960-Srednie.jpg' title=\"\" data-rl_title=\"\" class=\"rl-gallery-link\" data-rl_caption=\"\" data-rel=\"lightbox-gallery-1\"><img loading=\"lazy\" decoding=\"async\" width=\"150\" height=\"150\" src=\"https:\/\/oronsko.org\/wp-content\/uploads\/2025\/07\/DSC_8960-Srednie-150x150.jpg\" class=\"attachment-thumbnail size-thumbnail\" alt=\"\" \/><\/a>\n\t\t\t<\/dt><\/dl><dl class='gallery-item'>\n\t\t\t<dt class='gallery-icon landscape'>\n\t\t\t\t<a href='https:\/\/oronsko.org\/wp-content\/uploads\/2025\/07\/DSC_8962-Srednie.jpg' title=\"\" data-rl_title=\"\" class=\"rl-gallery-link\" data-rl_caption=\"\" data-rel=\"lightbox-gallery-1\"><img loading=\"lazy\" decoding=\"async\" width=\"150\" height=\"150\" src=\"https:\/\/oronsko.org\/wp-content\/uploads\/2025\/07\/DSC_8962-Srednie-150x150.jpg\" class=\"attachment-thumbnail size-thumbnail\" alt=\"\" \/><\/a>\n\t\t\t<\/dt><\/dl><dl class='gallery-item'>\n\t\t\t<dt class='gallery-icon landscape'>\n\t\t\t\t<a href='https:\/\/oronsko.org\/wp-content\/uploads\/2025\/07\/DSC_8964-Srednie.jpg' title=\"\" data-rl_title=\"\" class=\"rl-gallery-link\" data-rl_caption=\"\" data-rel=\"lightbox-gallery-1\"><img loading=\"lazy\" decoding=\"async\" width=\"150\" height=\"150\" src=\"https:\/\/oronsko.org\/wp-content\/uploads\/2025\/07\/DSC_8964-Srednie-150x150.jpg\" class=\"attachment-thumbnail size-thumbnail\" alt=\"\" \/><\/a>\n\t\t\t<\/dt><\/dl><br style=\"clear: both\" \/><dl class='gallery-item'>\n\t\t\t<dt class='gallery-icon landscape'>\n\t\t\t\t<a href='https:\/\/oronsko.org\/wp-content\/uploads\/2025\/07\/DSC_8976-Srednie.jpg' title=\"\" data-rl_title=\"\" class=\"rl-gallery-link\" data-rl_caption=\"\" data-rel=\"lightbox-gallery-1\"><img loading=\"lazy\" decoding=\"async\" width=\"150\" height=\"150\" src=\"https:\/\/oronsko.org\/wp-content\/uploads\/2025\/07\/DSC_8976-Srednie-150x150.jpg\" class=\"attachment-thumbnail size-thumbnail\" alt=\"\" \/><\/a>\n\t\t\t<\/dt><\/dl>\n\t\t\t<br style='clear: both' \/>\n\t\t<\/div>\n\n<\/div>\n<\/div>\n","protected":false},"excerpt":{"rendered":"<p>W niedziel\u0119 13 lipca 2025 roku w przestrzeni parkowej Centrum Rze\u017aby Polskiej w Oro\u0144sku mia\u0142o miejsce kolejne wydarzenie artystyczne z cyklu letnich koncert\u00f3w kameralnych. Tym razem publiczno\u015b\u0107 mog\u0142a podziwia\u0107 kunszt artystyczny duetu smyczkowego \u2013 Polish Violin Duo, w\u00a0wykonaniu kt\u00f3rego mo\u017cna by\u0142o us\u0142ysze\u0107 m.in.: duet na tematy ludowe na dwoje skrzypiec \u2013 Gra\u017cyny Bacewicz, Sonatin\u0119 na [&hellip;]<\/p>\n","protected":false},"author":3,"featured_media":4150,"comment_status":"open","ping_status":"open","sticky":false,"template":"","format":"standard","meta":{"footnotes":""},"categories":[1],"tags":[],"class_list":["post-4147","post","type-post","status-publish","format-standard","has-post-thumbnail","hentry","category-bez-kategorii"],"yoast_head":"<!-- This site is optimized with the Yoast SEO plugin v26.8 - https:\/\/yoast.com\/product\/yoast-seo-wordpress\/ -->\n<title>Koncert kameralny w Oro\u0144sku - Stowarzyszenie Odnowy i Rozwoju Gminy Oro\u0144sko<\/title>\n<meta name=\"robots\" content=\"index, follow, max-snippet:-1, max-image-preview:large, max-video-preview:-1\" \/>\n<link rel=\"canonical\" href=\"https:\/\/oronsko.org\/?p=4147\" \/>\n<meta property=\"og:locale\" content=\"pl_PL\" \/>\n<meta property=\"og:type\" content=\"article\" \/>\n<meta property=\"og:title\" content=\"Koncert kameralny w Oro\u0144sku - Stowarzyszenie Odnowy i Rozwoju Gminy Oro\u0144sko\" \/>\n<meta property=\"og:description\" content=\"W niedziel\u0119 13 lipca 2025 roku w przestrzeni parkowej Centrum Rze\u017aby Polskiej w Oro\u0144sku mia\u0142o miejsce kolejne wydarzenie artystyczne z cyklu letnich koncert\u00f3w kameralnych. Tym razem publiczno\u015b\u0107 mog\u0142a podziwia\u0107 kunszt artystyczny duetu smyczkowego \u2013 Polish Violin Duo, w\u00a0wykonaniu kt\u00f3rego mo\u017cna by\u0142o us\u0142ysze\u0107 m.in.: duet na tematy ludowe na dwoje skrzypiec \u2013 Gra\u017cyny Bacewicz, Sonatin\u0119 na [&hellip;]\" \/>\n<meta property=\"og:url\" content=\"https:\/\/oronsko.org\/?p=4147\" \/>\n<meta property=\"og:site_name\" content=\"Stowarzyszenie Odnowy i Rozwoju Gminy Oro\u0144sko\" \/>\n<meta property=\"article:published_time\" content=\"2025-07-17T14:25:59+00:00\" \/>\n<meta property=\"og:image\" content=\"https:\/\/oronsko.org\/wp-content\/uploads\/2025\/07\/DSC_8957-Srednie.jpg\" \/>\n\t<meta property=\"og:image:width\" content=\"1152\" \/>\n\t<meta property=\"og:image:height\" content=\"768\" \/>\n\t<meta property=\"og:image:type\" content=\"image\/jpeg\" \/>\n<meta name=\"author\" content=\"Emil Gawin\" \/>\n<meta name=\"twitter:card\" content=\"summary_large_image\" \/>\n<meta name=\"twitter:label1\" content=\"Napisane przez\" \/>\n\t<meta name=\"twitter:data1\" content=\"Emil Gawin\" \/>\n\t<meta name=\"twitter:label2\" content=\"Szacowany czas czytania\" \/>\n\t<meta name=\"twitter:data2\" content=\"4 minuty\" \/>\n<script type=\"application\/ld+json\" class=\"yoast-schema-graph\">{\"@context\":\"https:\/\/schema.org\",\"@graph\":[{\"@type\":\"Article\",\"@id\":\"https:\/\/oronsko.org\/?p=4147#article\",\"isPartOf\":{\"@id\":\"https:\/\/oronsko.org\/?p=4147\"},\"author\":{\"name\":\"Emil Gawin\",\"@id\":\"https:\/\/oronsko.org\/#\/schema\/person\/228e8feec5352c2c784036037d100064\"},\"headline\":\"Koncert kameralny w Oro\u0144sku\",\"datePublished\":\"2025-07-17T14:25:59+00:00\",\"mainEntityOfPage\":{\"@id\":\"https:\/\/oronsko.org\/?p=4147\"},\"wordCount\":606,\"commentCount\":0,\"image\":{\"@id\":\"https:\/\/oronsko.org\/?p=4147#primaryimage\"},\"thumbnailUrl\":\"https:\/\/oronsko.org\/wp-content\/uploads\/2025\/07\/DSC_8957-Srednie.jpg\",\"inLanguage\":\"pl-PL\",\"potentialAction\":[{\"@type\":\"CommentAction\",\"name\":\"Comment\",\"target\":[\"https:\/\/oronsko.org\/?p=4147#respond\"]}]},{\"@type\":\"WebPage\",\"@id\":\"https:\/\/oronsko.org\/?p=4147\",\"url\":\"https:\/\/oronsko.org\/?p=4147\",\"name\":\"Koncert kameralny w Oro\u0144sku - Stowarzyszenie Odnowy i Rozwoju Gminy Oro\u0144sko\",\"isPartOf\":{\"@id\":\"https:\/\/oronsko.org\/#website\"},\"primaryImageOfPage\":{\"@id\":\"https:\/\/oronsko.org\/?p=4147#primaryimage\"},\"image\":{\"@id\":\"https:\/\/oronsko.org\/?p=4147#primaryimage\"},\"thumbnailUrl\":\"https:\/\/oronsko.org\/wp-content\/uploads\/2025\/07\/DSC_8957-Srednie.jpg\",\"datePublished\":\"2025-07-17T14:25:59+00:00\",\"author\":{\"@id\":\"https:\/\/oronsko.org\/#\/schema\/person\/228e8feec5352c2c784036037d100064\"},\"breadcrumb\":{\"@id\":\"https:\/\/oronsko.org\/?p=4147#breadcrumb\"},\"inLanguage\":\"pl-PL\",\"potentialAction\":[{\"@type\":\"ReadAction\",\"target\":[\"https:\/\/oronsko.org\/?p=4147\"]}]},{\"@type\":\"ImageObject\",\"inLanguage\":\"pl-PL\",\"@id\":\"https:\/\/oronsko.org\/?p=4147#primaryimage\",\"url\":\"https:\/\/oronsko.org\/wp-content\/uploads\/2025\/07\/DSC_8957-Srednie.jpg\",\"contentUrl\":\"https:\/\/oronsko.org\/wp-content\/uploads\/2025\/07\/DSC_8957-Srednie.jpg\",\"width\":1152,\"height\":768},{\"@type\":\"BreadcrumbList\",\"@id\":\"https:\/\/oronsko.org\/?p=4147#breadcrumb\",\"itemListElement\":[{\"@type\":\"ListItem\",\"position\":1,\"name\":\"Strona g\u0142\u00f3wna\",\"item\":\"https:\/\/oronsko.org\/\"},{\"@type\":\"ListItem\",\"position\":2,\"name\":\"Koncert kameralny w Oro\u0144sku\"}]},{\"@type\":\"WebSite\",\"@id\":\"https:\/\/oronsko.org\/#website\",\"url\":\"https:\/\/oronsko.org\/\",\"name\":\"Stowarzyszenie Odnowy i Rozwoju Gminy Oro\u0144sko\",\"description\":\"\",\"potentialAction\":[{\"@type\":\"SearchAction\",\"target\":{\"@type\":\"EntryPoint\",\"urlTemplate\":\"https:\/\/oronsko.org\/?s={search_term_string}\"},\"query-input\":{\"@type\":\"PropertyValueSpecification\",\"valueRequired\":true,\"valueName\":\"search_term_string\"}}],\"inLanguage\":\"pl-PL\"},{\"@type\":\"Person\",\"@id\":\"https:\/\/oronsko.org\/#\/schema\/person\/228e8feec5352c2c784036037d100064\",\"name\":\"Emil Gawin\",\"image\":{\"@type\":\"ImageObject\",\"inLanguage\":\"pl-PL\",\"@id\":\"https:\/\/oronsko.org\/#\/schema\/person\/image\/\",\"url\":\"https:\/\/secure.gravatar.com\/avatar\/208ac4ef3cd076cfd995e4a8522a84fd3c6260741ebae068c77ed065a87c4c30?s=96&d=mm&r=g\",\"contentUrl\":\"https:\/\/secure.gravatar.com\/avatar\/208ac4ef3cd076cfd995e4a8522a84fd3c6260741ebae068c77ed065a87c4c30?s=96&d=mm&r=g\",\"caption\":\"Emil Gawin\"},\"url\":\"https:\/\/oronsko.org\/?author=3\"}]}<\/script>\n<!-- \/ Yoast SEO plugin. -->","yoast_head_json":{"title":"Koncert kameralny w Oro\u0144sku - Stowarzyszenie Odnowy i Rozwoju Gminy Oro\u0144sko","robots":{"index":"index","follow":"follow","max-snippet":"max-snippet:-1","max-image-preview":"max-image-preview:large","max-video-preview":"max-video-preview:-1"},"canonical":"https:\/\/oronsko.org\/?p=4147","og_locale":"pl_PL","og_type":"article","og_title":"Koncert kameralny w Oro\u0144sku - Stowarzyszenie Odnowy i Rozwoju Gminy Oro\u0144sko","og_description":"W niedziel\u0119 13 lipca 2025 roku w przestrzeni parkowej Centrum Rze\u017aby Polskiej w Oro\u0144sku mia\u0142o miejsce kolejne wydarzenie artystyczne z cyklu letnich koncert\u00f3w kameralnych. Tym razem publiczno\u015b\u0107 mog\u0142a podziwia\u0107 kunszt artystyczny duetu smyczkowego \u2013 Polish Violin Duo, w\u00a0wykonaniu kt\u00f3rego mo\u017cna by\u0142o us\u0142ysze\u0107 m.in.: duet na tematy ludowe na dwoje skrzypiec \u2013 Gra\u017cyny Bacewicz, Sonatin\u0119 na [&hellip;]","og_url":"https:\/\/oronsko.org\/?p=4147","og_site_name":"Stowarzyszenie Odnowy i Rozwoju Gminy Oro\u0144sko","article_published_time":"2025-07-17T14:25:59+00:00","og_image":[{"width":1152,"height":768,"url":"https:\/\/oronsko.org\/wp-content\/uploads\/2025\/07\/DSC_8957-Srednie.jpg","type":"image\/jpeg"}],"author":"Emil Gawin","twitter_card":"summary_large_image","twitter_misc":{"Napisane przez":"Emil Gawin","Szacowany czas czytania":"4 minuty"},"schema":{"@context":"https:\/\/schema.org","@graph":[{"@type":"Article","@id":"https:\/\/oronsko.org\/?p=4147#article","isPartOf":{"@id":"https:\/\/oronsko.org\/?p=4147"},"author":{"name":"Emil Gawin","@id":"https:\/\/oronsko.org\/#\/schema\/person\/228e8feec5352c2c784036037d100064"},"headline":"Koncert kameralny w Oro\u0144sku","datePublished":"2025-07-17T14:25:59+00:00","mainEntityOfPage":{"@id":"https:\/\/oronsko.org\/?p=4147"},"wordCount":606,"commentCount":0,"image":{"@id":"https:\/\/oronsko.org\/?p=4147#primaryimage"},"thumbnailUrl":"https:\/\/oronsko.org\/wp-content\/uploads\/2025\/07\/DSC_8957-Srednie.jpg","inLanguage":"pl-PL","potentialAction":[{"@type":"CommentAction","name":"Comment","target":["https:\/\/oronsko.org\/?p=4147#respond"]}]},{"@type":"WebPage","@id":"https:\/\/oronsko.org\/?p=4147","url":"https:\/\/oronsko.org\/?p=4147","name":"Koncert kameralny w Oro\u0144sku - Stowarzyszenie Odnowy i Rozwoju Gminy Oro\u0144sko","isPartOf":{"@id":"https:\/\/oronsko.org\/#website"},"primaryImageOfPage":{"@id":"https:\/\/oronsko.org\/?p=4147#primaryimage"},"image":{"@id":"https:\/\/oronsko.org\/?p=4147#primaryimage"},"thumbnailUrl":"https:\/\/oronsko.org\/wp-content\/uploads\/2025\/07\/DSC_8957-Srednie.jpg","datePublished":"2025-07-17T14:25:59+00:00","author":{"@id":"https:\/\/oronsko.org\/#\/schema\/person\/228e8feec5352c2c784036037d100064"},"breadcrumb":{"@id":"https:\/\/oronsko.org\/?p=4147#breadcrumb"},"inLanguage":"pl-PL","potentialAction":[{"@type":"ReadAction","target":["https:\/\/oronsko.org\/?p=4147"]}]},{"@type":"ImageObject","inLanguage":"pl-PL","@id":"https:\/\/oronsko.org\/?p=4147#primaryimage","url":"https:\/\/oronsko.org\/wp-content\/uploads\/2025\/07\/DSC_8957-Srednie.jpg","contentUrl":"https:\/\/oronsko.org\/wp-content\/uploads\/2025\/07\/DSC_8957-Srednie.jpg","width":1152,"height":768},{"@type":"BreadcrumbList","@id":"https:\/\/oronsko.org\/?p=4147#breadcrumb","itemListElement":[{"@type":"ListItem","position":1,"name":"Strona g\u0142\u00f3wna","item":"https:\/\/oronsko.org\/"},{"@type":"ListItem","position":2,"name":"Koncert kameralny w Oro\u0144sku"}]},{"@type":"WebSite","@id":"https:\/\/oronsko.org\/#website","url":"https:\/\/oronsko.org\/","name":"Stowarzyszenie Odnowy i Rozwoju Gminy Oro\u0144sko","description":"","potentialAction":[{"@type":"SearchAction","target":{"@type":"EntryPoint","urlTemplate":"https:\/\/oronsko.org\/?s={search_term_string}"},"query-input":{"@type":"PropertyValueSpecification","valueRequired":true,"valueName":"search_term_string"}}],"inLanguage":"pl-PL"},{"@type":"Person","@id":"https:\/\/oronsko.org\/#\/schema\/person\/228e8feec5352c2c784036037d100064","name":"Emil Gawin","image":{"@type":"ImageObject","inLanguage":"pl-PL","@id":"https:\/\/oronsko.org\/#\/schema\/person\/image\/","url":"https:\/\/secure.gravatar.com\/avatar\/208ac4ef3cd076cfd995e4a8522a84fd3c6260741ebae068c77ed065a87c4c30?s=96&d=mm&r=g","contentUrl":"https:\/\/secure.gravatar.com\/avatar\/208ac4ef3cd076cfd995e4a8522a84fd3c6260741ebae068c77ed065a87c4c30?s=96&d=mm&r=g","caption":"Emil Gawin"},"url":"https:\/\/oronsko.org\/?author=3"}]}},"_links":{"self":[{"href":"https:\/\/oronsko.org\/index.php?rest_route=\/wp\/v2\/posts\/4147","targetHints":{"allow":["GET"]}}],"collection":[{"href":"https:\/\/oronsko.org\/index.php?rest_route=\/wp\/v2\/posts"}],"about":[{"href":"https:\/\/oronsko.org\/index.php?rest_route=\/wp\/v2\/types\/post"}],"author":[{"embeddable":true,"href":"https:\/\/oronsko.org\/index.php?rest_route=\/wp\/v2\/users\/3"}],"replies":[{"embeddable":true,"href":"https:\/\/oronsko.org\/index.php?rest_route=%2Fwp%2Fv2%2Fcomments&post=4147"}],"version-history":[{"count":1,"href":"https:\/\/oronsko.org\/index.php?rest_route=\/wp\/v2\/posts\/4147\/revisions"}],"predecessor-version":[{"id":4155,"href":"https:\/\/oronsko.org\/index.php?rest_route=\/wp\/v2\/posts\/4147\/revisions\/4155"}],"wp:featuredmedia":[{"embeddable":true,"href":"https:\/\/oronsko.org\/index.php?rest_route=\/wp\/v2\/media\/4150"}],"wp:attachment":[{"href":"https:\/\/oronsko.org\/index.php?rest_route=%2Fwp%2Fv2%2Fmedia&parent=4147"}],"wp:term":[{"taxonomy":"category","embeddable":true,"href":"https:\/\/oronsko.org\/index.php?rest_route=%2Fwp%2Fv2%2Fcategories&post=4147"},{"taxonomy":"post_tag","embeddable":true,"href":"https:\/\/oronsko.org\/index.php?rest_route=%2Fwp%2Fv2%2Ftags&post=4147"}],"curies":[{"name":"wp","href":"https:\/\/api.w.org\/{rel}","templated":true}]}}