{"id":4063,"date":"2025-01-12T15:30:15","date_gmt":"2025-01-12T14:30:15","guid":{"rendered":"https:\/\/oronsko.org\/?p=4063"},"modified":"2025-01-12T15:30:15","modified_gmt":"2025-01-12T14:30:15","slug":"zaproszenie-na-forum-lokalnych-ngos-2","status":"publish","type":"post","link":"https:\/\/oronsko.org\/?p=4063","title":{"rendered":"Zaproszenie na Forum Lokalnych NGO\u2019s"},"content":{"rendered":"<p><span style=\"font-weight: 400;\">Stowarzyszenie Odnowy i Rozwoju Gminy Oro\u0144sko zaprasza przedstawicieli organizacji pozarz\u0105dowych, w\u0142adz samorz\u0105dowych, a tak\u017ce wszystkich zainteresowanych mieszka\u0144c\u00f3w naszego regionu na XII Forum Lokalnych Organizacji Pozarz\u0105dowych. Spotkanie odb\u0119dzie si\u0119 w sali konferencyjnej Hotelu Wasik (Krogulcza Sucha &#8211; Gmina Oro\u0144sko), <\/span><b>w niedziel\u0119 19 stycznia 2025 r., o\u00a0godz. 16.00<\/b><span style=\"font-weight: 400;\">. Proponowana agenda spotkania obejmuje:<\/span><\/p>\n<ol>\n<li style=\"font-weight: 400;\" aria-level=\"1\"><span style=\"font-weight: 400;\">Otwarcie Forum i przywitanie uczestnik\u00f3w<\/span><\/li>\n<li style=\"font-weight: 400;\" aria-level=\"1\"><span style=\"font-weight: 400;\">Prezentacja dzia\u0142alno\u015bci SOiRGO w roku 2024<\/span><\/li>\n<li style=\"font-weight: 400;\" aria-level=\"1\"><span style=\"font-weight: 400;\">Prezentacja aktywno\u015bci sektora pozarz\u0105dowego w Gminie Oro\u0144sko<\/span><\/li>\n<li style=\"font-weight: 400;\" aria-level=\"1\"><span style=\"font-weight: 400;\">Prezentacja nowo powsta\u0142ych organizacji pozarz\u0105dowych<\/span><\/li>\n<li style=\"font-weight: 400;\" aria-level=\"1\"><span style=\"font-weight: 400;\">Prezentacja dzia\u0142alno\u015bci rekreacyjno-rehabilitacyjnej o\u015brodka w Mari\u00f3wce<\/span><\/li>\n<li style=\"font-weight: 400;\" aria-level=\"1\"><span style=\"font-weight: 400;\">Prezentacja program\u00f3w dotacyjnych skierowanych do NGO\u2019s<\/span><\/li>\n<li style=\"font-weight: 400;\" aria-level=\"1\"><span style=\"font-weight: 400;\">Prezentacja Federacji Mazowia<\/span><\/li>\n<li style=\"font-weight: 400;\" aria-level=\"1\"><span style=\"font-weight: 400;\">Panel dyskusyjny<\/span><\/li>\n<\/ol>\n<p><a href=\"https:\/\/oronsko.org\/wp-content\/uploads\/2025\/01\/XII-Forum-Dyskusyjne.jpg\" data-rel=\"lightbox-image-0\" data-rl_title=\"\" data-rl_caption=\"\" title=\"\"><img loading=\"lazy\" decoding=\"async\" class=\"alignnone size-full wp-image-4064\" src=\"https:\/\/oronsko.org\/wp-content\/uploads\/2025\/01\/XII-Forum-Dyskusyjne.jpg\" alt=\"\" width=\"940\" height=\"788\" srcset=\"https:\/\/oronsko.org\/wp-content\/uploads\/2025\/01\/XII-Forum-Dyskusyjne.jpg 940w, https:\/\/oronsko.org\/wp-content\/uploads\/2025\/01\/XII-Forum-Dyskusyjne-300x251.jpg 300w, https:\/\/oronsko.org\/wp-content\/uploads\/2025\/01\/XII-Forum-Dyskusyjne-768x644.jpg 768w\" sizes=\"auto, (max-width: 940px) 100vw, 940px\" \/><\/a><\/p>\n<p>&nbsp;<\/p>\n","protected":false},"excerpt":{"rendered":"<p>Stowarzyszenie Odnowy i Rozwoju Gminy Oro\u0144sko zaprasza przedstawicieli organizacji pozarz\u0105dowych, w\u0142adz samorz\u0105dowych, a tak\u017ce wszystkich zainteresowanych mieszka\u0144c\u00f3w naszego regionu na XII Forum Lokalnych Organizacji Pozarz\u0105dowych. Spotkanie odb\u0119dzie si\u0119 w sali konferencyjnej Hotelu Wasik (Krogulcza Sucha &#8211; Gmina Oro\u0144sko), w niedziel\u0119 19 stycznia 2025 r., o\u00a0godz. 16.00. Proponowana agenda spotkania obejmuje: Otwarcie Forum i przywitanie uczestnik\u00f3w [&hellip;]<\/p>\n","protected":false},"author":3,"featured_media":4064,"comment_status":"open","ping_status":"open","sticky":false,"template":"","format":"standard","meta":{"footnotes":""},"categories":[1],"tags":[],"class_list":["post-4063","post","type-post","status-publish","format-standard","has-post-thumbnail","hentry","category-bez-kategorii"],"yoast_head":"<!-- This site is optimized with the Yoast SEO plugin v26.8 - https:\/\/yoast.com\/product\/yoast-seo-wordpress\/ -->\n<title>Zaproszenie na Forum Lokalnych NGO\u2019s - Stowarzyszenie Odnowy i Rozwoju Gminy Oro\u0144sko<\/title>\n<meta name=\"robots\" content=\"index, follow, max-snippet:-1, max-image-preview:large, max-video-preview:-1\" \/>\n<link rel=\"canonical\" href=\"https:\/\/oronsko.org\/?p=4063\" \/>\n<meta property=\"og:locale\" content=\"pl_PL\" \/>\n<meta property=\"og:type\" content=\"article\" \/>\n<meta property=\"og:title\" content=\"Zaproszenie na Forum Lokalnych NGO\u2019s - Stowarzyszenie Odnowy i Rozwoju Gminy Oro\u0144sko\" \/>\n<meta property=\"og:description\" content=\"Stowarzyszenie Odnowy i Rozwoju Gminy Oro\u0144sko zaprasza przedstawicieli organizacji pozarz\u0105dowych, w\u0142adz samorz\u0105dowych, a tak\u017ce wszystkich zainteresowanych mieszka\u0144c\u00f3w naszego regionu na XII Forum Lokalnych Organizacji Pozarz\u0105dowych. Spotkanie odb\u0119dzie si\u0119 w sali konferencyjnej Hotelu Wasik (Krogulcza Sucha &#8211; Gmina Oro\u0144sko), w niedziel\u0119 19 stycznia 2025 r., o\u00a0godz. 16.00. Proponowana agenda spotkania obejmuje: Otwarcie Forum i przywitanie uczestnik\u00f3w [&hellip;]\" \/>\n<meta property=\"og:url\" content=\"https:\/\/oronsko.org\/?p=4063\" \/>\n<meta property=\"og:site_name\" content=\"Stowarzyszenie Odnowy i Rozwoju Gminy Oro\u0144sko\" \/>\n<meta property=\"article:published_time\" content=\"2025-01-12T14:30:15+00:00\" \/>\n<meta property=\"og:image\" content=\"https:\/\/oronsko.org\/wp-content\/uploads\/2025\/01\/XII-Forum-Dyskusyjne.jpg\" \/>\n\t<meta property=\"og:image:width\" content=\"940\" \/>\n\t<meta property=\"og:image:height\" content=\"788\" \/>\n\t<meta property=\"og:image:type\" content=\"image\/jpeg\" \/>\n<meta name=\"author\" content=\"Emil Gawin\" \/>\n<meta name=\"twitter:card\" content=\"summary_large_image\" \/>\n<meta name=\"twitter:label1\" content=\"Napisane przez\" \/>\n\t<meta name=\"twitter:data1\" content=\"Emil Gawin\" \/>\n\t<meta name=\"twitter:label2\" content=\"Szacowany czas czytania\" \/>\n\t<meta name=\"twitter:data2\" content=\"1 minuta\" \/>\n<script type=\"application\/ld+json\" class=\"yoast-schema-graph\">{\"@context\":\"https:\/\/schema.org\",\"@graph\":[{\"@type\":\"Article\",\"@id\":\"https:\/\/oronsko.org\/?p=4063#article\",\"isPartOf\":{\"@id\":\"https:\/\/oronsko.org\/?p=4063\"},\"author\":{\"name\":\"Emil Gawin\",\"@id\":\"https:\/\/oronsko.org\/#\/schema\/person\/228e8feec5352c2c784036037d100064\"},\"headline\":\"Zaproszenie na Forum Lokalnych NGO\u2019s\",\"datePublished\":\"2025-01-12T14:30:15+00:00\",\"mainEntityOfPage\":{\"@id\":\"https:\/\/oronsko.org\/?p=4063\"},\"wordCount\":118,\"commentCount\":0,\"image\":{\"@id\":\"https:\/\/oronsko.org\/?p=4063#primaryimage\"},\"thumbnailUrl\":\"https:\/\/oronsko.org\/wp-content\/uploads\/2025\/01\/XII-Forum-Dyskusyjne.jpg\",\"inLanguage\":\"pl-PL\",\"potentialAction\":[{\"@type\":\"CommentAction\",\"name\":\"Comment\",\"target\":[\"https:\/\/oronsko.org\/?p=4063#respond\"]}]},{\"@type\":\"WebPage\",\"@id\":\"https:\/\/oronsko.org\/?p=4063\",\"url\":\"https:\/\/oronsko.org\/?p=4063\",\"name\":\"Zaproszenie na Forum Lokalnych NGO\u2019s - Stowarzyszenie Odnowy i Rozwoju Gminy Oro\u0144sko\",\"isPartOf\":{\"@id\":\"https:\/\/oronsko.org\/#website\"},\"primaryImageOfPage\":{\"@id\":\"https:\/\/oronsko.org\/?p=4063#primaryimage\"},\"image\":{\"@id\":\"https:\/\/oronsko.org\/?p=4063#primaryimage\"},\"thumbnailUrl\":\"https:\/\/oronsko.org\/wp-content\/uploads\/2025\/01\/XII-Forum-Dyskusyjne.jpg\",\"datePublished\":\"2025-01-12T14:30:15+00:00\",\"author\":{\"@id\":\"https:\/\/oronsko.org\/#\/schema\/person\/228e8feec5352c2c784036037d100064\"},\"breadcrumb\":{\"@id\":\"https:\/\/oronsko.org\/?p=4063#breadcrumb\"},\"inLanguage\":\"pl-PL\",\"potentialAction\":[{\"@type\":\"ReadAction\",\"target\":[\"https:\/\/oronsko.org\/?p=4063\"]}]},{\"@type\":\"ImageObject\",\"inLanguage\":\"pl-PL\",\"@id\":\"https:\/\/oronsko.org\/?p=4063#primaryimage\",\"url\":\"https:\/\/oronsko.org\/wp-content\/uploads\/2025\/01\/XII-Forum-Dyskusyjne.jpg\",\"contentUrl\":\"https:\/\/oronsko.org\/wp-content\/uploads\/2025\/01\/XII-Forum-Dyskusyjne.jpg\",\"width\":940,\"height\":788},{\"@type\":\"BreadcrumbList\",\"@id\":\"https:\/\/oronsko.org\/?p=4063#breadcrumb\",\"itemListElement\":[{\"@type\":\"ListItem\",\"position\":1,\"name\":\"Strona g\u0142\u00f3wna\",\"item\":\"https:\/\/oronsko.org\/\"},{\"@type\":\"ListItem\",\"position\":2,\"name\":\"Zaproszenie na Forum Lokalnych NGO\u2019s\"}]},{\"@type\":\"WebSite\",\"@id\":\"https:\/\/oronsko.org\/#website\",\"url\":\"https:\/\/oronsko.org\/\",\"name\":\"Stowarzyszenie Odnowy i Rozwoju Gminy Oro\u0144sko\",\"description\":\"\",\"potentialAction\":[{\"@type\":\"SearchAction\",\"target\":{\"@type\":\"EntryPoint\",\"urlTemplate\":\"https:\/\/oronsko.org\/?s={search_term_string}\"},\"query-input\":{\"@type\":\"PropertyValueSpecification\",\"valueRequired\":true,\"valueName\":\"search_term_string\"}}],\"inLanguage\":\"pl-PL\"},{\"@type\":\"Person\",\"@id\":\"https:\/\/oronsko.org\/#\/schema\/person\/228e8feec5352c2c784036037d100064\",\"name\":\"Emil Gawin\",\"image\":{\"@type\":\"ImageObject\",\"inLanguage\":\"pl-PL\",\"@id\":\"https:\/\/oronsko.org\/#\/schema\/person\/image\/\",\"url\":\"https:\/\/secure.gravatar.com\/avatar\/208ac4ef3cd076cfd995e4a8522a84fd3c6260741ebae068c77ed065a87c4c30?s=96&d=mm&r=g\",\"contentUrl\":\"https:\/\/secure.gravatar.com\/avatar\/208ac4ef3cd076cfd995e4a8522a84fd3c6260741ebae068c77ed065a87c4c30?s=96&d=mm&r=g\",\"caption\":\"Emil Gawin\"},\"url\":\"https:\/\/oronsko.org\/?author=3\"}]}<\/script>\n<!-- \/ Yoast SEO plugin. -->","yoast_head_json":{"title":"Zaproszenie na Forum Lokalnych NGO\u2019s - Stowarzyszenie Odnowy i Rozwoju Gminy Oro\u0144sko","robots":{"index":"index","follow":"follow","max-snippet":"max-snippet:-1","max-image-preview":"max-image-preview:large","max-video-preview":"max-video-preview:-1"},"canonical":"https:\/\/oronsko.org\/?p=4063","og_locale":"pl_PL","og_type":"article","og_title":"Zaproszenie na Forum Lokalnych NGO\u2019s - Stowarzyszenie Odnowy i Rozwoju Gminy Oro\u0144sko","og_description":"Stowarzyszenie Odnowy i Rozwoju Gminy Oro\u0144sko zaprasza przedstawicieli organizacji pozarz\u0105dowych, w\u0142adz samorz\u0105dowych, a tak\u017ce wszystkich zainteresowanych mieszka\u0144c\u00f3w naszego regionu na XII Forum Lokalnych Organizacji Pozarz\u0105dowych. Spotkanie odb\u0119dzie si\u0119 w sali konferencyjnej Hotelu Wasik (Krogulcza Sucha &#8211; Gmina Oro\u0144sko), w niedziel\u0119 19 stycznia 2025 r., o\u00a0godz. 16.00. Proponowana agenda spotkania obejmuje: Otwarcie Forum i przywitanie uczestnik\u00f3w [&hellip;]","og_url":"https:\/\/oronsko.org\/?p=4063","og_site_name":"Stowarzyszenie Odnowy i Rozwoju Gminy Oro\u0144sko","article_published_time":"2025-01-12T14:30:15+00:00","og_image":[{"width":940,"height":788,"url":"https:\/\/oronsko.org\/wp-content\/uploads\/2025\/01\/XII-Forum-Dyskusyjne.jpg","type":"image\/jpeg"}],"author":"Emil Gawin","twitter_card":"summary_large_image","twitter_misc":{"Napisane przez":"Emil Gawin","Szacowany czas czytania":"1 minuta"},"schema":{"@context":"https:\/\/schema.org","@graph":[{"@type":"Article","@id":"https:\/\/oronsko.org\/?p=4063#article","isPartOf":{"@id":"https:\/\/oronsko.org\/?p=4063"},"author":{"name":"Emil Gawin","@id":"https:\/\/oronsko.org\/#\/schema\/person\/228e8feec5352c2c784036037d100064"},"headline":"Zaproszenie na Forum Lokalnych NGO\u2019s","datePublished":"2025-01-12T14:30:15+00:00","mainEntityOfPage":{"@id":"https:\/\/oronsko.org\/?p=4063"},"wordCount":118,"commentCount":0,"image":{"@id":"https:\/\/oronsko.org\/?p=4063#primaryimage"},"thumbnailUrl":"https:\/\/oronsko.org\/wp-content\/uploads\/2025\/01\/XII-Forum-Dyskusyjne.jpg","inLanguage":"pl-PL","potentialAction":[{"@type":"CommentAction","name":"Comment","target":["https:\/\/oronsko.org\/?p=4063#respond"]}]},{"@type":"WebPage","@id":"https:\/\/oronsko.org\/?p=4063","url":"https:\/\/oronsko.org\/?p=4063","name":"Zaproszenie na Forum Lokalnych NGO\u2019s - Stowarzyszenie Odnowy i Rozwoju Gminy Oro\u0144sko","isPartOf":{"@id":"https:\/\/oronsko.org\/#website"},"primaryImageOfPage":{"@id":"https:\/\/oronsko.org\/?p=4063#primaryimage"},"image":{"@id":"https:\/\/oronsko.org\/?p=4063#primaryimage"},"thumbnailUrl":"https:\/\/oronsko.org\/wp-content\/uploads\/2025\/01\/XII-Forum-Dyskusyjne.jpg","datePublished":"2025-01-12T14:30:15+00:00","author":{"@id":"https:\/\/oronsko.org\/#\/schema\/person\/228e8feec5352c2c784036037d100064"},"breadcrumb":{"@id":"https:\/\/oronsko.org\/?p=4063#breadcrumb"},"inLanguage":"pl-PL","potentialAction":[{"@type":"ReadAction","target":["https:\/\/oronsko.org\/?p=4063"]}]},{"@type":"ImageObject","inLanguage":"pl-PL","@id":"https:\/\/oronsko.org\/?p=4063#primaryimage","url":"https:\/\/oronsko.org\/wp-content\/uploads\/2025\/01\/XII-Forum-Dyskusyjne.jpg","contentUrl":"https:\/\/oronsko.org\/wp-content\/uploads\/2025\/01\/XII-Forum-Dyskusyjne.jpg","width":940,"height":788},{"@type":"BreadcrumbList","@id":"https:\/\/oronsko.org\/?p=4063#breadcrumb","itemListElement":[{"@type":"ListItem","position":1,"name":"Strona g\u0142\u00f3wna","item":"https:\/\/oronsko.org\/"},{"@type":"ListItem","position":2,"name":"Zaproszenie na Forum Lokalnych NGO\u2019s"}]},{"@type":"WebSite","@id":"https:\/\/oronsko.org\/#website","url":"https:\/\/oronsko.org\/","name":"Stowarzyszenie Odnowy i Rozwoju Gminy Oro\u0144sko","description":"","potentialAction":[{"@type":"SearchAction","target":{"@type":"EntryPoint","urlTemplate":"https:\/\/oronsko.org\/?s={search_term_string}"},"query-input":{"@type":"PropertyValueSpecification","valueRequired":true,"valueName":"search_term_string"}}],"inLanguage":"pl-PL"},{"@type":"Person","@id":"https:\/\/oronsko.org\/#\/schema\/person\/228e8feec5352c2c784036037d100064","name":"Emil Gawin","image":{"@type":"ImageObject","inLanguage":"pl-PL","@id":"https:\/\/oronsko.org\/#\/schema\/person\/image\/","url":"https:\/\/secure.gravatar.com\/avatar\/208ac4ef3cd076cfd995e4a8522a84fd3c6260741ebae068c77ed065a87c4c30?s=96&d=mm&r=g","contentUrl":"https:\/\/secure.gravatar.com\/avatar\/208ac4ef3cd076cfd995e4a8522a84fd3c6260741ebae068c77ed065a87c4c30?s=96&d=mm&r=g","caption":"Emil Gawin"},"url":"https:\/\/oronsko.org\/?author=3"}]}},"_links":{"self":[{"href":"https:\/\/oronsko.org\/index.php?rest_route=\/wp\/v2\/posts\/4063","targetHints":{"allow":["GET"]}}],"collection":[{"href":"https:\/\/oronsko.org\/index.php?rest_route=\/wp\/v2\/posts"}],"about":[{"href":"https:\/\/oronsko.org\/index.php?rest_route=\/wp\/v2\/types\/post"}],"author":[{"embeddable":true,"href":"https:\/\/oronsko.org\/index.php?rest_route=\/wp\/v2\/users\/3"}],"replies":[{"embeddable":true,"href":"https:\/\/oronsko.org\/index.php?rest_route=%2Fwp%2Fv2%2Fcomments&post=4063"}],"version-history":[{"count":1,"href":"https:\/\/oronsko.org\/index.php?rest_route=\/wp\/v2\/posts\/4063\/revisions"}],"predecessor-version":[{"id":4065,"href":"https:\/\/oronsko.org\/index.php?rest_route=\/wp\/v2\/posts\/4063\/revisions\/4065"}],"wp:featuredmedia":[{"embeddable":true,"href":"https:\/\/oronsko.org\/index.php?rest_route=\/wp\/v2\/media\/4064"}],"wp:attachment":[{"href":"https:\/\/oronsko.org\/index.php?rest_route=%2Fwp%2Fv2%2Fmedia&parent=4063"}],"wp:term":[{"taxonomy":"category","embeddable":true,"href":"https:\/\/oronsko.org\/index.php?rest_route=%2Fwp%2Fv2%2Fcategories&post=4063"},{"taxonomy":"post_tag","embeddable":true,"href":"https:\/\/oronsko.org\/index.php?rest_route=%2Fwp%2Fv2%2Ftags&post=4063"}],"curies":[{"name":"wp","href":"https:\/\/api.w.org\/{rel}","templated":true}]}}