{"id":2810,"date":"2022-06-27T21:44:23","date_gmt":"2022-06-27T19:44:23","guid":{"rendered":"https:\/\/oronsko.org\/?p=2810"},"modified":"2022-07-11T18:26:42","modified_gmt":"2022-07-11T16:26:42","slug":"65-lat-parafii-spotkanie-integracyjne","status":"publish","type":"post","link":"https:\/\/oronsko.org\/?p=2810","title":{"rendered":"65 lat parafii &#8211; spotkanie integracyjne"},"content":{"rendered":"<p style=\"text-align: justify;\">Stowarzyszenie Odnowy i Rozwoju Gminy Oro\u0144sko wraz z parafi\u0105 w Oro\u0144sku zorganizowa\u0142o w niedziel\u0119 26 czerwca 2022 roku spotkanie integracyjne z okazji 65-lecia powstania parafii pw. Wniebowzi\u0119cia NMP w Oro\u0144sku.<!--more--> Spotkanie by\u0142o zorganizowane w ramach zadania publicznego w pn.: \u201ePrze\u0142amywanie barier pokoleniowych w polu kultury poprzez organizacj\u0119 plenerowych spotka\u0144 integracyjnych promuj\u0105cych dziedzictwo kulturowe Mazowsza\u201d, dofinansowanego ze \u015brodk\u00f3w z bud\u017cetu Wojew\u00f3dztwa Mazowieckiego. Program spotkania obejmowa\u0142 wiele atrakcji, w tym wyst\u0119py muzyczne zespo\u0142\u00f3w folklorystycznych, w szczeg\u00f3lno\u015bci zespo\u0142u Guzowianki, scholii \u201eChorus Angelorum\u201d, zespo\u0142u \u201eAlle Babki\u201d z Guzowa oraz go\u015bcinnie zagra\u0142a kapela \u201eKro\u015bniewiacy\u201d, kt\u00f3ra porwa\u0142a uczestnik\u00f3w do ta\u0144ca. W program spotkania integracyjnego z okazji obchod\u00f3w 65-lecia parafii doskonale wpisa\u0142 si\u0119 koncert pn.: \u201e65 gitar na 65-lecie parafii\u201d, podczas kt\u00f3rego wykonawcy zagrali dwa utwory i kt\u00f3ry wzbudzi\u0142 wielki aplauz. Uczestnicy tego koncertu otrzymali pami\u0105tkowe certyfikaty potwierdzaj\u0105cego udzia\u0142 w tym wydarzeniu. Nie mniejsze zainteresowanie budzi\u0142y inne wyst\u0119py, w tym prezentacja rodzin Domowego ko\u015bcio\u0142a, kt\u00f3re przygotowa\u0142y skecz i autorska piosenk\u0119, wyst\u0119p m\u0142odszej scholi, pokaz karate, a tak\u017ce wyst\u0119py artystyczne dzieci przedszkolnych. Dla dzieci przygotowano tak\u017ce wiele atrakcji, ciesz\u0105cych si\u0119 du\u017cym zainteresowaniem, w szczeg\u00f3lno\u015bci \u015bciank\u0119 rysunkow\u0105, stanowisko ceramiczne, zabawy z ba\u0144kami mydlanymi, czy tez stoisko pszczelarskie. Licznie uczestnicz\u0105ce rodziny mog\u0142y wsp\u00f3lnie wzi\u0105\u0107 udzia\u0142 w ta\u0144cach integracyjnych, konkursie sprawno\u015bciowym oraz konkursie plastycznym o tematyce \u201emoja rodzina\u201d. W konkursie plastycznym wy\u0142oniono kilka wyr\u00f3\u017cnionych prac, za przygotowanie kt\u00f3rych uhonorowano autor\u00f3w drobnymi upominkami. Uczestnicy spotkania mogli tak\u017ce degustowa\u0107 regionalne potrawy, przygotowane przez Ko\u0142a Gospody\u0144 Wiejskich z Guzowa, Zaborowia i ,, Anio\u0142ki Floriana&#8221; z Oro\u0144ska. Swoje stanowisko z domowymi wypiekami oraz smaczn\u0105 kaw\u0105 marki \u201eOro\u0144ska czekolada\u201d, przygotowa\u0142y tak\u017ce rodziny Domowego Ko\u015bcio\u0142a. Spotkanie zako\u0144czy\u0142 Apel Jasnog\u00f3rski, prowadzony przez proboszcza parafii. Nale\u017c\u0105 si\u0119 tak\u017ce du\u017ce podzi\u0119kowania druhom z OSP w Oro\u0144sku za wsparcie techniczne oraz ratownikom ze \u015arodowiskowo-Lekarskiego WOPR w Radomiu za zabezpieczenie ratownicze ca\u0142ej imprezy oraz przygotowanie instrukta\u017cu pierwszej pomocy.<\/p>\n<p><span style=\"color: #00ffff;\"><strong><span style=\"font-size: 18pt;\"><a style=\"color: #00ffff;\" href=\"https:\/\/oronsko.org\/?page_id=17&amp;album=3&amp;gallery=170\">Galeria<\/a><\/span><\/strong><\/span><\/p>\n<p><a href=\"https:\/\/oronsko.org\/wp-content\/uploads\/2022\/06\/DSC_8010-scaled.jpg\" data-rel=\"lightbox-image-0\" data-rl_title=\"\" data-rl_caption=\"\" title=\"\"><img loading=\"lazy\" decoding=\"async\" class=\"wp-image-2811 aligncenter\" src=\"https:\/\/oronsko.org\/wp-content\/uploads\/2022\/06\/DSC_8010-300x199.jpg\" alt=\"\" width=\"577\" height=\"383\" srcset=\"https:\/\/oronsko.org\/wp-content\/uploads\/2022\/06\/DSC_8010-300x199.jpg 300w, https:\/\/oronsko.org\/wp-content\/uploads\/2022\/06\/DSC_8010-1024x680.jpg 1024w, https:\/\/oronsko.org\/wp-content\/uploads\/2022\/06\/DSC_8010-768x510.jpg 768w, https:\/\/oronsko.org\/wp-content\/uploads\/2022\/06\/DSC_8010-1536x1020.jpg 1536w, https:\/\/oronsko.org\/wp-content\/uploads\/2022\/06\/DSC_8010-2048x1360.jpg 2048w, https:\/\/oronsko.org\/wp-content\/uploads\/2022\/06\/DSC_8010-220x145.jpg 220w\" sizes=\"auto, (max-width: 577px) 100vw, 577px\" \/><\/a><\/p>\n","protected":false},"excerpt":{"rendered":"<p>Stowarzyszenie Odnowy i Rozwoju Gminy Oro\u0144sko wraz z parafi\u0105 w Oro\u0144sku zorganizowa\u0142o w niedziel\u0119 26 czerwca 2022 roku spotkanie integracyjne z okazji 65-lecia powstania parafii pw. Wniebowzi\u0119cia NMP w Oro\u0144sku.<\/p>\n","protected":false},"author":2,"featured_media":2811,"comment_status":"open","ping_status":"open","sticky":false,"template":"","format":"standard","meta":{"footnotes":""},"categories":[1],"tags":[],"class_list":["post-2810","post","type-post","status-publish","format-standard","has-post-thumbnail","hentry","category-bez-kategorii"],"yoast_head":"<!-- This site is optimized with the Yoast SEO plugin v26.8 - https:\/\/yoast.com\/product\/yoast-seo-wordpress\/ -->\n<title>65 lat parafii - spotkanie integracyjne - Stowarzyszenie Odnowy i Rozwoju Gminy Oro\u0144sko<\/title>\n<meta name=\"robots\" content=\"index, follow, max-snippet:-1, max-image-preview:large, max-video-preview:-1\" \/>\n<link rel=\"canonical\" href=\"https:\/\/oronsko.org\/?p=2810\" \/>\n<meta property=\"og:locale\" content=\"pl_PL\" \/>\n<meta property=\"og:type\" content=\"article\" \/>\n<meta property=\"og:title\" content=\"65 lat parafii - spotkanie integracyjne - Stowarzyszenie Odnowy i Rozwoju Gminy Oro\u0144sko\" \/>\n<meta property=\"og:description\" content=\"Stowarzyszenie Odnowy i Rozwoju Gminy Oro\u0144sko wraz z parafi\u0105 w Oro\u0144sku zorganizowa\u0142o w niedziel\u0119 26 czerwca 2022 roku spotkanie integracyjne z okazji 65-lecia powstania parafii pw. Wniebowzi\u0119cia NMP w Oro\u0144sku.\" \/>\n<meta property=\"og:url\" content=\"https:\/\/oronsko.org\/?p=2810\" \/>\n<meta property=\"og:site_name\" content=\"Stowarzyszenie Odnowy i Rozwoju Gminy Oro\u0144sko\" \/>\n<meta property=\"article:published_time\" content=\"2022-06-27T19:44:23+00:00\" \/>\n<meta property=\"article:modified_time\" content=\"2022-07-11T16:26:42+00:00\" \/>\n<meta property=\"og:image\" content=\"https:\/\/oronsko.org\/wp-content\/uploads\/2022\/06\/DSC_8010-scaled.jpg\" \/>\n\t<meta property=\"og:image:width\" content=\"2560\" \/>\n\t<meta property=\"og:image:height\" content=\"1700\" \/>\n\t<meta property=\"og:image:type\" content=\"image\/jpeg\" \/>\n<meta name=\"author\" content=\"oronsko\" \/>\n<meta name=\"twitter:card\" content=\"summary_large_image\" \/>\n<meta name=\"twitter:label1\" content=\"Napisane przez\" \/>\n\t<meta name=\"twitter:data1\" content=\"oronsko\" \/>\n\t<meta name=\"twitter:label2\" content=\"Szacowany czas czytania\" \/>\n\t<meta name=\"twitter:data2\" content=\"2 minuty\" \/>\n<script type=\"application\/ld+json\" class=\"yoast-schema-graph\">{\"@context\":\"https:\/\/schema.org\",\"@graph\":[{\"@type\":\"Article\",\"@id\":\"https:\/\/oronsko.org\/?p=2810#article\",\"isPartOf\":{\"@id\":\"https:\/\/oronsko.org\/?p=2810\"},\"author\":{\"name\":\"oronsko\",\"@id\":\"https:\/\/oronsko.org\/#\/schema\/person\/d008aee7ef8cdc6d72c6dddfa0f6fa6a\"},\"headline\":\"65 lat parafii &#8211; spotkanie integracyjne\",\"datePublished\":\"2022-06-27T19:44:23+00:00\",\"dateModified\":\"2022-07-11T16:26:42+00:00\",\"mainEntityOfPage\":{\"@id\":\"https:\/\/oronsko.org\/?p=2810\"},\"wordCount\":369,\"commentCount\":0,\"image\":{\"@id\":\"https:\/\/oronsko.org\/?p=2810#primaryimage\"},\"thumbnailUrl\":\"https:\/\/oronsko.org\/wp-content\/uploads\/2022\/06\/DSC_8010-scaled.jpg\",\"inLanguage\":\"pl-PL\",\"potentialAction\":[{\"@type\":\"CommentAction\",\"name\":\"Comment\",\"target\":[\"https:\/\/oronsko.org\/?p=2810#respond\"]}]},{\"@type\":\"WebPage\",\"@id\":\"https:\/\/oronsko.org\/?p=2810\",\"url\":\"https:\/\/oronsko.org\/?p=2810\",\"name\":\"65 lat parafii - spotkanie integracyjne - Stowarzyszenie Odnowy i Rozwoju Gminy Oro\u0144sko\",\"isPartOf\":{\"@id\":\"https:\/\/oronsko.org\/#website\"},\"primaryImageOfPage\":{\"@id\":\"https:\/\/oronsko.org\/?p=2810#primaryimage\"},\"image\":{\"@id\":\"https:\/\/oronsko.org\/?p=2810#primaryimage\"},\"thumbnailUrl\":\"https:\/\/oronsko.org\/wp-content\/uploads\/2022\/06\/DSC_8010-scaled.jpg\",\"datePublished\":\"2022-06-27T19:44:23+00:00\",\"dateModified\":\"2022-07-11T16:26:42+00:00\",\"author\":{\"@id\":\"https:\/\/oronsko.org\/#\/schema\/person\/d008aee7ef8cdc6d72c6dddfa0f6fa6a\"},\"breadcrumb\":{\"@id\":\"https:\/\/oronsko.org\/?p=2810#breadcrumb\"},\"inLanguage\":\"pl-PL\",\"potentialAction\":[{\"@type\":\"ReadAction\",\"target\":[\"https:\/\/oronsko.org\/?p=2810\"]}]},{\"@type\":\"ImageObject\",\"inLanguage\":\"pl-PL\",\"@id\":\"https:\/\/oronsko.org\/?p=2810#primaryimage\",\"url\":\"https:\/\/oronsko.org\/wp-content\/uploads\/2022\/06\/DSC_8010-scaled.jpg\",\"contentUrl\":\"https:\/\/oronsko.org\/wp-content\/uploads\/2022\/06\/DSC_8010-scaled.jpg\",\"width\":2560,\"height\":1700},{\"@type\":\"BreadcrumbList\",\"@id\":\"https:\/\/oronsko.org\/?p=2810#breadcrumb\",\"itemListElement\":[{\"@type\":\"ListItem\",\"position\":1,\"name\":\"Strona g\u0142\u00f3wna\",\"item\":\"https:\/\/oronsko.org\/\"},{\"@type\":\"ListItem\",\"position\":2,\"name\":\"65 lat parafii &#8211; spotkanie integracyjne\"}]},{\"@type\":\"WebSite\",\"@id\":\"https:\/\/oronsko.org\/#website\",\"url\":\"https:\/\/oronsko.org\/\",\"name\":\"Stowarzyszenie Odnowy i Rozwoju Gminy Oro\u0144sko\",\"description\":\"\",\"potentialAction\":[{\"@type\":\"SearchAction\",\"target\":{\"@type\":\"EntryPoint\",\"urlTemplate\":\"https:\/\/oronsko.org\/?s={search_term_string}\"},\"query-input\":{\"@type\":\"PropertyValueSpecification\",\"valueRequired\":true,\"valueName\":\"search_term_string\"}}],\"inLanguage\":\"pl-PL\"},{\"@type\":\"Person\",\"@id\":\"https:\/\/oronsko.org\/#\/schema\/person\/d008aee7ef8cdc6d72c6dddfa0f6fa6a\",\"name\":\"oronsko\",\"image\":{\"@type\":\"ImageObject\",\"inLanguage\":\"pl-PL\",\"@id\":\"https:\/\/oronsko.org\/#\/schema\/person\/image\/\",\"url\":\"https:\/\/secure.gravatar.com\/avatar\/04d4d850872fa512217e3bbde438f64183869a8f4529665ce1917407f81c2c69?s=96&d=mm&r=g\",\"contentUrl\":\"https:\/\/secure.gravatar.com\/avatar\/04d4d850872fa512217e3bbde438f64183869a8f4529665ce1917407f81c2c69?s=96&d=mm&r=g\",\"caption\":\"oronsko\"},\"url\":\"https:\/\/oronsko.org\/?author=2\"}]}<\/script>\n<!-- \/ Yoast SEO plugin. -->","yoast_head_json":{"title":"65 lat parafii - spotkanie integracyjne - Stowarzyszenie Odnowy i Rozwoju Gminy Oro\u0144sko","robots":{"index":"index","follow":"follow","max-snippet":"max-snippet:-1","max-image-preview":"max-image-preview:large","max-video-preview":"max-video-preview:-1"},"canonical":"https:\/\/oronsko.org\/?p=2810","og_locale":"pl_PL","og_type":"article","og_title":"65 lat parafii - spotkanie integracyjne - Stowarzyszenie Odnowy i Rozwoju Gminy Oro\u0144sko","og_description":"Stowarzyszenie Odnowy i Rozwoju Gminy Oro\u0144sko wraz z parafi\u0105 w Oro\u0144sku zorganizowa\u0142o w niedziel\u0119 26 czerwca 2022 roku spotkanie integracyjne z okazji 65-lecia powstania parafii pw. Wniebowzi\u0119cia NMP w Oro\u0144sku.","og_url":"https:\/\/oronsko.org\/?p=2810","og_site_name":"Stowarzyszenie Odnowy i Rozwoju Gminy Oro\u0144sko","article_published_time":"2022-06-27T19:44:23+00:00","article_modified_time":"2022-07-11T16:26:42+00:00","og_image":[{"width":2560,"height":1700,"url":"https:\/\/oronsko.org\/wp-content\/uploads\/2022\/06\/DSC_8010-scaled.jpg","type":"image\/jpeg"}],"author":"oronsko","twitter_card":"summary_large_image","twitter_misc":{"Napisane przez":"oronsko","Szacowany czas czytania":"2 minuty"},"schema":{"@context":"https:\/\/schema.org","@graph":[{"@type":"Article","@id":"https:\/\/oronsko.org\/?p=2810#article","isPartOf":{"@id":"https:\/\/oronsko.org\/?p=2810"},"author":{"name":"oronsko","@id":"https:\/\/oronsko.org\/#\/schema\/person\/d008aee7ef8cdc6d72c6dddfa0f6fa6a"},"headline":"65 lat parafii &#8211; spotkanie integracyjne","datePublished":"2022-06-27T19:44:23+00:00","dateModified":"2022-07-11T16:26:42+00:00","mainEntityOfPage":{"@id":"https:\/\/oronsko.org\/?p=2810"},"wordCount":369,"commentCount":0,"image":{"@id":"https:\/\/oronsko.org\/?p=2810#primaryimage"},"thumbnailUrl":"https:\/\/oronsko.org\/wp-content\/uploads\/2022\/06\/DSC_8010-scaled.jpg","inLanguage":"pl-PL","potentialAction":[{"@type":"CommentAction","name":"Comment","target":["https:\/\/oronsko.org\/?p=2810#respond"]}]},{"@type":"WebPage","@id":"https:\/\/oronsko.org\/?p=2810","url":"https:\/\/oronsko.org\/?p=2810","name":"65 lat parafii - spotkanie integracyjne - Stowarzyszenie Odnowy i Rozwoju Gminy Oro\u0144sko","isPartOf":{"@id":"https:\/\/oronsko.org\/#website"},"primaryImageOfPage":{"@id":"https:\/\/oronsko.org\/?p=2810#primaryimage"},"image":{"@id":"https:\/\/oronsko.org\/?p=2810#primaryimage"},"thumbnailUrl":"https:\/\/oronsko.org\/wp-content\/uploads\/2022\/06\/DSC_8010-scaled.jpg","datePublished":"2022-06-27T19:44:23+00:00","dateModified":"2022-07-11T16:26:42+00:00","author":{"@id":"https:\/\/oronsko.org\/#\/schema\/person\/d008aee7ef8cdc6d72c6dddfa0f6fa6a"},"breadcrumb":{"@id":"https:\/\/oronsko.org\/?p=2810#breadcrumb"},"inLanguage":"pl-PL","potentialAction":[{"@type":"ReadAction","target":["https:\/\/oronsko.org\/?p=2810"]}]},{"@type":"ImageObject","inLanguage":"pl-PL","@id":"https:\/\/oronsko.org\/?p=2810#primaryimage","url":"https:\/\/oronsko.org\/wp-content\/uploads\/2022\/06\/DSC_8010-scaled.jpg","contentUrl":"https:\/\/oronsko.org\/wp-content\/uploads\/2022\/06\/DSC_8010-scaled.jpg","width":2560,"height":1700},{"@type":"BreadcrumbList","@id":"https:\/\/oronsko.org\/?p=2810#breadcrumb","itemListElement":[{"@type":"ListItem","position":1,"name":"Strona g\u0142\u00f3wna","item":"https:\/\/oronsko.org\/"},{"@type":"ListItem","position":2,"name":"65 lat parafii &#8211; spotkanie integracyjne"}]},{"@type":"WebSite","@id":"https:\/\/oronsko.org\/#website","url":"https:\/\/oronsko.org\/","name":"Stowarzyszenie Odnowy i Rozwoju Gminy Oro\u0144sko","description":"","potentialAction":[{"@type":"SearchAction","target":{"@type":"EntryPoint","urlTemplate":"https:\/\/oronsko.org\/?s={search_term_string}"},"query-input":{"@type":"PropertyValueSpecification","valueRequired":true,"valueName":"search_term_string"}}],"inLanguage":"pl-PL"},{"@type":"Person","@id":"https:\/\/oronsko.org\/#\/schema\/person\/d008aee7ef8cdc6d72c6dddfa0f6fa6a","name":"oronsko","image":{"@type":"ImageObject","inLanguage":"pl-PL","@id":"https:\/\/oronsko.org\/#\/schema\/person\/image\/","url":"https:\/\/secure.gravatar.com\/avatar\/04d4d850872fa512217e3bbde438f64183869a8f4529665ce1917407f81c2c69?s=96&d=mm&r=g","contentUrl":"https:\/\/secure.gravatar.com\/avatar\/04d4d850872fa512217e3bbde438f64183869a8f4529665ce1917407f81c2c69?s=96&d=mm&r=g","caption":"oronsko"},"url":"https:\/\/oronsko.org\/?author=2"}]}},"_links":{"self":[{"href":"https:\/\/oronsko.org\/index.php?rest_route=\/wp\/v2\/posts\/2810","targetHints":{"allow":["GET"]}}],"collection":[{"href":"https:\/\/oronsko.org\/index.php?rest_route=\/wp\/v2\/posts"}],"about":[{"href":"https:\/\/oronsko.org\/index.php?rest_route=\/wp\/v2\/types\/post"}],"author":[{"embeddable":true,"href":"https:\/\/oronsko.org\/index.php?rest_route=\/wp\/v2\/users\/2"}],"replies":[{"embeddable":true,"href":"https:\/\/oronsko.org\/index.php?rest_route=%2Fwp%2Fv2%2Fcomments&post=2810"}],"version-history":[{"count":2,"href":"https:\/\/oronsko.org\/index.php?rest_route=\/wp\/v2\/posts\/2810\/revisions"}],"predecessor-version":[{"id":2814,"href":"https:\/\/oronsko.org\/index.php?rest_route=\/wp\/v2\/posts\/2810\/revisions\/2814"}],"wp:featuredmedia":[{"embeddable":true,"href":"https:\/\/oronsko.org\/index.php?rest_route=\/wp\/v2\/media\/2811"}],"wp:attachment":[{"href":"https:\/\/oronsko.org\/index.php?rest_route=%2Fwp%2Fv2%2Fmedia&parent=2810"}],"wp:term":[{"taxonomy":"category","embeddable":true,"href":"https:\/\/oronsko.org\/index.php?rest_route=%2Fwp%2Fv2%2Fcategories&post=2810"},{"taxonomy":"post_tag","embeddable":true,"href":"https:\/\/oronsko.org\/index.php?rest_route=%2Fwp%2Fv2%2Ftags&post=2810"}],"curies":[{"name":"wp","href":"https:\/\/api.w.org\/{rel}","templated":true}]}}