{"id":2515,"date":"2021-06-14T18:49:54","date_gmt":"2021-06-14T16:49:54","guid":{"rendered":"http:\/\/oronsko.org\/?p=2515"},"modified":"2021-06-14T18:49:54","modified_gmt":"2021-06-14T16:49:54","slug":"wizyta-studyjna-w-plocku","status":"publish","type":"post","link":"https:\/\/oronsko.org\/?p=2515","title":{"rendered":"Wizyta studyjna w P\u0142ocku"},"content":{"rendered":"<p style=\"text-align: justify;\">10 czerwca 2021 roku odby\u0142a si\u0119 wizyta studyjna w przedsi\u0119biorstwach ekonomii spo\u0142ecznej dzia\u0142aj\u0105cych na Mazowszu. Celem wizyty studyjnej by\u0142o zapoznanie si\u0119 z funkcjonowaniem organizacji aktywizuj\u0105cych senior\u00f3w<!--more-->, a tak\u017ce modelami wsp\u00f3\u0142pracy pomi\u0119dzy przedsi\u0119biorstwami ekonomii spo\u0142ecznej a jednostkami samorz\u0105du terytorialnego. W wyje\u017adzie wzi\u0119li udzia\u0142 przedstawiciele partnerstw na rzecz rozwoju ekonomii spo\u0142ecznej, dzia\u0142aj\u0105cych na terenie wojew\u00f3dztwa mazowieckiego. W\u015br\u00f3d uczestnik\u00f3w mo\u017cna wymieni\u0107: Burmistrza Zwolenia \u2013 p. Arkadiusza Sulim\u0119 i\u00a0jego zast\u0119pc\u0119 p. Grzegorza Molendowskiego, \u00a0dyrektora MOPS w Pionkach p.\u00a0Jolant\u0119 Michajluk wraz\u00a0z przedstawicielem Miejskiego O\u015brodka Kultury p. Marcinem G\u00f3ralskim, przedstawiciela GOPS w\u00a0Wolanowie \u2013 p. Judyt\u0119 Piwo\u0144sk\u0105, przedstawicielki PCPR w Radomiu \u2013 p. Agnieszk\u0119 W\u00f3lczy\u0144sk\u0105 i\u00a0Joann\u0119 Jankowsk\u0105, a tak\u017ce przedstawicieli organizacji pozarz\u0105dowych w tym\u00a0 prezesa Stowarzyszenia Zielona Akcja z Radomia \u2013 p. Jaros\u0142awa Staniszewskiego, przedstawiciela sp\u00f3\u0142dzielni socjalnej \u201ePierot&amp;R\u00f3\u017ca\u201d z G\u0105saw Rz\u0105dowych \u2013 p. Beat\u0119 Domaszewicz, czy te\u017c prezesk\u0119 Stowarzyszenia \u201eMosty do zatrudnienia\u201d z Radomia. Partnerstwo szyd\u0142owieckie reprezentowa\u0142 \u00a0tak\u017ce Sylwester R\u00f3\u017cycki \u2013 prezes Stowarzyszenia Odnowy i Rozwoju Gminy Oro\u0144sko (organizacji lideruj\u0105cej partnerstwu w\u00a0powiecie szyd\u0142owieckim), a tak\u017ce p. Magdalena Pi\u0105tkowska \u2013 przedstawiciel GOPS w Oro\u0144sku i\u00a0p.\u00a0Anna Muszy\u0144ska \u2013 opiekun w Klubie Senior+, funkcjonuj\u0105cym w Oro\u0144sku.<\/p>\n<p style=\"text-align: justify;\">Uczestnicy wyjazdu studyjnego go\u015bcili w Centrum Aktywno\u015bci Seniora w M\u0142awie z jego oddzia\u0142ami\u00a0 w\u00a0P\u0142ocku \u2013 czyli przedsi\u0119biorstwami spo\u0142ecznymi prowadzonymi przez Stowarzyszenie na Rzecz Wspierania Aktywno\u015bci Senior\u00f3w AS. W ramach wizyty odwiedzono:<\/p>\n<ul style=\"text-align: justify;\">\n<li>Oddzia\u0142 przedsi\u0119biorstwa prowadzonego przez Stowarzyszenie na Rzecz Wspierania Aktywno\u015bci Senior\u00f3w AS w M\u0142awie ul. Chrobrego 7, 06-500 M\u0142awa<\/li>\n<li>Restauracj\u0119 ,, Gary Babci Krysi\u201d prowadzon\u0105 przez Stowarzyszenie na Rzecz Wspierania Aktywno\u015bci Senior\u00f3w AS zlokalizowan\u0105 na terenie Parku Miejskiego w M\u0142awie<\/li>\n<li>Restauracj\u0119 ,, Gary Babci Krysi\u201d prowadzon\u0105 przez Stowarzyszenie na Rzecz Wspierania Aktywno\u015bci Senior\u00f3w AS w P\u0142ocku na ul. Obro\u0144c\u00f3w P\u0142ocka 1920<\/li>\n<li>Centrum Aktywno\u015bci Seniora w P\u0142ocku, ulica Otoli\u0144ska 6<\/li>\n<li>Restauracja \u201eP\u0142ocki Salonik Babci Krysi: (P\u0142ock ul. Stary Rynek 27) Stare Miasto w P\u0142ocku<\/li>\n<\/ul>\n<p style=\"text-align: justify;\">Podczas wizyty zapoznano si\u0119 z g\u0142\u00f3wnymi obszarami dzia\u0142alno\u015bci organizacji, modelem wsp\u00f3\u0142pracy z\u00a0samorz\u0105dem oraz sposobami promowania organizacji np. poprzez maskotk\u0119 z zastrze\u017conym wzornictwem jakim jest Skrzat Helpik (ciekawostk\u0105 jest symbolika tej maskotki, tj. brak oczu Helpik\u00f3w symbolizuje bezinteresowne niesienie pomocy osobom potrzebuj\u0105cym). Stowarzyszenie zatrudnia na obecn\u0105 chwil\u0119 62 osoby w wi\u0119kszo\u015bci s\u0105 to osoby powy\u017cej 55 roku \u017cycia, a zrzesza \u0142\u0105cznie\u00a0 ponad 5,5 tys. cz\u0142onk\u00f3w. Kluczow\u0105 dzia\u0142alno\u015bci\u0105 Stowarzyszenia jest gastronomia w sieci restauracji \u201eGary Babci Krysi\u201d, serwuj\u0105cych domowe potrawy. Idea przygotowywania posi\u0142k\u00f3w pojawi\u0142a si\u0119 na samym pocz\u0105tku dzia\u0142alno\u015bci stowarzyszenia i by\u0142a skierowana dla wolontariuszy bior\u0105cych udzia\u0142 w\u00a0wykonywaniu maskotek. Nazwa ,,Gary Babci Krysi\u201d jest powi\u0105zana z wolontariuszk\u0105 kt\u00f3ra jako pierwsza przygotowywa\u0142a posi\u0142ki. Dzi\u015b oferta jest szeroka a obs\u0142uga klient\u00f3w odbywa si\u0119 r\u00f3wnie\u017c w\u00a0spos\u00f3b elektroniczny. Mo\u017cliwy jest r\u00f3wnie\u017c dow\u00f3z do klienta detalicznego jak i obs\u0142uga wi\u0119kszych wydarze\u0144 i\u00a0imprez okoliczno\u015bciowych. Osoby zrzeszone w stowarzyszeniu uiszczaj\u0105 op\u0142at\u0119 cz\u0142onkowsk\u0105 w\u00a0wysoko\u015bci 10 z\u0142 miesi\u0119cznie co umo\u017cliwia skorzystanie z ulg w wysoko\u015bci 50% z oferty w\u00a0restauracjach. Seniorzy otrzymuj\u0105 r\u00f3wnie\u017c paczki okoliczno\u015bciowe na \u015awi\u0119ta Bo\u017cego Narodzenia czy \u015awi\u0119ta Wielkiej Nocy w ilo\u015bci 1000 sztuk. Wolontariusze wykonuj\u0105cy maskotki s\u0105 zwolnieni z op\u0142aty cz\u0142onkowskiej jak i op\u0142aty za posi\u0142ki.\u00a0 Osoby najbardziej potrzebuj\u0105ce mog\u0105 skorzysta\u0107 z darmowego posi\u0142ku ,,zawieszony obiad\u201d.<\/p>\n<p style=\"text-align: justify;\">Stowarzyszenie realizuje r\u00f3wnie\u017c program aktywizacyjny skierowany dla senior\u00f3w. W ramach konkursu miasta P\u0142ock skierowany dla organizacji pozarz\u0105dowych w Centrum Aktywizacji Seniora w P\u0142ocku realizowane s\u0105 zaj\u0119cia aktywizacyjne dla senior\u00f3w w niedawno zrewitalizowanym obiekcie. przez miasto. Nale\u017cy zaznaczy\u0107, i\u017c stowarzyszenie wydaje tak\u017ce kwartalnik \u201eAktywny Senior\u201d w nak\u0142adzie siedmiu tysi\u0119cy egzemplarzy. \u00a0Uczestnicy wizyty studyjnej spotkali si\u0119 r\u00f3wnie\u017c z Panem Danielem Urba\u0144skim kierownikiem referatu wsparcia inicjatyw spo\u0142ecznych Urz\u0119du Miasta P\u0142ocka, om\u00f3wiono w dyskusji na czym polega wsp\u00f3\u0142praca urz\u0119du mi\u0119dzy organizacjami pozarz\u0105dowymi. Przybli\u017cono r\u00f3wnie\u017c w jaki spos\u00f3b realizowane s\u0105 zadania w\u0142asne samorz\u0105du przy wsp\u00f3\u0142pracy z organizacjami pozarz\u0105dowymi.\u00a0 Wizyta studyjna pozwoli\u0142a wi\u0119c na zapoznanie si\u0119 z dobrymi praktykami w zakresie ekonomii spo\u0142ecznej w wykonaniu zar\u00f3wno organizacji pozarz\u0105dowych, jak r\u00f3wnie\u017c samorz\u0105du terytorialnego i z pewno\u015bci\u0105 b\u0119dzie stanowi\u0142a impuls do efektywnych dzia\u0142a\u0144 w tym zakresie realizowanych przez inne organizacje, dzia\u0142aj\u0105ce na terenie Mazowsza.<\/p>\n<p><span style=\"font-size: 18pt; color: #00ffff;\"><strong><a style=\"color: #00ffff;\" href=\"http:\/\/oronsko.org\/?page_id=17&amp;album=3&amp;gallery=142\">Galeria<\/a><\/strong><\/span><\/p>\n<p><a href=\"http:\/\/oronsko.org\/wp-content\/uploads\/2021\/06\/BN9A4541-scaled.jpg\" data-rel=\"lightbox-image-0\" data-rl_title=\"\" data-rl_caption=\"\" title=\"\"><img loading=\"lazy\" decoding=\"async\" class=\"wp-image-2516 aligncenter\" src=\"http:\/\/oronsko.org\/wp-content\/uploads\/2021\/06\/BN9A4541-1024x683.jpg\" alt=\"\" width=\"678\" height=\"453\" srcset=\"https:\/\/oronsko.org\/wp-content\/uploads\/2021\/06\/BN9A4541-1024x683.jpg 1024w, https:\/\/oronsko.org\/wp-content\/uploads\/2021\/06\/BN9A4541-300x200.jpg 300w, https:\/\/oronsko.org\/wp-content\/uploads\/2021\/06\/BN9A4541-768x512.jpg 768w, https:\/\/oronsko.org\/wp-content\/uploads\/2021\/06\/BN9A4541-1536x1024.jpg 1536w, https:\/\/oronsko.org\/wp-content\/uploads\/2021\/06\/BN9A4541-2048x1365.jpg 2048w\" sizes=\"auto, (max-width: 678px) 100vw, 678px\" \/><\/a><\/p>\n","protected":false},"excerpt":{"rendered":"<p>10 czerwca 2021 roku odby\u0142a si\u0119 wizyta studyjna w przedsi\u0119biorstwach ekonomii spo\u0142ecznej dzia\u0142aj\u0105cych na Mazowszu. Celem wizyty studyjnej by\u0142o zapoznanie si\u0119 z funkcjonowaniem organizacji aktywizuj\u0105cych senior\u00f3w<\/p>\n","protected":false},"author":2,"featured_media":2516,"comment_status":"open","ping_status":"open","sticky":false,"template":"","format":"standard","meta":{"footnotes":""},"categories":[1],"tags":[],"class_list":["post-2515","post","type-post","status-publish","format-standard","has-post-thumbnail","hentry","category-bez-kategorii"],"yoast_head":"<!-- This site is optimized with the Yoast SEO plugin v26.8 - https:\/\/yoast.com\/product\/yoast-seo-wordpress\/ -->\n<title>Wizyta studyjna w P\u0142ocku - Stowarzyszenie Odnowy i Rozwoju Gminy Oro\u0144sko<\/title>\n<meta name=\"robots\" content=\"index, follow, max-snippet:-1, max-image-preview:large, max-video-preview:-1\" \/>\n<link rel=\"canonical\" href=\"https:\/\/oronsko.org\/?p=2515\" \/>\n<meta property=\"og:locale\" content=\"pl_PL\" \/>\n<meta property=\"og:type\" content=\"article\" \/>\n<meta property=\"og:title\" content=\"Wizyta studyjna w P\u0142ocku - Stowarzyszenie Odnowy i Rozwoju Gminy Oro\u0144sko\" \/>\n<meta property=\"og:description\" content=\"10 czerwca 2021 roku odby\u0142a si\u0119 wizyta studyjna w przedsi\u0119biorstwach ekonomii spo\u0142ecznej dzia\u0142aj\u0105cych na Mazowszu. Celem wizyty studyjnej by\u0142o zapoznanie si\u0119 z funkcjonowaniem organizacji aktywizuj\u0105cych senior\u00f3w\" \/>\n<meta property=\"og:url\" content=\"https:\/\/oronsko.org\/?p=2515\" \/>\n<meta property=\"og:site_name\" content=\"Stowarzyszenie Odnowy i Rozwoju Gminy Oro\u0144sko\" \/>\n<meta property=\"article:published_time\" content=\"2021-06-14T16:49:54+00:00\" \/>\n<meta property=\"og:image\" content=\"https:\/\/oronsko.org\/wp-content\/uploads\/2021\/06\/BN9A4541-scaled.jpg\" \/>\n\t<meta property=\"og:image:width\" content=\"2560\" \/>\n\t<meta property=\"og:image:height\" content=\"1707\" \/>\n\t<meta property=\"og:image:type\" content=\"image\/jpeg\" \/>\n<meta name=\"author\" content=\"oronsko\" \/>\n<meta name=\"twitter:card\" content=\"summary_large_image\" \/>\n<meta name=\"twitter:label1\" content=\"Napisane przez\" \/>\n\t<meta name=\"twitter:data1\" content=\"oronsko\" \/>\n\t<meta name=\"twitter:label2\" content=\"Szacowany czas czytania\" \/>\n\t<meta name=\"twitter:data2\" content=\"3 minuty\" \/>\n<script type=\"application\/ld+json\" class=\"yoast-schema-graph\">{\"@context\":\"https:\/\/schema.org\",\"@graph\":[{\"@type\":\"Article\",\"@id\":\"https:\/\/oronsko.org\/?p=2515#article\",\"isPartOf\":{\"@id\":\"https:\/\/oronsko.org\/?p=2515\"},\"author\":{\"name\":\"oronsko\",\"@id\":\"https:\/\/oronsko.org\/#\/schema\/person\/d008aee7ef8cdc6d72c6dddfa0f6fa6a\"},\"headline\":\"Wizyta studyjna w P\u0142ocku\",\"datePublished\":\"2021-06-14T16:49:54+00:00\",\"mainEntityOfPage\":{\"@id\":\"https:\/\/oronsko.org\/?p=2515\"},\"wordCount\":799,\"commentCount\":0,\"image\":{\"@id\":\"https:\/\/oronsko.org\/?p=2515#primaryimage\"},\"thumbnailUrl\":\"https:\/\/oronsko.org\/wp-content\/uploads\/2021\/06\/BN9A4541-scaled.jpg\",\"inLanguage\":\"pl-PL\",\"potentialAction\":[{\"@type\":\"CommentAction\",\"name\":\"Comment\",\"target\":[\"https:\/\/oronsko.org\/?p=2515#respond\"]}]},{\"@type\":\"WebPage\",\"@id\":\"https:\/\/oronsko.org\/?p=2515\",\"url\":\"https:\/\/oronsko.org\/?p=2515\",\"name\":\"Wizyta studyjna w P\u0142ocku - Stowarzyszenie Odnowy i Rozwoju Gminy Oro\u0144sko\",\"isPartOf\":{\"@id\":\"https:\/\/oronsko.org\/#website\"},\"primaryImageOfPage\":{\"@id\":\"https:\/\/oronsko.org\/?p=2515#primaryimage\"},\"image\":{\"@id\":\"https:\/\/oronsko.org\/?p=2515#primaryimage\"},\"thumbnailUrl\":\"https:\/\/oronsko.org\/wp-content\/uploads\/2021\/06\/BN9A4541-scaled.jpg\",\"datePublished\":\"2021-06-14T16:49:54+00:00\",\"author\":{\"@id\":\"https:\/\/oronsko.org\/#\/schema\/person\/d008aee7ef8cdc6d72c6dddfa0f6fa6a\"},\"breadcrumb\":{\"@id\":\"https:\/\/oronsko.org\/?p=2515#breadcrumb\"},\"inLanguage\":\"pl-PL\",\"potentialAction\":[{\"@type\":\"ReadAction\",\"target\":[\"https:\/\/oronsko.org\/?p=2515\"]}]},{\"@type\":\"ImageObject\",\"inLanguage\":\"pl-PL\",\"@id\":\"https:\/\/oronsko.org\/?p=2515#primaryimage\",\"url\":\"https:\/\/oronsko.org\/wp-content\/uploads\/2021\/06\/BN9A4541-scaled.jpg\",\"contentUrl\":\"https:\/\/oronsko.org\/wp-content\/uploads\/2021\/06\/BN9A4541-scaled.jpg\",\"width\":2560,\"height\":1707},{\"@type\":\"BreadcrumbList\",\"@id\":\"https:\/\/oronsko.org\/?p=2515#breadcrumb\",\"itemListElement\":[{\"@type\":\"ListItem\",\"position\":1,\"name\":\"Strona g\u0142\u00f3wna\",\"item\":\"https:\/\/oronsko.org\/\"},{\"@type\":\"ListItem\",\"position\":2,\"name\":\"Wizyta studyjna w P\u0142ocku\"}]},{\"@type\":\"WebSite\",\"@id\":\"https:\/\/oronsko.org\/#website\",\"url\":\"https:\/\/oronsko.org\/\",\"name\":\"Stowarzyszenie Odnowy i Rozwoju Gminy Oro\u0144sko\",\"description\":\"\",\"potentialAction\":[{\"@type\":\"SearchAction\",\"target\":{\"@type\":\"EntryPoint\",\"urlTemplate\":\"https:\/\/oronsko.org\/?s={search_term_string}\"},\"query-input\":{\"@type\":\"PropertyValueSpecification\",\"valueRequired\":true,\"valueName\":\"search_term_string\"}}],\"inLanguage\":\"pl-PL\"},{\"@type\":\"Person\",\"@id\":\"https:\/\/oronsko.org\/#\/schema\/person\/d008aee7ef8cdc6d72c6dddfa0f6fa6a\",\"name\":\"oronsko\",\"image\":{\"@type\":\"ImageObject\",\"inLanguage\":\"pl-PL\",\"@id\":\"https:\/\/oronsko.org\/#\/schema\/person\/image\/\",\"url\":\"https:\/\/secure.gravatar.com\/avatar\/04d4d850872fa512217e3bbde438f64183869a8f4529665ce1917407f81c2c69?s=96&d=mm&r=g\",\"contentUrl\":\"https:\/\/secure.gravatar.com\/avatar\/04d4d850872fa512217e3bbde438f64183869a8f4529665ce1917407f81c2c69?s=96&d=mm&r=g\",\"caption\":\"oronsko\"},\"url\":\"https:\/\/oronsko.org\/?author=2\"}]}<\/script>\n<!-- \/ Yoast SEO plugin. -->","yoast_head_json":{"title":"Wizyta studyjna w P\u0142ocku - Stowarzyszenie Odnowy i Rozwoju Gminy Oro\u0144sko","robots":{"index":"index","follow":"follow","max-snippet":"max-snippet:-1","max-image-preview":"max-image-preview:large","max-video-preview":"max-video-preview:-1"},"canonical":"https:\/\/oronsko.org\/?p=2515","og_locale":"pl_PL","og_type":"article","og_title":"Wizyta studyjna w P\u0142ocku - Stowarzyszenie Odnowy i Rozwoju Gminy Oro\u0144sko","og_description":"10 czerwca 2021 roku odby\u0142a si\u0119 wizyta studyjna w przedsi\u0119biorstwach ekonomii spo\u0142ecznej dzia\u0142aj\u0105cych na Mazowszu. Celem wizyty studyjnej by\u0142o zapoznanie si\u0119 z funkcjonowaniem organizacji aktywizuj\u0105cych senior\u00f3w","og_url":"https:\/\/oronsko.org\/?p=2515","og_site_name":"Stowarzyszenie Odnowy i Rozwoju Gminy Oro\u0144sko","article_published_time":"2021-06-14T16:49:54+00:00","og_image":[{"width":2560,"height":1707,"url":"https:\/\/oronsko.org\/wp-content\/uploads\/2021\/06\/BN9A4541-scaled.jpg","type":"image\/jpeg"}],"author":"oronsko","twitter_card":"summary_large_image","twitter_misc":{"Napisane przez":"oronsko","Szacowany czas czytania":"3 minuty"},"schema":{"@context":"https:\/\/schema.org","@graph":[{"@type":"Article","@id":"https:\/\/oronsko.org\/?p=2515#article","isPartOf":{"@id":"https:\/\/oronsko.org\/?p=2515"},"author":{"name":"oronsko","@id":"https:\/\/oronsko.org\/#\/schema\/person\/d008aee7ef8cdc6d72c6dddfa0f6fa6a"},"headline":"Wizyta studyjna w P\u0142ocku","datePublished":"2021-06-14T16:49:54+00:00","mainEntityOfPage":{"@id":"https:\/\/oronsko.org\/?p=2515"},"wordCount":799,"commentCount":0,"image":{"@id":"https:\/\/oronsko.org\/?p=2515#primaryimage"},"thumbnailUrl":"https:\/\/oronsko.org\/wp-content\/uploads\/2021\/06\/BN9A4541-scaled.jpg","inLanguage":"pl-PL","potentialAction":[{"@type":"CommentAction","name":"Comment","target":["https:\/\/oronsko.org\/?p=2515#respond"]}]},{"@type":"WebPage","@id":"https:\/\/oronsko.org\/?p=2515","url":"https:\/\/oronsko.org\/?p=2515","name":"Wizyta studyjna w P\u0142ocku - Stowarzyszenie Odnowy i Rozwoju Gminy Oro\u0144sko","isPartOf":{"@id":"https:\/\/oronsko.org\/#website"},"primaryImageOfPage":{"@id":"https:\/\/oronsko.org\/?p=2515#primaryimage"},"image":{"@id":"https:\/\/oronsko.org\/?p=2515#primaryimage"},"thumbnailUrl":"https:\/\/oronsko.org\/wp-content\/uploads\/2021\/06\/BN9A4541-scaled.jpg","datePublished":"2021-06-14T16:49:54+00:00","author":{"@id":"https:\/\/oronsko.org\/#\/schema\/person\/d008aee7ef8cdc6d72c6dddfa0f6fa6a"},"breadcrumb":{"@id":"https:\/\/oronsko.org\/?p=2515#breadcrumb"},"inLanguage":"pl-PL","potentialAction":[{"@type":"ReadAction","target":["https:\/\/oronsko.org\/?p=2515"]}]},{"@type":"ImageObject","inLanguage":"pl-PL","@id":"https:\/\/oronsko.org\/?p=2515#primaryimage","url":"https:\/\/oronsko.org\/wp-content\/uploads\/2021\/06\/BN9A4541-scaled.jpg","contentUrl":"https:\/\/oronsko.org\/wp-content\/uploads\/2021\/06\/BN9A4541-scaled.jpg","width":2560,"height":1707},{"@type":"BreadcrumbList","@id":"https:\/\/oronsko.org\/?p=2515#breadcrumb","itemListElement":[{"@type":"ListItem","position":1,"name":"Strona g\u0142\u00f3wna","item":"https:\/\/oronsko.org\/"},{"@type":"ListItem","position":2,"name":"Wizyta studyjna w P\u0142ocku"}]},{"@type":"WebSite","@id":"https:\/\/oronsko.org\/#website","url":"https:\/\/oronsko.org\/","name":"Stowarzyszenie Odnowy i Rozwoju Gminy Oro\u0144sko","description":"","potentialAction":[{"@type":"SearchAction","target":{"@type":"EntryPoint","urlTemplate":"https:\/\/oronsko.org\/?s={search_term_string}"},"query-input":{"@type":"PropertyValueSpecification","valueRequired":true,"valueName":"search_term_string"}}],"inLanguage":"pl-PL"},{"@type":"Person","@id":"https:\/\/oronsko.org\/#\/schema\/person\/d008aee7ef8cdc6d72c6dddfa0f6fa6a","name":"oronsko","image":{"@type":"ImageObject","inLanguage":"pl-PL","@id":"https:\/\/oronsko.org\/#\/schema\/person\/image\/","url":"https:\/\/secure.gravatar.com\/avatar\/04d4d850872fa512217e3bbde438f64183869a8f4529665ce1917407f81c2c69?s=96&d=mm&r=g","contentUrl":"https:\/\/secure.gravatar.com\/avatar\/04d4d850872fa512217e3bbde438f64183869a8f4529665ce1917407f81c2c69?s=96&d=mm&r=g","caption":"oronsko"},"url":"https:\/\/oronsko.org\/?author=2"}]}},"_links":{"self":[{"href":"https:\/\/oronsko.org\/index.php?rest_route=\/wp\/v2\/posts\/2515","targetHints":{"allow":["GET"]}}],"collection":[{"href":"https:\/\/oronsko.org\/index.php?rest_route=\/wp\/v2\/posts"}],"about":[{"href":"https:\/\/oronsko.org\/index.php?rest_route=\/wp\/v2\/types\/post"}],"author":[{"embeddable":true,"href":"https:\/\/oronsko.org\/index.php?rest_route=\/wp\/v2\/users\/2"}],"replies":[{"embeddable":true,"href":"https:\/\/oronsko.org\/index.php?rest_route=%2Fwp%2Fv2%2Fcomments&post=2515"}],"version-history":[{"count":1,"href":"https:\/\/oronsko.org\/index.php?rest_route=\/wp\/v2\/posts\/2515\/revisions"}],"predecessor-version":[{"id":2517,"href":"https:\/\/oronsko.org\/index.php?rest_route=\/wp\/v2\/posts\/2515\/revisions\/2517"}],"wp:featuredmedia":[{"embeddable":true,"href":"https:\/\/oronsko.org\/index.php?rest_route=\/wp\/v2\/media\/2516"}],"wp:attachment":[{"href":"https:\/\/oronsko.org\/index.php?rest_route=%2Fwp%2Fv2%2Fmedia&parent=2515"}],"wp:term":[{"taxonomy":"category","embeddable":true,"href":"https:\/\/oronsko.org\/index.php?rest_route=%2Fwp%2Fv2%2Fcategories&post=2515"},{"taxonomy":"post_tag","embeddable":true,"href":"https:\/\/oronsko.org\/index.php?rest_route=%2Fwp%2Fv2%2Ftags&post=2515"}],"curies":[{"name":"wp","href":"https:\/\/api.w.org\/{rel}","templated":true}]}}