{"id":2028,"date":"2020-01-06T17:58:03","date_gmt":"2020-01-06T16:58:03","guid":{"rendered":"http:\/\/oronsko.org\/?p=2028"},"modified":"2020-01-06T17:58:43","modified_gmt":"2020-01-06T16:58:43","slug":"wieczor-koled-w-wysokiej","status":"publish","type":"post","link":"https:\/\/oronsko.org\/?p=2028","title":{"rendered":"Wiecz\u00f3r Kol\u0119d w Wysokiej"},"content":{"rendered":"<p style=\"text-align: justify;\">Trwaj\u0105c w rado\u015bci \u015awi\u0105t Bo\u017cego Narodzenie w parafii Wysoka 05-01-2020 odby\u0142 si\u0119 monta\u017c s\u0142owno-muzyczny przygotowany przez parafian, g\u0142\u00f3wnie dzieci i m\u0142odzie\u017c, kt\u00f3rzy recytowali wiersze o tematyce tajemnicy Bo\u017cego Narodzenia.<!--more--> We wzruszaj\u0105cych s\u0142owach m\u0142odzie\u017c przypomnia\u0142a, co jest najwa\u017cniejsze w \u015bwi\u0119towaniu oraz powierzy\u0142a swoje rado\u015bci, ale tak\u017ce troski i problemy nowo narodzonemu Dzieci\u0105tku Jezus.\u00a0Wypowiedzi owe dope\u0142ni\u0142y kol\u0119dy i pastora\u0142ki w wykonaniu sch\u00f3ll parafialnych oraz solist\u00f3w. Na koniec odby\u0142o si\u0119 wsp\u00f3lne kol\u0119dowanie gdzie do \u015bpiewu w\u0142\u0105czyli si\u0119 r\u00f3wnie\u017c uczestnicy przedstawienia.<\/p>\n<p><span style=\"font-size: 18pt; color: #00ffff;\"><strong><a style=\"color: #00ffff;\" href=\"http:\/\/oronsko.org\/?page_id=17&amp;album=3&amp;gallery=129\">Galeria<\/a><\/strong><\/span><\/p>\n<p><a href=\"http:\/\/oronsko.org\/wp-content\/uploads\/2020\/01\/20200105_1758450-scaled.jpg\" data-rel=\"lightbox-image-0\" data-rl_title=\"\" data-rl_caption=\"\" title=\"\"><img loading=\"lazy\" decoding=\"async\" class=\"wp-image-2029 aligncenter\" src=\"http:\/\/oronsko.org\/wp-content\/uploads\/2020\/01\/20200105_1758450-1024x461.jpg\" alt=\"\" width=\"740\" height=\"334\" srcset=\"https:\/\/oronsko.org\/wp-content\/uploads\/2020\/01\/20200105_1758450-1024x461.jpg 1024w, https:\/\/oronsko.org\/wp-content\/uploads\/2020\/01\/20200105_1758450-300x135.jpg 300w, https:\/\/oronsko.org\/wp-content\/uploads\/2020\/01\/20200105_1758450-768x346.jpg 768w, https:\/\/oronsko.org\/wp-content\/uploads\/2020\/01\/20200105_1758450-1536x692.jpg 1536w, https:\/\/oronsko.org\/wp-content\/uploads\/2020\/01\/20200105_1758450-2048x922.jpg 2048w\" sizes=\"auto, (max-width: 740px) 100vw, 740px\" \/><\/a><\/p>\n","protected":false},"excerpt":{"rendered":"<p>Trwaj\u0105c w rado\u015bci \u015awi\u0105t Bo\u017cego Narodzenie w parafii Wysoka 05-01-2020 odby\u0142 si\u0119 monta\u017c s\u0142owno-muzyczny przygotowany przez parafian, g\u0142\u00f3wnie dzieci i m\u0142odzie\u017c, kt\u00f3rzy recytowali wiersze o tematyce tajemnicy Bo\u017cego Narodzenia.<\/p>\n","protected":false},"author":2,"featured_media":2029,"comment_status":"open","ping_status":"open","sticky":false,"template":"","format":"standard","meta":{"footnotes":""},"categories":[1],"tags":[],"class_list":["post-2028","post","type-post","status-publish","format-standard","has-post-thumbnail","hentry","category-bez-kategorii"],"yoast_head":"<!-- This site is optimized with the Yoast SEO plugin v26.8 - https:\/\/yoast.com\/product\/yoast-seo-wordpress\/ -->\n<title>Wiecz\u00f3r Kol\u0119d w Wysokiej - Stowarzyszenie Odnowy i Rozwoju Gminy Oro\u0144sko<\/title>\n<meta name=\"robots\" content=\"index, follow, max-snippet:-1, max-image-preview:large, max-video-preview:-1\" \/>\n<link rel=\"canonical\" href=\"https:\/\/oronsko.org\/?p=2028\" \/>\n<meta property=\"og:locale\" content=\"pl_PL\" \/>\n<meta property=\"og:type\" content=\"article\" \/>\n<meta property=\"og:title\" content=\"Wiecz\u00f3r Kol\u0119d w Wysokiej - Stowarzyszenie Odnowy i Rozwoju Gminy Oro\u0144sko\" \/>\n<meta property=\"og:description\" content=\"Trwaj\u0105c w rado\u015bci \u015awi\u0105t Bo\u017cego Narodzenie w parafii Wysoka 05-01-2020 odby\u0142 si\u0119 monta\u017c s\u0142owno-muzyczny przygotowany przez parafian, g\u0142\u00f3wnie dzieci i m\u0142odzie\u017c, kt\u00f3rzy recytowali wiersze o tematyce tajemnicy Bo\u017cego Narodzenia.\" \/>\n<meta property=\"og:url\" content=\"https:\/\/oronsko.org\/?p=2028\" \/>\n<meta property=\"og:site_name\" content=\"Stowarzyszenie Odnowy i Rozwoju Gminy Oro\u0144sko\" \/>\n<meta property=\"article:published_time\" content=\"2020-01-06T16:58:03+00:00\" \/>\n<meta property=\"article:modified_time\" content=\"2020-01-06T16:58:43+00:00\" \/>\n<meta property=\"og:image\" content=\"https:\/\/oronsko.org\/wp-content\/uploads\/2020\/01\/20200105_1758450-scaled.jpg\" \/>\n\t<meta property=\"og:image:width\" content=\"2560\" \/>\n\t<meta property=\"og:image:height\" content=\"1153\" \/>\n\t<meta property=\"og:image:type\" content=\"image\/jpeg\" \/>\n<meta name=\"author\" content=\"oronsko\" \/>\n<meta name=\"twitter:card\" content=\"summary_large_image\" \/>\n<meta name=\"twitter:label1\" content=\"Napisane przez\" \/>\n\t<meta name=\"twitter:data1\" content=\"oronsko\" \/>\n\t<meta name=\"twitter:label2\" content=\"Szacowany czas czytania\" \/>\n\t<meta name=\"twitter:data2\" content=\"1 minuta\" \/>\n<script type=\"application\/ld+json\" class=\"yoast-schema-graph\">{\"@context\":\"https:\/\/schema.org\",\"@graph\":[{\"@type\":\"Article\",\"@id\":\"https:\/\/oronsko.org\/?p=2028#article\",\"isPartOf\":{\"@id\":\"https:\/\/oronsko.org\/?p=2028\"},\"author\":{\"name\":\"oronsko\",\"@id\":\"https:\/\/oronsko.org\/#\/schema\/person\/d008aee7ef8cdc6d72c6dddfa0f6fa6a\"},\"headline\":\"Wiecz\u00f3r Kol\u0119d w Wysokiej\",\"datePublished\":\"2020-01-06T16:58:03+00:00\",\"dateModified\":\"2020-01-06T16:58:43+00:00\",\"mainEntityOfPage\":{\"@id\":\"https:\/\/oronsko.org\/?p=2028\"},\"wordCount\":116,\"commentCount\":0,\"image\":{\"@id\":\"https:\/\/oronsko.org\/?p=2028#primaryimage\"},\"thumbnailUrl\":\"https:\/\/oronsko.org\/wp-content\/uploads\/2020\/01\/20200105_1758450-scaled.jpg\",\"inLanguage\":\"pl-PL\",\"potentialAction\":[{\"@type\":\"CommentAction\",\"name\":\"Comment\",\"target\":[\"https:\/\/oronsko.org\/?p=2028#respond\"]}]},{\"@type\":\"WebPage\",\"@id\":\"https:\/\/oronsko.org\/?p=2028\",\"url\":\"https:\/\/oronsko.org\/?p=2028\",\"name\":\"Wiecz\u00f3r Kol\u0119d w Wysokiej - Stowarzyszenie Odnowy i Rozwoju Gminy Oro\u0144sko\",\"isPartOf\":{\"@id\":\"https:\/\/oronsko.org\/#website\"},\"primaryImageOfPage\":{\"@id\":\"https:\/\/oronsko.org\/?p=2028#primaryimage\"},\"image\":{\"@id\":\"https:\/\/oronsko.org\/?p=2028#primaryimage\"},\"thumbnailUrl\":\"https:\/\/oronsko.org\/wp-content\/uploads\/2020\/01\/20200105_1758450-scaled.jpg\",\"datePublished\":\"2020-01-06T16:58:03+00:00\",\"dateModified\":\"2020-01-06T16:58:43+00:00\",\"author\":{\"@id\":\"https:\/\/oronsko.org\/#\/schema\/person\/d008aee7ef8cdc6d72c6dddfa0f6fa6a\"},\"breadcrumb\":{\"@id\":\"https:\/\/oronsko.org\/?p=2028#breadcrumb\"},\"inLanguage\":\"pl-PL\",\"potentialAction\":[{\"@type\":\"ReadAction\",\"target\":[\"https:\/\/oronsko.org\/?p=2028\"]}]},{\"@type\":\"ImageObject\",\"inLanguage\":\"pl-PL\",\"@id\":\"https:\/\/oronsko.org\/?p=2028#primaryimage\",\"url\":\"https:\/\/oronsko.org\/wp-content\/uploads\/2020\/01\/20200105_1758450-scaled.jpg\",\"contentUrl\":\"https:\/\/oronsko.org\/wp-content\/uploads\/2020\/01\/20200105_1758450-scaled.jpg\",\"width\":2560,\"height\":1153},{\"@type\":\"BreadcrumbList\",\"@id\":\"https:\/\/oronsko.org\/?p=2028#breadcrumb\",\"itemListElement\":[{\"@type\":\"ListItem\",\"position\":1,\"name\":\"Strona g\u0142\u00f3wna\",\"item\":\"https:\/\/oronsko.org\/\"},{\"@type\":\"ListItem\",\"position\":2,\"name\":\"Wiecz\u00f3r Kol\u0119d w Wysokiej\"}]},{\"@type\":\"WebSite\",\"@id\":\"https:\/\/oronsko.org\/#website\",\"url\":\"https:\/\/oronsko.org\/\",\"name\":\"Stowarzyszenie Odnowy i Rozwoju Gminy Oro\u0144sko\",\"description\":\"\",\"potentialAction\":[{\"@type\":\"SearchAction\",\"target\":{\"@type\":\"EntryPoint\",\"urlTemplate\":\"https:\/\/oronsko.org\/?s={search_term_string}\"},\"query-input\":{\"@type\":\"PropertyValueSpecification\",\"valueRequired\":true,\"valueName\":\"search_term_string\"}}],\"inLanguage\":\"pl-PL\"},{\"@type\":\"Person\",\"@id\":\"https:\/\/oronsko.org\/#\/schema\/person\/d008aee7ef8cdc6d72c6dddfa0f6fa6a\",\"name\":\"oronsko\",\"image\":{\"@type\":\"ImageObject\",\"inLanguage\":\"pl-PL\",\"@id\":\"https:\/\/oronsko.org\/#\/schema\/person\/image\/\",\"url\":\"https:\/\/secure.gravatar.com\/avatar\/04d4d850872fa512217e3bbde438f64183869a8f4529665ce1917407f81c2c69?s=96&d=mm&r=g\",\"contentUrl\":\"https:\/\/secure.gravatar.com\/avatar\/04d4d850872fa512217e3bbde438f64183869a8f4529665ce1917407f81c2c69?s=96&d=mm&r=g\",\"caption\":\"oronsko\"},\"url\":\"https:\/\/oronsko.org\/?author=2\"}]}<\/script>\n<!-- \/ Yoast SEO plugin. -->","yoast_head_json":{"title":"Wiecz\u00f3r Kol\u0119d w Wysokiej - Stowarzyszenie Odnowy i Rozwoju Gminy Oro\u0144sko","robots":{"index":"index","follow":"follow","max-snippet":"max-snippet:-1","max-image-preview":"max-image-preview:large","max-video-preview":"max-video-preview:-1"},"canonical":"https:\/\/oronsko.org\/?p=2028","og_locale":"pl_PL","og_type":"article","og_title":"Wiecz\u00f3r Kol\u0119d w Wysokiej - Stowarzyszenie Odnowy i Rozwoju Gminy Oro\u0144sko","og_description":"Trwaj\u0105c w rado\u015bci \u015awi\u0105t Bo\u017cego Narodzenie w parafii Wysoka 05-01-2020 odby\u0142 si\u0119 monta\u017c s\u0142owno-muzyczny przygotowany przez parafian, g\u0142\u00f3wnie dzieci i m\u0142odzie\u017c, kt\u00f3rzy recytowali wiersze o tematyce tajemnicy Bo\u017cego Narodzenia.","og_url":"https:\/\/oronsko.org\/?p=2028","og_site_name":"Stowarzyszenie Odnowy i Rozwoju Gminy Oro\u0144sko","article_published_time":"2020-01-06T16:58:03+00:00","article_modified_time":"2020-01-06T16:58:43+00:00","og_image":[{"width":2560,"height":1153,"url":"https:\/\/oronsko.org\/wp-content\/uploads\/2020\/01\/20200105_1758450-scaled.jpg","type":"image\/jpeg"}],"author":"oronsko","twitter_card":"summary_large_image","twitter_misc":{"Napisane przez":"oronsko","Szacowany czas czytania":"1 minuta"},"schema":{"@context":"https:\/\/schema.org","@graph":[{"@type":"Article","@id":"https:\/\/oronsko.org\/?p=2028#article","isPartOf":{"@id":"https:\/\/oronsko.org\/?p=2028"},"author":{"name":"oronsko","@id":"https:\/\/oronsko.org\/#\/schema\/person\/d008aee7ef8cdc6d72c6dddfa0f6fa6a"},"headline":"Wiecz\u00f3r Kol\u0119d w Wysokiej","datePublished":"2020-01-06T16:58:03+00:00","dateModified":"2020-01-06T16:58:43+00:00","mainEntityOfPage":{"@id":"https:\/\/oronsko.org\/?p=2028"},"wordCount":116,"commentCount":0,"image":{"@id":"https:\/\/oronsko.org\/?p=2028#primaryimage"},"thumbnailUrl":"https:\/\/oronsko.org\/wp-content\/uploads\/2020\/01\/20200105_1758450-scaled.jpg","inLanguage":"pl-PL","potentialAction":[{"@type":"CommentAction","name":"Comment","target":["https:\/\/oronsko.org\/?p=2028#respond"]}]},{"@type":"WebPage","@id":"https:\/\/oronsko.org\/?p=2028","url":"https:\/\/oronsko.org\/?p=2028","name":"Wiecz\u00f3r Kol\u0119d w Wysokiej - Stowarzyszenie Odnowy i Rozwoju Gminy Oro\u0144sko","isPartOf":{"@id":"https:\/\/oronsko.org\/#website"},"primaryImageOfPage":{"@id":"https:\/\/oronsko.org\/?p=2028#primaryimage"},"image":{"@id":"https:\/\/oronsko.org\/?p=2028#primaryimage"},"thumbnailUrl":"https:\/\/oronsko.org\/wp-content\/uploads\/2020\/01\/20200105_1758450-scaled.jpg","datePublished":"2020-01-06T16:58:03+00:00","dateModified":"2020-01-06T16:58:43+00:00","author":{"@id":"https:\/\/oronsko.org\/#\/schema\/person\/d008aee7ef8cdc6d72c6dddfa0f6fa6a"},"breadcrumb":{"@id":"https:\/\/oronsko.org\/?p=2028#breadcrumb"},"inLanguage":"pl-PL","potentialAction":[{"@type":"ReadAction","target":["https:\/\/oronsko.org\/?p=2028"]}]},{"@type":"ImageObject","inLanguage":"pl-PL","@id":"https:\/\/oronsko.org\/?p=2028#primaryimage","url":"https:\/\/oronsko.org\/wp-content\/uploads\/2020\/01\/20200105_1758450-scaled.jpg","contentUrl":"https:\/\/oronsko.org\/wp-content\/uploads\/2020\/01\/20200105_1758450-scaled.jpg","width":2560,"height":1153},{"@type":"BreadcrumbList","@id":"https:\/\/oronsko.org\/?p=2028#breadcrumb","itemListElement":[{"@type":"ListItem","position":1,"name":"Strona g\u0142\u00f3wna","item":"https:\/\/oronsko.org\/"},{"@type":"ListItem","position":2,"name":"Wiecz\u00f3r Kol\u0119d w Wysokiej"}]},{"@type":"WebSite","@id":"https:\/\/oronsko.org\/#website","url":"https:\/\/oronsko.org\/","name":"Stowarzyszenie Odnowy i Rozwoju Gminy Oro\u0144sko","description":"","potentialAction":[{"@type":"SearchAction","target":{"@type":"EntryPoint","urlTemplate":"https:\/\/oronsko.org\/?s={search_term_string}"},"query-input":{"@type":"PropertyValueSpecification","valueRequired":true,"valueName":"search_term_string"}}],"inLanguage":"pl-PL"},{"@type":"Person","@id":"https:\/\/oronsko.org\/#\/schema\/person\/d008aee7ef8cdc6d72c6dddfa0f6fa6a","name":"oronsko","image":{"@type":"ImageObject","inLanguage":"pl-PL","@id":"https:\/\/oronsko.org\/#\/schema\/person\/image\/","url":"https:\/\/secure.gravatar.com\/avatar\/04d4d850872fa512217e3bbde438f64183869a8f4529665ce1917407f81c2c69?s=96&d=mm&r=g","contentUrl":"https:\/\/secure.gravatar.com\/avatar\/04d4d850872fa512217e3bbde438f64183869a8f4529665ce1917407f81c2c69?s=96&d=mm&r=g","caption":"oronsko"},"url":"https:\/\/oronsko.org\/?author=2"}]}},"_links":{"self":[{"href":"https:\/\/oronsko.org\/index.php?rest_route=\/wp\/v2\/posts\/2028","targetHints":{"allow":["GET"]}}],"collection":[{"href":"https:\/\/oronsko.org\/index.php?rest_route=\/wp\/v2\/posts"}],"about":[{"href":"https:\/\/oronsko.org\/index.php?rest_route=\/wp\/v2\/types\/post"}],"author":[{"embeddable":true,"href":"https:\/\/oronsko.org\/index.php?rest_route=\/wp\/v2\/users\/2"}],"replies":[{"embeddable":true,"href":"https:\/\/oronsko.org\/index.php?rest_route=%2Fwp%2Fv2%2Fcomments&post=2028"}],"version-history":[{"count":1,"href":"https:\/\/oronsko.org\/index.php?rest_route=\/wp\/v2\/posts\/2028\/revisions"}],"predecessor-version":[{"id":2030,"href":"https:\/\/oronsko.org\/index.php?rest_route=\/wp\/v2\/posts\/2028\/revisions\/2030"}],"wp:featuredmedia":[{"embeddable":true,"href":"https:\/\/oronsko.org\/index.php?rest_route=\/wp\/v2\/media\/2029"}],"wp:attachment":[{"href":"https:\/\/oronsko.org\/index.php?rest_route=%2Fwp%2Fv2%2Fmedia&parent=2028"}],"wp:term":[{"taxonomy":"category","embeddable":true,"href":"https:\/\/oronsko.org\/index.php?rest_route=%2Fwp%2Fv2%2Fcategories&post=2028"},{"taxonomy":"post_tag","embeddable":true,"href":"https:\/\/oronsko.org\/index.php?rest_route=%2Fwp%2Fv2%2Ftags&post=2028"}],"curies":[{"name":"wp","href":"https:\/\/api.w.org\/{rel}","templated":true}]}}