{"id":1999,"date":"2020-01-05T21:52:07","date_gmt":"2020-01-05T20:52:07","guid":{"rendered":"http:\/\/oronsko.org\/?p=1999"},"modified":"2020-01-06T16:46:37","modified_gmt":"2020-01-06T15:46:37","slug":"zaproszenie-na-viii-forum-dyskusyjne","status":"publish","type":"post","link":"https:\/\/oronsko.org\/?p=1999","title":{"rendered":"Zaproszenie na VIII Forum Dyskusyjne"},"content":{"rendered":"<p style=\"text-align: center;\"><span style=\"font-size: 14pt;\">Zapraszamy na Forum Dyskusyjne<\/span><\/p>\n<p style=\"text-align: center;\"><span style=\"font-size: 14pt;\">Zarz\u0105d Stowarzyszenia Odnowy i Rozwoju Gminy Oro\u0144sko zaprasza mieszka\u0144c\u00f3w gminy na VIII Forum Dyskusyjne Lokalnych Organizacji Pozarz\u0105dowych,<\/span><!--more--><\/p>\n<p style=\"text-align: center;\"><span style=\"font-size: 14pt;\">\u00a0 kt\u00f3rego celem jest integracja \u015brodowiska oraz podsumowanie dzia\u0142a\u0144 sektora pozarz\u0105dowego z terenu Gminy Oro\u0144sko wraz z dyskusj\u0105 propozycji projektowych na rok 2020 oraz przygotowanie materia\u0142\u00f3w do opracowania harmonogramu imprez w bie\u017c\u0105cym roku na terenie gminy. Konferencja odb\u0119dzie si\u0119 w Pa\u0142acu J\u00f3zefa Brandta na terenie Centrum Rze\u017aby Polskiej w Oro\u0144sku w dniu 19 stycznia 2020 r. o godz. 13.30. Ramowy program spotkania przedstawiono poni\u017cej. Organizacje pozarz\u0105dowe zainteresowane przedstawieniem prezentacji powinny przygotowa\u0107 materia\u0142 zgodnie z za\u0142\u0105czonym poni\u017cej regulaminem i przes\u0142a\u0107 na adres mailowy <a href=\"mailto:stowarzyszenie.oronsko@gmail.com\"><span style=\"color: #00ccff;\">stowarzyszenie.oronsko@gmail.com<\/span><\/a> najp\u00f3\u017aniej do 12 stycznia 2020 roku.<\/span><\/p>\n<p style=\"text-align: justify;\"><a href=\"http:\/\/oronsko.org\/wp-content\/uploads\/2020\/01\/Regulamin-VIII-Forum-Dyskusyjnego.docx\"><em><strong><span style=\"font-size: 12pt; color: #00ccff;\">Regulamin VIII Forum Dyskusyjnego<\/span><\/strong><\/em><\/a><\/p>\n<p style=\"text-align: left;\"><span style=\"font-size: 14pt;\">Ramowy plan spotkania:<\/span><br \/>\n<span style=\"font-size: 14pt;\">Godz. 13.30 \u2013 13.35 \u2013 otwarcie konferencji<\/span><br \/>\n<span style=\"font-size: 14pt;\">Godz. 13.35 \u2013 14.00 \u2013 prezentacja zbiorcza dzia\u0142alno\u015bci NGO\u2019s na terenie Gminy Oro\u0144sko<\/span><br \/>\n<span style=\"font-size: 14pt;\">Godz. 14.00 \u2013 14.20 \u2013 prezentacja Stowarzyszenia Odnowy i Rozwoju Gminy Oro\u0144sko<\/span><br \/>\n<span style=\"font-size: 14pt;\">Godz. 14.20 \u2013 16.20 \u2013 prezentacje indywidualne NGO\u2019s<\/span><br \/>\n<span style=\"font-size: 14pt;\">Godz. 16.20 \u2013 17.00 \u2013 dyskusja nad kierunkami wsp\u00f3lnych dzia\u0142a\u0144<\/span><\/p>\n<p style=\"text-align: center;\"><a href=\"http:\/\/oronsko.org\/wp-content\/uploads\/2020\/01\/forumdyskusyjne.jpg\" data-rel=\"lightbox-image-0\" data-rl_title=\"\" data-rl_caption=\"\" title=\"\"><img loading=\"lazy\" decoding=\"async\" class=\"alignnone size-full wp-image-2004\" src=\"http:\/\/oronsko.org\/wp-content\/uploads\/2020\/01\/forumdyskusyjne.jpg\" alt=\"\" width=\"644\" height=\"428\" srcset=\"https:\/\/oronsko.org\/wp-content\/uploads\/2020\/01\/forumdyskusyjne.jpg 644w, https:\/\/oronsko.org\/wp-content\/uploads\/2020\/01\/forumdyskusyjne-300x199.jpg 300w, https:\/\/oronsko.org\/wp-content\/uploads\/2020\/01\/forumdyskusyjne-220x145.jpg 220w\" sizes=\"auto, (max-width: 644px) 100vw, 644px\" \/><\/a><\/p>\n","protected":false},"excerpt":{"rendered":"<p>Zapraszamy na Forum Dyskusyjne Zarz\u0105d Stowarzyszenia Odnowy i Rozwoju Gminy Oro\u0144sko zaprasza mieszka\u0144c\u00f3w gminy na VIII Forum Dyskusyjne Lokalnych Organizacji Pozarz\u0105dowych,<\/p>\n","protected":false},"author":2,"featured_media":2004,"comment_status":"open","ping_status":"open","sticky":false,"template":"","format":"standard","meta":{"footnotes":""},"categories":[1],"tags":[],"class_list":["post-1999","post","type-post","status-publish","format-standard","has-post-thumbnail","hentry","category-bez-kategorii"],"yoast_head":"<!-- This site is optimized with the Yoast SEO plugin v26.8 - https:\/\/yoast.com\/product\/yoast-seo-wordpress\/ -->\n<title>Zaproszenie na VIII Forum Dyskusyjne - Stowarzyszenie Odnowy i Rozwoju Gminy Oro\u0144sko<\/title>\n<meta name=\"robots\" content=\"index, follow, max-snippet:-1, max-image-preview:large, max-video-preview:-1\" \/>\n<link rel=\"canonical\" href=\"https:\/\/oronsko.org\/?p=1999\" \/>\n<meta property=\"og:locale\" content=\"pl_PL\" \/>\n<meta property=\"og:type\" content=\"article\" \/>\n<meta property=\"og:title\" content=\"Zaproszenie na VIII Forum Dyskusyjne - Stowarzyszenie Odnowy i Rozwoju Gminy Oro\u0144sko\" \/>\n<meta property=\"og:description\" content=\"Zapraszamy na Forum Dyskusyjne Zarz\u0105d Stowarzyszenia Odnowy i Rozwoju Gminy Oro\u0144sko zaprasza mieszka\u0144c\u00f3w gminy na VIII Forum Dyskusyjne Lokalnych Organizacji Pozarz\u0105dowych,\" \/>\n<meta property=\"og:url\" content=\"https:\/\/oronsko.org\/?p=1999\" \/>\n<meta property=\"og:site_name\" content=\"Stowarzyszenie Odnowy i Rozwoju Gminy Oro\u0144sko\" \/>\n<meta property=\"article:published_time\" content=\"2020-01-05T20:52:07+00:00\" \/>\n<meta property=\"article:modified_time\" content=\"2020-01-06T15:46:37+00:00\" \/>\n<meta property=\"og:image\" content=\"https:\/\/oronsko.org\/wp-content\/uploads\/2020\/01\/forumdyskusyjne.jpg\" \/>\n\t<meta property=\"og:image:width\" content=\"644\" \/>\n\t<meta property=\"og:image:height\" content=\"428\" \/>\n\t<meta property=\"og:image:type\" content=\"image\/jpeg\" \/>\n<meta name=\"author\" content=\"oronsko\" \/>\n<meta name=\"twitter:card\" content=\"summary_large_image\" \/>\n<meta name=\"twitter:label1\" content=\"Napisane przez\" \/>\n\t<meta name=\"twitter:data1\" content=\"oronsko\" \/>\n\t<meta name=\"twitter:label2\" content=\"Szacowany czas czytania\" \/>\n\t<meta name=\"twitter:data2\" content=\"1 minuta\" \/>\n<script type=\"application\/ld+json\" class=\"yoast-schema-graph\">{\"@context\":\"https:\/\/schema.org\",\"@graph\":[{\"@type\":\"Article\",\"@id\":\"https:\/\/oronsko.org\/?p=1999#article\",\"isPartOf\":{\"@id\":\"https:\/\/oronsko.org\/?p=1999\"},\"author\":{\"name\":\"oronsko\",\"@id\":\"https:\/\/oronsko.org\/#\/schema\/person\/d008aee7ef8cdc6d72c6dddfa0f6fa6a\"},\"headline\":\"Zaproszenie na VIII Forum Dyskusyjne\",\"datePublished\":\"2020-01-05T20:52:07+00:00\",\"dateModified\":\"2020-01-06T15:46:37+00:00\",\"mainEntityOfPage\":{\"@id\":\"https:\/\/oronsko.org\/?p=1999\"},\"wordCount\":178,\"commentCount\":0,\"image\":{\"@id\":\"https:\/\/oronsko.org\/?p=1999#primaryimage\"},\"thumbnailUrl\":\"https:\/\/oronsko.org\/wp-content\/uploads\/2020\/01\/forumdyskusyjne.jpg\",\"inLanguage\":\"pl-PL\",\"potentialAction\":[{\"@type\":\"CommentAction\",\"name\":\"Comment\",\"target\":[\"https:\/\/oronsko.org\/?p=1999#respond\"]}]},{\"@type\":\"WebPage\",\"@id\":\"https:\/\/oronsko.org\/?p=1999\",\"url\":\"https:\/\/oronsko.org\/?p=1999\",\"name\":\"Zaproszenie na VIII Forum Dyskusyjne - Stowarzyszenie Odnowy i Rozwoju Gminy Oro\u0144sko\",\"isPartOf\":{\"@id\":\"https:\/\/oronsko.org\/#website\"},\"primaryImageOfPage\":{\"@id\":\"https:\/\/oronsko.org\/?p=1999#primaryimage\"},\"image\":{\"@id\":\"https:\/\/oronsko.org\/?p=1999#primaryimage\"},\"thumbnailUrl\":\"https:\/\/oronsko.org\/wp-content\/uploads\/2020\/01\/forumdyskusyjne.jpg\",\"datePublished\":\"2020-01-05T20:52:07+00:00\",\"dateModified\":\"2020-01-06T15:46:37+00:00\",\"author\":{\"@id\":\"https:\/\/oronsko.org\/#\/schema\/person\/d008aee7ef8cdc6d72c6dddfa0f6fa6a\"},\"breadcrumb\":{\"@id\":\"https:\/\/oronsko.org\/?p=1999#breadcrumb\"},\"inLanguage\":\"pl-PL\",\"potentialAction\":[{\"@type\":\"ReadAction\",\"target\":[\"https:\/\/oronsko.org\/?p=1999\"]}]},{\"@type\":\"ImageObject\",\"inLanguage\":\"pl-PL\",\"@id\":\"https:\/\/oronsko.org\/?p=1999#primaryimage\",\"url\":\"https:\/\/oronsko.org\/wp-content\/uploads\/2020\/01\/forumdyskusyjne.jpg\",\"contentUrl\":\"https:\/\/oronsko.org\/wp-content\/uploads\/2020\/01\/forumdyskusyjne.jpg\",\"width\":644,\"height\":428},{\"@type\":\"BreadcrumbList\",\"@id\":\"https:\/\/oronsko.org\/?p=1999#breadcrumb\",\"itemListElement\":[{\"@type\":\"ListItem\",\"position\":1,\"name\":\"Strona g\u0142\u00f3wna\",\"item\":\"https:\/\/oronsko.org\/\"},{\"@type\":\"ListItem\",\"position\":2,\"name\":\"Zaproszenie na VIII Forum Dyskusyjne\"}]},{\"@type\":\"WebSite\",\"@id\":\"https:\/\/oronsko.org\/#website\",\"url\":\"https:\/\/oronsko.org\/\",\"name\":\"Stowarzyszenie Odnowy i Rozwoju Gminy Oro\u0144sko\",\"description\":\"\",\"potentialAction\":[{\"@type\":\"SearchAction\",\"target\":{\"@type\":\"EntryPoint\",\"urlTemplate\":\"https:\/\/oronsko.org\/?s={search_term_string}\"},\"query-input\":{\"@type\":\"PropertyValueSpecification\",\"valueRequired\":true,\"valueName\":\"search_term_string\"}}],\"inLanguage\":\"pl-PL\"},{\"@type\":\"Person\",\"@id\":\"https:\/\/oronsko.org\/#\/schema\/person\/d008aee7ef8cdc6d72c6dddfa0f6fa6a\",\"name\":\"oronsko\",\"image\":{\"@type\":\"ImageObject\",\"inLanguage\":\"pl-PL\",\"@id\":\"https:\/\/oronsko.org\/#\/schema\/person\/image\/\",\"url\":\"https:\/\/secure.gravatar.com\/avatar\/04d4d850872fa512217e3bbde438f64183869a8f4529665ce1917407f81c2c69?s=96&d=mm&r=g\",\"contentUrl\":\"https:\/\/secure.gravatar.com\/avatar\/04d4d850872fa512217e3bbde438f64183869a8f4529665ce1917407f81c2c69?s=96&d=mm&r=g\",\"caption\":\"oronsko\"},\"url\":\"https:\/\/oronsko.org\/?author=2\"}]}<\/script>\n<!-- \/ Yoast SEO plugin. -->","yoast_head_json":{"title":"Zaproszenie na VIII Forum Dyskusyjne - Stowarzyszenie Odnowy i Rozwoju Gminy Oro\u0144sko","robots":{"index":"index","follow":"follow","max-snippet":"max-snippet:-1","max-image-preview":"max-image-preview:large","max-video-preview":"max-video-preview:-1"},"canonical":"https:\/\/oronsko.org\/?p=1999","og_locale":"pl_PL","og_type":"article","og_title":"Zaproszenie na VIII Forum Dyskusyjne - Stowarzyszenie Odnowy i Rozwoju Gminy Oro\u0144sko","og_description":"Zapraszamy na Forum Dyskusyjne Zarz\u0105d Stowarzyszenia Odnowy i Rozwoju Gminy Oro\u0144sko zaprasza mieszka\u0144c\u00f3w gminy na VIII Forum Dyskusyjne Lokalnych Organizacji Pozarz\u0105dowych,","og_url":"https:\/\/oronsko.org\/?p=1999","og_site_name":"Stowarzyszenie Odnowy i Rozwoju Gminy Oro\u0144sko","article_published_time":"2020-01-05T20:52:07+00:00","article_modified_time":"2020-01-06T15:46:37+00:00","og_image":[{"width":644,"height":428,"url":"https:\/\/oronsko.org\/wp-content\/uploads\/2020\/01\/forumdyskusyjne.jpg","type":"image\/jpeg"}],"author":"oronsko","twitter_card":"summary_large_image","twitter_misc":{"Napisane przez":"oronsko","Szacowany czas czytania":"1 minuta"},"schema":{"@context":"https:\/\/schema.org","@graph":[{"@type":"Article","@id":"https:\/\/oronsko.org\/?p=1999#article","isPartOf":{"@id":"https:\/\/oronsko.org\/?p=1999"},"author":{"name":"oronsko","@id":"https:\/\/oronsko.org\/#\/schema\/person\/d008aee7ef8cdc6d72c6dddfa0f6fa6a"},"headline":"Zaproszenie na VIII Forum Dyskusyjne","datePublished":"2020-01-05T20:52:07+00:00","dateModified":"2020-01-06T15:46:37+00:00","mainEntityOfPage":{"@id":"https:\/\/oronsko.org\/?p=1999"},"wordCount":178,"commentCount":0,"image":{"@id":"https:\/\/oronsko.org\/?p=1999#primaryimage"},"thumbnailUrl":"https:\/\/oronsko.org\/wp-content\/uploads\/2020\/01\/forumdyskusyjne.jpg","inLanguage":"pl-PL","potentialAction":[{"@type":"CommentAction","name":"Comment","target":["https:\/\/oronsko.org\/?p=1999#respond"]}]},{"@type":"WebPage","@id":"https:\/\/oronsko.org\/?p=1999","url":"https:\/\/oronsko.org\/?p=1999","name":"Zaproszenie na VIII Forum Dyskusyjne - Stowarzyszenie Odnowy i Rozwoju Gminy Oro\u0144sko","isPartOf":{"@id":"https:\/\/oronsko.org\/#website"},"primaryImageOfPage":{"@id":"https:\/\/oronsko.org\/?p=1999#primaryimage"},"image":{"@id":"https:\/\/oronsko.org\/?p=1999#primaryimage"},"thumbnailUrl":"https:\/\/oronsko.org\/wp-content\/uploads\/2020\/01\/forumdyskusyjne.jpg","datePublished":"2020-01-05T20:52:07+00:00","dateModified":"2020-01-06T15:46:37+00:00","author":{"@id":"https:\/\/oronsko.org\/#\/schema\/person\/d008aee7ef8cdc6d72c6dddfa0f6fa6a"},"breadcrumb":{"@id":"https:\/\/oronsko.org\/?p=1999#breadcrumb"},"inLanguage":"pl-PL","potentialAction":[{"@type":"ReadAction","target":["https:\/\/oronsko.org\/?p=1999"]}]},{"@type":"ImageObject","inLanguage":"pl-PL","@id":"https:\/\/oronsko.org\/?p=1999#primaryimage","url":"https:\/\/oronsko.org\/wp-content\/uploads\/2020\/01\/forumdyskusyjne.jpg","contentUrl":"https:\/\/oronsko.org\/wp-content\/uploads\/2020\/01\/forumdyskusyjne.jpg","width":644,"height":428},{"@type":"BreadcrumbList","@id":"https:\/\/oronsko.org\/?p=1999#breadcrumb","itemListElement":[{"@type":"ListItem","position":1,"name":"Strona g\u0142\u00f3wna","item":"https:\/\/oronsko.org\/"},{"@type":"ListItem","position":2,"name":"Zaproszenie na VIII Forum Dyskusyjne"}]},{"@type":"WebSite","@id":"https:\/\/oronsko.org\/#website","url":"https:\/\/oronsko.org\/","name":"Stowarzyszenie Odnowy i Rozwoju Gminy Oro\u0144sko","description":"","potentialAction":[{"@type":"SearchAction","target":{"@type":"EntryPoint","urlTemplate":"https:\/\/oronsko.org\/?s={search_term_string}"},"query-input":{"@type":"PropertyValueSpecification","valueRequired":true,"valueName":"search_term_string"}}],"inLanguage":"pl-PL"},{"@type":"Person","@id":"https:\/\/oronsko.org\/#\/schema\/person\/d008aee7ef8cdc6d72c6dddfa0f6fa6a","name":"oronsko","image":{"@type":"ImageObject","inLanguage":"pl-PL","@id":"https:\/\/oronsko.org\/#\/schema\/person\/image\/","url":"https:\/\/secure.gravatar.com\/avatar\/04d4d850872fa512217e3bbde438f64183869a8f4529665ce1917407f81c2c69?s=96&d=mm&r=g","contentUrl":"https:\/\/secure.gravatar.com\/avatar\/04d4d850872fa512217e3bbde438f64183869a8f4529665ce1917407f81c2c69?s=96&d=mm&r=g","caption":"oronsko"},"url":"https:\/\/oronsko.org\/?author=2"}]}},"_links":{"self":[{"href":"https:\/\/oronsko.org\/index.php?rest_route=\/wp\/v2\/posts\/1999","targetHints":{"allow":["GET"]}}],"collection":[{"href":"https:\/\/oronsko.org\/index.php?rest_route=\/wp\/v2\/posts"}],"about":[{"href":"https:\/\/oronsko.org\/index.php?rest_route=\/wp\/v2\/types\/post"}],"author":[{"embeddable":true,"href":"https:\/\/oronsko.org\/index.php?rest_route=\/wp\/v2\/users\/2"}],"replies":[{"embeddable":true,"href":"https:\/\/oronsko.org\/index.php?rest_route=%2Fwp%2Fv2%2Fcomments&post=1999"}],"version-history":[{"count":16,"href":"https:\/\/oronsko.org\/index.php?rest_route=\/wp\/v2\/posts\/1999\/revisions"}],"predecessor-version":[{"id":2024,"href":"https:\/\/oronsko.org\/index.php?rest_route=\/wp\/v2\/posts\/1999\/revisions\/2024"}],"wp:featuredmedia":[{"embeddable":true,"href":"https:\/\/oronsko.org\/index.php?rest_route=\/wp\/v2\/media\/2004"}],"wp:attachment":[{"href":"https:\/\/oronsko.org\/index.php?rest_route=%2Fwp%2Fv2%2Fmedia&parent=1999"}],"wp:term":[{"taxonomy":"category","embeddable":true,"href":"https:\/\/oronsko.org\/index.php?rest_route=%2Fwp%2Fv2%2Fcategories&post=1999"},{"taxonomy":"post_tag","embeddable":true,"href":"https:\/\/oronsko.org\/index.php?rest_route=%2Fwp%2Fv2%2Ftags&post=1999"}],"curies":[{"name":"wp","href":"https:\/\/api.w.org\/{rel}","templated":true}]}}