{"id":1989,"date":"2019-12-28T19:51:24","date_gmt":"2019-12-28T18:51:24","guid":{"rendered":"http:\/\/oronsko.org\/?p=1989"},"modified":"2019-12-28T19:51:24","modified_gmt":"2019-12-28T18:51:24","slug":"spotkanie-oplatkowe-seniorow","status":"publish","type":"post","link":"https:\/\/oronsko.org\/?p=1989","title":{"rendered":"Spotkanie op\u0142atkowe senior\u00f3w"},"content":{"rendered":"<p style=\"text-align: justify;\">Stowarzyszenie Senior\u00f3w \u201eWsp\u00f3lna Sprawa\u201d zorganizowa\u0142o w szkole w Guzowie spotkanie op\u0142atkowe, na kt\u00f3re licznie przybyli cz\u0142onkowie stowarzyszenia jak te\u017c inne zaprzyja\u017anione osoby, w tym cz\u0142onkowie zarz\u0105du Stowarzyszenia Odnowy i Rozwoju Gminy Oro\u0144sko.<!--more--> Spotkanie wigilijne rozpocz\u0105\u0142 Jerzy Minuczyc \u2013 prezes stowarzyszenia, sk\u0142adaj\u0105c wszystkim serdeczne \u017cyczenia \u015bwi\u0105teczne. Nast\u0119pnie zaintonowano kol\u0119d\u0119 \u201eW\u015br\u00f3d Nocnej Ciszy\u201d, po od\u015bpiewaniu kt\u00f3rej wszyscy po\u0142amali si\u0119 op\u0142atkiem. Na sto\u0142ach go\u015bci\u0142y tradycyjne wigilijne potrawy, a w tle s\u0142ycha\u0107 by\u0142o przepi\u0119kne polskie kol\u0119dy, w wykonaniu zespo\u0142u \u201eMazowsze\u201d. Na zako\u0144czenie spotkania wigilijnego Jerzy Minuczyc odczyta\u0142 wiersz napisany ostatnio przez Henryka Defi\u0144skiego, zawieraj\u0105cy rozwa\u017cania wigilijne.<\/p>\n<p><span style=\"color: #00ffff;\"><strong><span style=\"font-size: 14pt;\"><a style=\"color: #00ffff;\" href=\"http:\/\/oronsko.org\/?page_id=17&amp;album=3&amp;gallery=127\">Galeria<\/a><\/span><\/strong><\/span><\/p>\n<p><a href=\"http:\/\/oronsko.org\/wp-content\/uploads\/2019\/12\/DSC_0283-scaled.jpg\" data-rel=\"lightbox-image-0\" data-rl_title=\"\" data-rl_caption=\"\" title=\"\"><img loading=\"lazy\" decoding=\"async\" class=\"wp-image-1990 aligncenter\" src=\"http:\/\/oronsko.org\/wp-content\/uploads\/2019\/12\/DSC_0283-1024x680.jpg\" alt=\"\" width=\"697\" height=\"463\" srcset=\"https:\/\/oronsko.org\/wp-content\/uploads\/2019\/12\/DSC_0283-1024x680.jpg 1024w, https:\/\/oronsko.org\/wp-content\/uploads\/2019\/12\/DSC_0283-300x199.jpg 300w, https:\/\/oronsko.org\/wp-content\/uploads\/2019\/12\/DSC_0283-768x510.jpg 768w, https:\/\/oronsko.org\/wp-content\/uploads\/2019\/12\/DSC_0283-1536x1020.jpg 1536w, https:\/\/oronsko.org\/wp-content\/uploads\/2019\/12\/DSC_0283-2048x1360.jpg 2048w, https:\/\/oronsko.org\/wp-content\/uploads\/2019\/12\/DSC_0283-220x145.jpg 220w\" sizes=\"auto, (max-width: 697px) 100vw, 697px\" \/><\/a><\/p>\n<p>&nbsp;<\/p>\n","protected":false},"excerpt":{"rendered":"<p>Stowarzyszenie Senior\u00f3w \u201eWsp\u00f3lna Sprawa\u201d zorganizowa\u0142o w szkole w Guzowie spotkanie op\u0142atkowe, na kt\u00f3re licznie przybyli cz\u0142onkowie stowarzyszenia jak te\u017c inne zaprzyja\u017anione osoby, w tym cz\u0142onkowie zarz\u0105du Stowarzyszenia Odnowy i Rozwoju Gminy Oro\u0144sko.<\/p>\n","protected":false},"author":2,"featured_media":1990,"comment_status":"open","ping_status":"open","sticky":false,"template":"","format":"standard","meta":{"footnotes":""},"categories":[1],"tags":[],"class_list":["post-1989","post","type-post","status-publish","format-standard","has-post-thumbnail","hentry","category-bez-kategorii"],"yoast_head":"<!-- This site is optimized with the Yoast SEO plugin v26.8 - https:\/\/yoast.com\/product\/yoast-seo-wordpress\/ -->\n<title>Spotkanie op\u0142atkowe senior\u00f3w - Stowarzyszenie Odnowy i Rozwoju Gminy Oro\u0144sko<\/title>\n<meta name=\"robots\" content=\"index, follow, max-snippet:-1, max-image-preview:large, max-video-preview:-1\" \/>\n<link rel=\"canonical\" href=\"https:\/\/oronsko.org\/?p=1989\" \/>\n<meta property=\"og:locale\" content=\"pl_PL\" \/>\n<meta property=\"og:type\" content=\"article\" \/>\n<meta property=\"og:title\" content=\"Spotkanie op\u0142atkowe senior\u00f3w - Stowarzyszenie Odnowy i Rozwoju Gminy Oro\u0144sko\" \/>\n<meta property=\"og:description\" content=\"Stowarzyszenie Senior\u00f3w \u201eWsp\u00f3lna Sprawa\u201d zorganizowa\u0142o w szkole w Guzowie spotkanie op\u0142atkowe, na kt\u00f3re licznie przybyli cz\u0142onkowie stowarzyszenia jak te\u017c inne zaprzyja\u017anione osoby, w tym cz\u0142onkowie zarz\u0105du Stowarzyszenia Odnowy i Rozwoju Gminy Oro\u0144sko.\" \/>\n<meta property=\"og:url\" content=\"https:\/\/oronsko.org\/?p=1989\" \/>\n<meta property=\"og:site_name\" content=\"Stowarzyszenie Odnowy i Rozwoju Gminy Oro\u0144sko\" \/>\n<meta property=\"article:published_time\" content=\"2019-12-28T18:51:24+00:00\" \/>\n<meta property=\"og:image\" content=\"https:\/\/oronsko.org\/wp-content\/uploads\/2019\/12\/DSC_0283-scaled.jpg\" \/>\n\t<meta property=\"og:image:width\" content=\"2560\" \/>\n\t<meta property=\"og:image:height\" content=\"1700\" \/>\n\t<meta property=\"og:image:type\" content=\"image\/jpeg\" \/>\n<meta name=\"author\" content=\"oronsko\" \/>\n<meta name=\"twitter:card\" content=\"summary_large_image\" \/>\n<meta name=\"twitter:label1\" content=\"Napisane przez\" \/>\n\t<meta name=\"twitter:data1\" content=\"oronsko\" \/>\n\t<meta name=\"twitter:label2\" content=\"Szacowany czas czytania\" \/>\n\t<meta name=\"twitter:data2\" content=\"1 minuta\" \/>\n<script type=\"application\/ld+json\" class=\"yoast-schema-graph\">{\"@context\":\"https:\/\/schema.org\",\"@graph\":[{\"@type\":\"Article\",\"@id\":\"https:\/\/oronsko.org\/?p=1989#article\",\"isPartOf\":{\"@id\":\"https:\/\/oronsko.org\/?p=1989\"},\"author\":{\"name\":\"oronsko\",\"@id\":\"https:\/\/oronsko.org\/#\/schema\/person\/d008aee7ef8cdc6d72c6dddfa0f6fa6a\"},\"headline\":\"Spotkanie op\u0142atkowe senior\u00f3w\",\"datePublished\":\"2019-12-28T18:51:24+00:00\",\"mainEntityOfPage\":{\"@id\":\"https:\/\/oronsko.org\/?p=1989\"},\"wordCount\":131,\"commentCount\":0,\"image\":{\"@id\":\"https:\/\/oronsko.org\/?p=1989#primaryimage\"},\"thumbnailUrl\":\"https:\/\/oronsko.org\/wp-content\/uploads\/2019\/12\/DSC_0283-scaled.jpg\",\"inLanguage\":\"pl-PL\",\"potentialAction\":[{\"@type\":\"CommentAction\",\"name\":\"Comment\",\"target\":[\"https:\/\/oronsko.org\/?p=1989#respond\"]}]},{\"@type\":\"WebPage\",\"@id\":\"https:\/\/oronsko.org\/?p=1989\",\"url\":\"https:\/\/oronsko.org\/?p=1989\",\"name\":\"Spotkanie op\u0142atkowe senior\u00f3w - Stowarzyszenie Odnowy i Rozwoju Gminy Oro\u0144sko\",\"isPartOf\":{\"@id\":\"https:\/\/oronsko.org\/#website\"},\"primaryImageOfPage\":{\"@id\":\"https:\/\/oronsko.org\/?p=1989#primaryimage\"},\"image\":{\"@id\":\"https:\/\/oronsko.org\/?p=1989#primaryimage\"},\"thumbnailUrl\":\"https:\/\/oronsko.org\/wp-content\/uploads\/2019\/12\/DSC_0283-scaled.jpg\",\"datePublished\":\"2019-12-28T18:51:24+00:00\",\"author\":{\"@id\":\"https:\/\/oronsko.org\/#\/schema\/person\/d008aee7ef8cdc6d72c6dddfa0f6fa6a\"},\"breadcrumb\":{\"@id\":\"https:\/\/oronsko.org\/?p=1989#breadcrumb\"},\"inLanguage\":\"pl-PL\",\"potentialAction\":[{\"@type\":\"ReadAction\",\"target\":[\"https:\/\/oronsko.org\/?p=1989\"]}]},{\"@type\":\"ImageObject\",\"inLanguage\":\"pl-PL\",\"@id\":\"https:\/\/oronsko.org\/?p=1989#primaryimage\",\"url\":\"https:\/\/oronsko.org\/wp-content\/uploads\/2019\/12\/DSC_0283-scaled.jpg\",\"contentUrl\":\"https:\/\/oronsko.org\/wp-content\/uploads\/2019\/12\/DSC_0283-scaled.jpg\",\"width\":2560,\"height\":1700},{\"@type\":\"BreadcrumbList\",\"@id\":\"https:\/\/oronsko.org\/?p=1989#breadcrumb\",\"itemListElement\":[{\"@type\":\"ListItem\",\"position\":1,\"name\":\"Strona g\u0142\u00f3wna\",\"item\":\"https:\/\/oronsko.org\/\"},{\"@type\":\"ListItem\",\"position\":2,\"name\":\"Spotkanie op\u0142atkowe senior\u00f3w\"}]},{\"@type\":\"WebSite\",\"@id\":\"https:\/\/oronsko.org\/#website\",\"url\":\"https:\/\/oronsko.org\/\",\"name\":\"Stowarzyszenie Odnowy i Rozwoju Gminy Oro\u0144sko\",\"description\":\"\",\"potentialAction\":[{\"@type\":\"SearchAction\",\"target\":{\"@type\":\"EntryPoint\",\"urlTemplate\":\"https:\/\/oronsko.org\/?s={search_term_string}\"},\"query-input\":{\"@type\":\"PropertyValueSpecification\",\"valueRequired\":true,\"valueName\":\"search_term_string\"}}],\"inLanguage\":\"pl-PL\"},{\"@type\":\"Person\",\"@id\":\"https:\/\/oronsko.org\/#\/schema\/person\/d008aee7ef8cdc6d72c6dddfa0f6fa6a\",\"name\":\"oronsko\",\"image\":{\"@type\":\"ImageObject\",\"inLanguage\":\"pl-PL\",\"@id\":\"https:\/\/oronsko.org\/#\/schema\/person\/image\/\",\"url\":\"https:\/\/secure.gravatar.com\/avatar\/04d4d850872fa512217e3bbde438f64183869a8f4529665ce1917407f81c2c69?s=96&d=mm&r=g\",\"contentUrl\":\"https:\/\/secure.gravatar.com\/avatar\/04d4d850872fa512217e3bbde438f64183869a8f4529665ce1917407f81c2c69?s=96&d=mm&r=g\",\"caption\":\"oronsko\"},\"url\":\"https:\/\/oronsko.org\/?author=2\"}]}<\/script>\n<!-- \/ Yoast SEO plugin. -->","yoast_head_json":{"title":"Spotkanie op\u0142atkowe senior\u00f3w - Stowarzyszenie Odnowy i Rozwoju Gminy Oro\u0144sko","robots":{"index":"index","follow":"follow","max-snippet":"max-snippet:-1","max-image-preview":"max-image-preview:large","max-video-preview":"max-video-preview:-1"},"canonical":"https:\/\/oronsko.org\/?p=1989","og_locale":"pl_PL","og_type":"article","og_title":"Spotkanie op\u0142atkowe senior\u00f3w - Stowarzyszenie Odnowy i Rozwoju Gminy Oro\u0144sko","og_description":"Stowarzyszenie Senior\u00f3w \u201eWsp\u00f3lna Sprawa\u201d zorganizowa\u0142o w szkole w Guzowie spotkanie op\u0142atkowe, na kt\u00f3re licznie przybyli cz\u0142onkowie stowarzyszenia jak te\u017c inne zaprzyja\u017anione osoby, w tym cz\u0142onkowie zarz\u0105du Stowarzyszenia Odnowy i Rozwoju Gminy Oro\u0144sko.","og_url":"https:\/\/oronsko.org\/?p=1989","og_site_name":"Stowarzyszenie Odnowy i Rozwoju Gminy Oro\u0144sko","article_published_time":"2019-12-28T18:51:24+00:00","og_image":[{"width":2560,"height":1700,"url":"https:\/\/oronsko.org\/wp-content\/uploads\/2019\/12\/DSC_0283-scaled.jpg","type":"image\/jpeg"}],"author":"oronsko","twitter_card":"summary_large_image","twitter_misc":{"Napisane przez":"oronsko","Szacowany czas czytania":"1 minuta"},"schema":{"@context":"https:\/\/schema.org","@graph":[{"@type":"Article","@id":"https:\/\/oronsko.org\/?p=1989#article","isPartOf":{"@id":"https:\/\/oronsko.org\/?p=1989"},"author":{"name":"oronsko","@id":"https:\/\/oronsko.org\/#\/schema\/person\/d008aee7ef8cdc6d72c6dddfa0f6fa6a"},"headline":"Spotkanie op\u0142atkowe senior\u00f3w","datePublished":"2019-12-28T18:51:24+00:00","mainEntityOfPage":{"@id":"https:\/\/oronsko.org\/?p=1989"},"wordCount":131,"commentCount":0,"image":{"@id":"https:\/\/oronsko.org\/?p=1989#primaryimage"},"thumbnailUrl":"https:\/\/oronsko.org\/wp-content\/uploads\/2019\/12\/DSC_0283-scaled.jpg","inLanguage":"pl-PL","potentialAction":[{"@type":"CommentAction","name":"Comment","target":["https:\/\/oronsko.org\/?p=1989#respond"]}]},{"@type":"WebPage","@id":"https:\/\/oronsko.org\/?p=1989","url":"https:\/\/oronsko.org\/?p=1989","name":"Spotkanie op\u0142atkowe senior\u00f3w - Stowarzyszenie Odnowy i Rozwoju Gminy Oro\u0144sko","isPartOf":{"@id":"https:\/\/oronsko.org\/#website"},"primaryImageOfPage":{"@id":"https:\/\/oronsko.org\/?p=1989#primaryimage"},"image":{"@id":"https:\/\/oronsko.org\/?p=1989#primaryimage"},"thumbnailUrl":"https:\/\/oronsko.org\/wp-content\/uploads\/2019\/12\/DSC_0283-scaled.jpg","datePublished":"2019-12-28T18:51:24+00:00","author":{"@id":"https:\/\/oronsko.org\/#\/schema\/person\/d008aee7ef8cdc6d72c6dddfa0f6fa6a"},"breadcrumb":{"@id":"https:\/\/oronsko.org\/?p=1989#breadcrumb"},"inLanguage":"pl-PL","potentialAction":[{"@type":"ReadAction","target":["https:\/\/oronsko.org\/?p=1989"]}]},{"@type":"ImageObject","inLanguage":"pl-PL","@id":"https:\/\/oronsko.org\/?p=1989#primaryimage","url":"https:\/\/oronsko.org\/wp-content\/uploads\/2019\/12\/DSC_0283-scaled.jpg","contentUrl":"https:\/\/oronsko.org\/wp-content\/uploads\/2019\/12\/DSC_0283-scaled.jpg","width":2560,"height":1700},{"@type":"BreadcrumbList","@id":"https:\/\/oronsko.org\/?p=1989#breadcrumb","itemListElement":[{"@type":"ListItem","position":1,"name":"Strona g\u0142\u00f3wna","item":"https:\/\/oronsko.org\/"},{"@type":"ListItem","position":2,"name":"Spotkanie op\u0142atkowe senior\u00f3w"}]},{"@type":"WebSite","@id":"https:\/\/oronsko.org\/#website","url":"https:\/\/oronsko.org\/","name":"Stowarzyszenie Odnowy i Rozwoju Gminy Oro\u0144sko","description":"","potentialAction":[{"@type":"SearchAction","target":{"@type":"EntryPoint","urlTemplate":"https:\/\/oronsko.org\/?s={search_term_string}"},"query-input":{"@type":"PropertyValueSpecification","valueRequired":true,"valueName":"search_term_string"}}],"inLanguage":"pl-PL"},{"@type":"Person","@id":"https:\/\/oronsko.org\/#\/schema\/person\/d008aee7ef8cdc6d72c6dddfa0f6fa6a","name":"oronsko","image":{"@type":"ImageObject","inLanguage":"pl-PL","@id":"https:\/\/oronsko.org\/#\/schema\/person\/image\/","url":"https:\/\/secure.gravatar.com\/avatar\/04d4d850872fa512217e3bbde438f64183869a8f4529665ce1917407f81c2c69?s=96&d=mm&r=g","contentUrl":"https:\/\/secure.gravatar.com\/avatar\/04d4d850872fa512217e3bbde438f64183869a8f4529665ce1917407f81c2c69?s=96&d=mm&r=g","caption":"oronsko"},"url":"https:\/\/oronsko.org\/?author=2"}]}},"_links":{"self":[{"href":"https:\/\/oronsko.org\/index.php?rest_route=\/wp\/v2\/posts\/1989","targetHints":{"allow":["GET"]}}],"collection":[{"href":"https:\/\/oronsko.org\/index.php?rest_route=\/wp\/v2\/posts"}],"about":[{"href":"https:\/\/oronsko.org\/index.php?rest_route=\/wp\/v2\/types\/post"}],"author":[{"embeddable":true,"href":"https:\/\/oronsko.org\/index.php?rest_route=\/wp\/v2\/users\/2"}],"replies":[{"embeddable":true,"href":"https:\/\/oronsko.org\/index.php?rest_route=%2Fwp%2Fv2%2Fcomments&post=1989"}],"version-history":[{"count":1,"href":"https:\/\/oronsko.org\/index.php?rest_route=\/wp\/v2\/posts\/1989\/revisions"}],"predecessor-version":[{"id":1991,"href":"https:\/\/oronsko.org\/index.php?rest_route=\/wp\/v2\/posts\/1989\/revisions\/1991"}],"wp:featuredmedia":[{"embeddable":true,"href":"https:\/\/oronsko.org\/index.php?rest_route=\/wp\/v2\/media\/1990"}],"wp:attachment":[{"href":"https:\/\/oronsko.org\/index.php?rest_route=%2Fwp%2Fv2%2Fmedia&parent=1989"}],"wp:term":[{"taxonomy":"category","embeddable":true,"href":"https:\/\/oronsko.org\/index.php?rest_route=%2Fwp%2Fv2%2Fcategories&post=1989"},{"taxonomy":"post_tag","embeddable":true,"href":"https:\/\/oronsko.org\/index.php?rest_route=%2Fwp%2Fv2%2Ftags&post=1989"}],"curies":[{"name":"wp","href":"https:\/\/api.w.org\/{rel}","templated":true}]}}