{"id":1976,"date":"2019-12-27T21:17:52","date_gmt":"2019-12-27T20:17:52","guid":{"rendered":"http:\/\/oronsko.org\/?p=1976"},"modified":"2019-12-27T21:17:52","modified_gmt":"2019-12-27T20:17:52","slug":"koncert-bozonarodzeniowy","status":"publish","type":"post","link":"https:\/\/oronsko.org\/?p=1976","title":{"rendered":"Koncert Bo\u017conarodzeniowy"},"content":{"rendered":"<p style=\"text-align: justify;\">Tradycyjnie, 24 grudnia przed Pasterk\u0105 nasz parafialny\u00a0 ch\u00f3r m\u0142odzie\u017cowy \u201eChorus Angelorum\u201d\u00a0 wraz z sekcj\u0105 instrumentaln\u0105 przygotowa\u0142 koncert kol\u0119d, kt\u00f3ry przyci\u0105ga szerok\u0105 publiczno\u015b\u0107 nawet z odleg\u0142ych stron regionu radomskiego. <!--more-->Zapraszamy do obejrzenia galerii zdj\u0119\u0107 z tego wydarzenia.<\/p>\n<p><span style=\"color: #00ffff;\"><strong><span style=\"font-size: 14pt;\"><a style=\"color: #00ffff;\" href=\"http:\/\/oronsko.org\/?page_id=17&amp;album=3&amp;gallery=126\">Galeria<\/a><\/span><\/strong><\/span><\/p>\n<p><a href=\"http:\/\/oronsko.org\/wp-content\/uploads\/2019\/12\/DSC_0202-scaled.jpg\" data-rel=\"lightbox-image-0\" data-rl_title=\"\" data-rl_caption=\"\" title=\"\"><img loading=\"lazy\" decoding=\"async\" class=\"wp-image-1977 aligncenter\" src=\"http:\/\/oronsko.org\/wp-content\/uploads\/2019\/12\/DSC_0202-1024x680.jpg\" alt=\"\" width=\"711\" height=\"473\" srcset=\"https:\/\/oronsko.org\/wp-content\/uploads\/2019\/12\/DSC_0202-1024x680.jpg 1024w, https:\/\/oronsko.org\/wp-content\/uploads\/2019\/12\/DSC_0202-300x199.jpg 300w, https:\/\/oronsko.org\/wp-content\/uploads\/2019\/12\/DSC_0202-768x510.jpg 768w, https:\/\/oronsko.org\/wp-content\/uploads\/2019\/12\/DSC_0202-1536x1020.jpg 1536w, https:\/\/oronsko.org\/wp-content\/uploads\/2019\/12\/DSC_0202-2048x1360.jpg 2048w, https:\/\/oronsko.org\/wp-content\/uploads\/2019\/12\/DSC_0202-220x145.jpg 220w\" sizes=\"auto, (max-width: 711px) 100vw, 711px\" \/><\/a><\/p>\n<p>&nbsp;<\/p>\n","protected":false},"excerpt":{"rendered":"<p>Tradycyjnie, 24 grudnia przed Pasterk\u0105 nasz parafialny\u00a0 ch\u00f3r m\u0142odzie\u017cowy \u201eChorus Angelorum\u201d\u00a0 wraz z sekcj\u0105 instrumentaln\u0105 przygotowa\u0142 koncert kol\u0119d, kt\u00f3ry przyci\u0105ga szerok\u0105 publiczno\u015b\u0107 nawet z odleg\u0142ych stron regionu radomskiego.<\/p>\n","protected":false},"author":2,"featured_media":1977,"comment_status":"open","ping_status":"open","sticky":false,"template":"","format":"standard","meta":{"footnotes":""},"categories":[1],"tags":[],"class_list":["post-1976","post","type-post","status-publish","format-standard","has-post-thumbnail","hentry","category-bez-kategorii"],"yoast_head":"<!-- This site is optimized with the Yoast SEO plugin v26.8 - https:\/\/yoast.com\/product\/yoast-seo-wordpress\/ -->\n<title>Koncert Bo\u017conarodzeniowy - Stowarzyszenie Odnowy i Rozwoju Gminy Oro\u0144sko<\/title>\n<meta name=\"robots\" content=\"index, follow, max-snippet:-1, max-image-preview:large, max-video-preview:-1\" \/>\n<link rel=\"canonical\" href=\"https:\/\/oronsko.org\/?p=1976\" \/>\n<meta property=\"og:locale\" content=\"pl_PL\" \/>\n<meta property=\"og:type\" content=\"article\" \/>\n<meta property=\"og:title\" content=\"Koncert Bo\u017conarodzeniowy - Stowarzyszenie Odnowy i Rozwoju Gminy Oro\u0144sko\" \/>\n<meta property=\"og:description\" content=\"Tradycyjnie, 24 grudnia przed Pasterk\u0105 nasz parafialny\u00a0 ch\u00f3r m\u0142odzie\u017cowy \u201eChorus Angelorum\u201d\u00a0 wraz z sekcj\u0105 instrumentaln\u0105 przygotowa\u0142 koncert kol\u0119d, kt\u00f3ry przyci\u0105ga szerok\u0105 publiczno\u015b\u0107 nawet z odleg\u0142ych stron regionu radomskiego.\" \/>\n<meta property=\"og:url\" content=\"https:\/\/oronsko.org\/?p=1976\" \/>\n<meta property=\"og:site_name\" content=\"Stowarzyszenie Odnowy i Rozwoju Gminy Oro\u0144sko\" \/>\n<meta property=\"article:published_time\" content=\"2019-12-27T20:17:52+00:00\" \/>\n<meta property=\"og:image\" content=\"https:\/\/oronsko.org\/wp-content\/uploads\/2019\/12\/DSC_0202-scaled.jpg\" \/>\n\t<meta property=\"og:image:width\" content=\"2560\" \/>\n\t<meta property=\"og:image:height\" content=\"1700\" \/>\n\t<meta property=\"og:image:type\" content=\"image\/jpeg\" \/>\n<meta name=\"author\" content=\"oronsko\" \/>\n<meta name=\"twitter:card\" content=\"summary_large_image\" \/>\n<meta name=\"twitter:label1\" content=\"Napisane przez\" \/>\n\t<meta name=\"twitter:data1\" content=\"oronsko\" \/>\n<script type=\"application\/ld+json\" class=\"yoast-schema-graph\">{\"@context\":\"https:\/\/schema.org\",\"@graph\":[{\"@type\":\"Article\",\"@id\":\"https:\/\/oronsko.org\/?p=1976#article\",\"isPartOf\":{\"@id\":\"https:\/\/oronsko.org\/?p=1976\"},\"author\":{\"name\":\"oronsko\",\"@id\":\"https:\/\/oronsko.org\/#\/schema\/person\/d008aee7ef8cdc6d72c6dddfa0f6fa6a\"},\"headline\":\"Koncert Bo\u017conarodzeniowy\",\"datePublished\":\"2019-12-27T20:17:52+00:00\",\"mainEntityOfPage\":{\"@id\":\"https:\/\/oronsko.org\/?p=1976\"},\"wordCount\":47,\"commentCount\":0,\"image\":{\"@id\":\"https:\/\/oronsko.org\/?p=1976#primaryimage\"},\"thumbnailUrl\":\"https:\/\/oronsko.org\/wp-content\/uploads\/2019\/12\/DSC_0202-scaled.jpg\",\"inLanguage\":\"pl-PL\",\"potentialAction\":[{\"@type\":\"CommentAction\",\"name\":\"Comment\",\"target\":[\"https:\/\/oronsko.org\/?p=1976#respond\"]}]},{\"@type\":\"WebPage\",\"@id\":\"https:\/\/oronsko.org\/?p=1976\",\"url\":\"https:\/\/oronsko.org\/?p=1976\",\"name\":\"Koncert Bo\u017conarodzeniowy - Stowarzyszenie Odnowy i Rozwoju Gminy Oro\u0144sko\",\"isPartOf\":{\"@id\":\"https:\/\/oronsko.org\/#website\"},\"primaryImageOfPage\":{\"@id\":\"https:\/\/oronsko.org\/?p=1976#primaryimage\"},\"image\":{\"@id\":\"https:\/\/oronsko.org\/?p=1976#primaryimage\"},\"thumbnailUrl\":\"https:\/\/oronsko.org\/wp-content\/uploads\/2019\/12\/DSC_0202-scaled.jpg\",\"datePublished\":\"2019-12-27T20:17:52+00:00\",\"author\":{\"@id\":\"https:\/\/oronsko.org\/#\/schema\/person\/d008aee7ef8cdc6d72c6dddfa0f6fa6a\"},\"breadcrumb\":{\"@id\":\"https:\/\/oronsko.org\/?p=1976#breadcrumb\"},\"inLanguage\":\"pl-PL\",\"potentialAction\":[{\"@type\":\"ReadAction\",\"target\":[\"https:\/\/oronsko.org\/?p=1976\"]}]},{\"@type\":\"ImageObject\",\"inLanguage\":\"pl-PL\",\"@id\":\"https:\/\/oronsko.org\/?p=1976#primaryimage\",\"url\":\"https:\/\/oronsko.org\/wp-content\/uploads\/2019\/12\/DSC_0202-scaled.jpg\",\"contentUrl\":\"https:\/\/oronsko.org\/wp-content\/uploads\/2019\/12\/DSC_0202-scaled.jpg\",\"width\":2560,\"height\":1700},{\"@type\":\"BreadcrumbList\",\"@id\":\"https:\/\/oronsko.org\/?p=1976#breadcrumb\",\"itemListElement\":[{\"@type\":\"ListItem\",\"position\":1,\"name\":\"Strona g\u0142\u00f3wna\",\"item\":\"https:\/\/oronsko.org\/\"},{\"@type\":\"ListItem\",\"position\":2,\"name\":\"Koncert Bo\u017conarodzeniowy\"}]},{\"@type\":\"WebSite\",\"@id\":\"https:\/\/oronsko.org\/#website\",\"url\":\"https:\/\/oronsko.org\/\",\"name\":\"Stowarzyszenie Odnowy i Rozwoju Gminy Oro\u0144sko\",\"description\":\"\",\"potentialAction\":[{\"@type\":\"SearchAction\",\"target\":{\"@type\":\"EntryPoint\",\"urlTemplate\":\"https:\/\/oronsko.org\/?s={search_term_string}\"},\"query-input\":{\"@type\":\"PropertyValueSpecification\",\"valueRequired\":true,\"valueName\":\"search_term_string\"}}],\"inLanguage\":\"pl-PL\"},{\"@type\":\"Person\",\"@id\":\"https:\/\/oronsko.org\/#\/schema\/person\/d008aee7ef8cdc6d72c6dddfa0f6fa6a\",\"name\":\"oronsko\",\"image\":{\"@type\":\"ImageObject\",\"inLanguage\":\"pl-PL\",\"@id\":\"https:\/\/oronsko.org\/#\/schema\/person\/image\/\",\"url\":\"https:\/\/secure.gravatar.com\/avatar\/04d4d850872fa512217e3bbde438f64183869a8f4529665ce1917407f81c2c69?s=96&d=mm&r=g\",\"contentUrl\":\"https:\/\/secure.gravatar.com\/avatar\/04d4d850872fa512217e3bbde438f64183869a8f4529665ce1917407f81c2c69?s=96&d=mm&r=g\",\"caption\":\"oronsko\"},\"url\":\"https:\/\/oronsko.org\/?author=2\"}]}<\/script>\n<!-- \/ Yoast SEO plugin. -->","yoast_head_json":{"title":"Koncert Bo\u017conarodzeniowy - Stowarzyszenie Odnowy i Rozwoju Gminy Oro\u0144sko","robots":{"index":"index","follow":"follow","max-snippet":"max-snippet:-1","max-image-preview":"max-image-preview:large","max-video-preview":"max-video-preview:-1"},"canonical":"https:\/\/oronsko.org\/?p=1976","og_locale":"pl_PL","og_type":"article","og_title":"Koncert Bo\u017conarodzeniowy - Stowarzyszenie Odnowy i Rozwoju Gminy Oro\u0144sko","og_description":"Tradycyjnie, 24 grudnia przed Pasterk\u0105 nasz parafialny\u00a0 ch\u00f3r m\u0142odzie\u017cowy \u201eChorus Angelorum\u201d\u00a0 wraz z sekcj\u0105 instrumentaln\u0105 przygotowa\u0142 koncert kol\u0119d, kt\u00f3ry przyci\u0105ga szerok\u0105 publiczno\u015b\u0107 nawet z odleg\u0142ych stron regionu radomskiego.","og_url":"https:\/\/oronsko.org\/?p=1976","og_site_name":"Stowarzyszenie Odnowy i Rozwoju Gminy Oro\u0144sko","article_published_time":"2019-12-27T20:17:52+00:00","og_image":[{"width":2560,"height":1700,"url":"https:\/\/oronsko.org\/wp-content\/uploads\/2019\/12\/DSC_0202-scaled.jpg","type":"image\/jpeg"}],"author":"oronsko","twitter_card":"summary_large_image","twitter_misc":{"Napisane przez":"oronsko"},"schema":{"@context":"https:\/\/schema.org","@graph":[{"@type":"Article","@id":"https:\/\/oronsko.org\/?p=1976#article","isPartOf":{"@id":"https:\/\/oronsko.org\/?p=1976"},"author":{"name":"oronsko","@id":"https:\/\/oronsko.org\/#\/schema\/person\/d008aee7ef8cdc6d72c6dddfa0f6fa6a"},"headline":"Koncert Bo\u017conarodzeniowy","datePublished":"2019-12-27T20:17:52+00:00","mainEntityOfPage":{"@id":"https:\/\/oronsko.org\/?p=1976"},"wordCount":47,"commentCount":0,"image":{"@id":"https:\/\/oronsko.org\/?p=1976#primaryimage"},"thumbnailUrl":"https:\/\/oronsko.org\/wp-content\/uploads\/2019\/12\/DSC_0202-scaled.jpg","inLanguage":"pl-PL","potentialAction":[{"@type":"CommentAction","name":"Comment","target":["https:\/\/oronsko.org\/?p=1976#respond"]}]},{"@type":"WebPage","@id":"https:\/\/oronsko.org\/?p=1976","url":"https:\/\/oronsko.org\/?p=1976","name":"Koncert Bo\u017conarodzeniowy - Stowarzyszenie Odnowy i Rozwoju Gminy Oro\u0144sko","isPartOf":{"@id":"https:\/\/oronsko.org\/#website"},"primaryImageOfPage":{"@id":"https:\/\/oronsko.org\/?p=1976#primaryimage"},"image":{"@id":"https:\/\/oronsko.org\/?p=1976#primaryimage"},"thumbnailUrl":"https:\/\/oronsko.org\/wp-content\/uploads\/2019\/12\/DSC_0202-scaled.jpg","datePublished":"2019-12-27T20:17:52+00:00","author":{"@id":"https:\/\/oronsko.org\/#\/schema\/person\/d008aee7ef8cdc6d72c6dddfa0f6fa6a"},"breadcrumb":{"@id":"https:\/\/oronsko.org\/?p=1976#breadcrumb"},"inLanguage":"pl-PL","potentialAction":[{"@type":"ReadAction","target":["https:\/\/oronsko.org\/?p=1976"]}]},{"@type":"ImageObject","inLanguage":"pl-PL","@id":"https:\/\/oronsko.org\/?p=1976#primaryimage","url":"https:\/\/oronsko.org\/wp-content\/uploads\/2019\/12\/DSC_0202-scaled.jpg","contentUrl":"https:\/\/oronsko.org\/wp-content\/uploads\/2019\/12\/DSC_0202-scaled.jpg","width":2560,"height":1700},{"@type":"BreadcrumbList","@id":"https:\/\/oronsko.org\/?p=1976#breadcrumb","itemListElement":[{"@type":"ListItem","position":1,"name":"Strona g\u0142\u00f3wna","item":"https:\/\/oronsko.org\/"},{"@type":"ListItem","position":2,"name":"Koncert Bo\u017conarodzeniowy"}]},{"@type":"WebSite","@id":"https:\/\/oronsko.org\/#website","url":"https:\/\/oronsko.org\/","name":"Stowarzyszenie Odnowy i Rozwoju Gminy Oro\u0144sko","description":"","potentialAction":[{"@type":"SearchAction","target":{"@type":"EntryPoint","urlTemplate":"https:\/\/oronsko.org\/?s={search_term_string}"},"query-input":{"@type":"PropertyValueSpecification","valueRequired":true,"valueName":"search_term_string"}}],"inLanguage":"pl-PL"},{"@type":"Person","@id":"https:\/\/oronsko.org\/#\/schema\/person\/d008aee7ef8cdc6d72c6dddfa0f6fa6a","name":"oronsko","image":{"@type":"ImageObject","inLanguage":"pl-PL","@id":"https:\/\/oronsko.org\/#\/schema\/person\/image\/","url":"https:\/\/secure.gravatar.com\/avatar\/04d4d850872fa512217e3bbde438f64183869a8f4529665ce1917407f81c2c69?s=96&d=mm&r=g","contentUrl":"https:\/\/secure.gravatar.com\/avatar\/04d4d850872fa512217e3bbde438f64183869a8f4529665ce1917407f81c2c69?s=96&d=mm&r=g","caption":"oronsko"},"url":"https:\/\/oronsko.org\/?author=2"}]}},"_links":{"self":[{"href":"https:\/\/oronsko.org\/index.php?rest_route=\/wp\/v2\/posts\/1976","targetHints":{"allow":["GET"]}}],"collection":[{"href":"https:\/\/oronsko.org\/index.php?rest_route=\/wp\/v2\/posts"}],"about":[{"href":"https:\/\/oronsko.org\/index.php?rest_route=\/wp\/v2\/types\/post"}],"author":[{"embeddable":true,"href":"https:\/\/oronsko.org\/index.php?rest_route=\/wp\/v2\/users\/2"}],"replies":[{"embeddable":true,"href":"https:\/\/oronsko.org\/index.php?rest_route=%2Fwp%2Fv2%2Fcomments&post=1976"}],"version-history":[{"count":1,"href":"https:\/\/oronsko.org\/index.php?rest_route=\/wp\/v2\/posts\/1976\/revisions"}],"predecessor-version":[{"id":1978,"href":"https:\/\/oronsko.org\/index.php?rest_route=\/wp\/v2\/posts\/1976\/revisions\/1978"}],"wp:featuredmedia":[{"embeddable":true,"href":"https:\/\/oronsko.org\/index.php?rest_route=\/wp\/v2\/media\/1977"}],"wp:attachment":[{"href":"https:\/\/oronsko.org\/index.php?rest_route=%2Fwp%2Fv2%2Fmedia&parent=1976"}],"wp:term":[{"taxonomy":"category","embeddable":true,"href":"https:\/\/oronsko.org\/index.php?rest_route=%2Fwp%2Fv2%2Fcategories&post=1976"},{"taxonomy":"post_tag","embeddable":true,"href":"https:\/\/oronsko.org\/index.php?rest_route=%2Fwp%2Fv2%2Ftags&post=1976"}],"curies":[{"name":"wp","href":"https:\/\/api.w.org\/{rel}","templated":true}]}}