{"id":1870,"date":"2019-10-28T06:49:55","date_gmt":"2019-10-28T05:49:55","guid":{"rendered":"http:\/\/oronsko.org\/?p=1870"},"modified":"2019-10-28T06:52:42","modified_gmt":"2019-10-28T05:52:42","slug":"1870","status":"publish","type":"post","link":"https:\/\/oronsko.org\/?p=1870","title":{"rendered":"Dzie\u0144 Seniora w Oro\u0144sku"},"content":{"rendered":"<p style=\"text-align: justify;\">27 pa\u017adziernika 2019 roku na terenie Centrum Rze\u017aby Polskiej w Oro\u0144sku odby\u0142a si\u0119 plenerowa impreza z okazji Dnia Seniora pod has\u0142em \u201eZasmakuj muzyki\u201d, kt\u00f3rej sprzyja\u0142a pi\u0119kna i ciep\u0142a aura Z\u0142otej Polskiej Jesieni.<!--more--> G\u0142\u00f3wnym organizatorem spotkania integracyjnego senior\u00f3w by\u0142o Stowarzyszenie Odnowy i Rozwoju Gminy Oro\u0144sko oraz Fundacja Inicjatyw Edukacyjnych w\u00a0Warszawie. Sw\u00f3j wydatny wk\u0142ad w przygotowanie tego spotkania w\u0142o\u017cy\u0142o tak\u017ce Centrum Rze\u017aby Polskiej, Stowarzyszenie Emeryt\u00f3w \u201eWsp\u00f3lna Sprawa\u201d z Oro\u0144ska, a tak\u017ce Stowarzyszenie \u201ePogodna Jesie\u0144 \u017bycia\u201d z Szyd\u0142owca. Obchody Dnia Seniora otworzy\u0142 prezes Stowarzyszenia Odnowy i Rozwoju Gminy Oro\u0144sko \u2013 Sylwester R\u00f3\u017cycki, kt\u00f3ry jest jednocze\u015bnie przewodnicz\u0105cym Rady Gminy w\u00a0Oro\u0144sku. Nast\u0119pnie grupa wokalna z\u0142o\u017cona z cz\u0142onk\u00f3w stowarzyszenia \u201eWsp\u00f3lna Sprawa\u201d, wspomagana przez cz\u0142onk\u00f3w stowarzyszenia z Szyd\u0142owca od\u015bpiewa\u0142a hymn Oro\u0144skiego Klubu Seniora. Podczas spotkania uczestnicy mieli mo\u017cliwo\u015b\u0107 degustacji potraw regionalnych przygotowanych przez Ko\u0142a Gospody\u0144 Wiejskich z naszego regionu, w\u00a0szczeg\u00f3lno\u015bci przez Zaborowianki, G\u00f3rnianki, Za\u0142awianki, a tak\u017ce Ko\u0142o Gospody\u0144 Wiejskich z\u00a0Tomaszowa. W\u015br\u00f3d tradycyjnych potraw serwowanych przez poszczeg\u00f3lne ko\u0142a gospody\u0144 oraz stowarzyszenie \u201eWsp\u00f3lna Sprawa\u201d mo\u017cna by\u0142o zasmakowa\u0107 porki, trep\u00f3w za\u0142awskich, ser\u00f3w podpuszczkowych zar\u00f3wno bia\u0142ych, jak i w\u0119dzonych, r\u00f3\u017cnych odmian pierog\u00f3w, kapusty z grochem, bigosu, racuch\u00f3w, a tak\u017ce wielu ciast i wyrob\u00f3w cukierniczych. W\u015br\u00f3d uczestnik\u00f3w biesiady rozlosowano upominki ksi\u0105\u017ckowe ufundowane przez Starost\u0119 Szyd\u0142owieckiego oraz p\u0142yty z nagranymi utworami ludowymi w wykonaniu m\u0142odzie\u017cowego zespo\u0142u folklorystycznego \u201eRadosne Nutki\u201d z Mirowa, kt\u00f3ry zaprezentowa\u0142 si\u0119 tak\u017ce w cz\u0119\u015bci artystycznej Dnia Seniora w\u00a0Oro\u0144sku. Na scenie opr\u00f3cz \u201eRadosnych Nutek\u201d uczestnicy mogli obserwowa\u0107 kunszt artystyczny zespo\u0142u \u201eFantazja\u201d, dzia\u0142aj\u0105cego przy klubie Seniora \u201ePogodna Jesie\u0144 \u017bycia\u201d w Szyd\u0142owcu, a tak\u017ce zespo\u0142u folkowego \u201eGuzowianki\u201d. Na zako\u0144czenie zaprezentowa\u0142a si\u0119 Kapela Burs\u00f3w, kt\u00f3ra swym wyst\u0119pem porwa\u0142a uczestnik\u00f3w do ta\u0144ca i wsp\u00f3lnej zabawy. W\u015br\u00f3d licznie zebranych uczestnik\u00f3w obchod\u00f3w Dnia Seniora w Oro\u0144sku mo\u017cna by\u0142o dostrzec wicestarost\u0119 powiatu szyd\u0142owieckiego \u2013 Anit\u0119 Go\u0142osz, w\u00f3jta Gminy Oro\u0144sko \u2013 Henryka Nosowskiego, burmistrza Szyd\u0142owca \u2013 Artur Ludwa oraz w\u00f3jta Gminy Mir\u00f3w \u2013 Artura Siwiorka. Pozytywny odbi\u00f3r tego spotkania oraz bardzo liczny udzia\u0142 w obchodach Dnia Seniora zach\u0119ca do planowania i\u00a0przygotowywania\u00a0 kolejnych dzia\u0142a\u0144, o\u00a0czym dyskutowali w kuluarach nasi seniorzy.<\/p>\n<p><span style=\"color: #00ffff; font-size: 18pt;\"><strong><a style=\"color: #00ffff;\" href=\"http:\/\/oronsko.org\/?page_id=17&amp;album=3&amp;gallery=117\">Galeria<\/a><\/strong><\/span><\/p>\n<p><a href=\"http:\/\/oronsko.org\/wp-content\/uploads\/2019\/10\/DSC_9766.jpg\" data-rel=\"lightbox-image-0\" data-rl_title=\"\" data-rl_caption=\"\" title=\"\"><img loading=\"lazy\" decoding=\"async\" class=\"wp-image-1871 aligncenter\" src=\"http:\/\/oronsko.org\/wp-content\/uploads\/2019\/10\/DSC_9766-1024x680.jpg\" alt=\"\" width=\"688\" height=\"457\" srcset=\"https:\/\/oronsko.org\/wp-content\/uploads\/2019\/10\/DSC_9766-1024x680.jpg 1024w, https:\/\/oronsko.org\/wp-content\/uploads\/2019\/10\/DSC_9766-300x199.jpg 300w, https:\/\/oronsko.org\/wp-content\/uploads\/2019\/10\/DSC_9766-768x510.jpg 768w, https:\/\/oronsko.org\/wp-content\/uploads\/2019\/10\/DSC_9766-220x145.jpg 220w\" sizes=\"auto, (max-width: 688px) 100vw, 688px\" \/><\/a><\/p>\n","protected":false},"excerpt":{"rendered":"<p>27 pa\u017adziernika 2019 roku na terenie Centrum Rze\u017aby Polskiej w Oro\u0144sku odby\u0142a si\u0119 plenerowa impreza z okazji Dnia Seniora pod has\u0142em \u201eZasmakuj muzyki\u201d, kt\u00f3rej sprzyja\u0142a pi\u0119kna i ciep\u0142a aura Z\u0142otej Polskiej Jesieni.<\/p>\n","protected":false},"author":2,"featured_media":1871,"comment_status":"open","ping_status":"open","sticky":false,"template":"","format":"standard","meta":{"footnotes":""},"categories":[1],"tags":[],"class_list":["post-1870","post","type-post","status-publish","format-standard","has-post-thumbnail","hentry","category-bez-kategorii"],"yoast_head":"<!-- This site is optimized with the Yoast SEO plugin v26.8 - https:\/\/yoast.com\/product\/yoast-seo-wordpress\/ -->\n<title>Dzie\u0144 Seniora w Oro\u0144sku - Stowarzyszenie Odnowy i Rozwoju Gminy Oro\u0144sko<\/title>\n<meta name=\"robots\" content=\"index, follow, max-snippet:-1, max-image-preview:large, max-video-preview:-1\" \/>\n<link rel=\"canonical\" href=\"https:\/\/oronsko.org\/?p=1870\" \/>\n<meta property=\"og:locale\" content=\"pl_PL\" \/>\n<meta property=\"og:type\" content=\"article\" \/>\n<meta property=\"og:title\" content=\"Dzie\u0144 Seniora w Oro\u0144sku - Stowarzyszenie Odnowy i Rozwoju Gminy Oro\u0144sko\" \/>\n<meta property=\"og:description\" content=\"27 pa\u017adziernika 2019 roku na terenie Centrum Rze\u017aby Polskiej w Oro\u0144sku odby\u0142a si\u0119 plenerowa impreza z okazji Dnia Seniora pod has\u0142em \u201eZasmakuj muzyki\u201d, kt\u00f3rej sprzyja\u0142a pi\u0119kna i ciep\u0142a aura Z\u0142otej Polskiej Jesieni.\" \/>\n<meta property=\"og:url\" content=\"https:\/\/oronsko.org\/?p=1870\" \/>\n<meta property=\"og:site_name\" content=\"Stowarzyszenie Odnowy i Rozwoju Gminy Oro\u0144sko\" \/>\n<meta property=\"article:published_time\" content=\"2019-10-28T05:49:55+00:00\" \/>\n<meta property=\"article:modified_time\" content=\"2019-10-28T05:52:42+00:00\" \/>\n<meta property=\"og:image\" content=\"https:\/\/oronsko.org\/wp-content\/uploads\/2019\/10\/DSC_9766-1024x680.jpg\" \/>\n\t<meta property=\"og:image:width\" content=\"1024\" \/>\n\t<meta property=\"og:image:height\" content=\"680\" \/>\n\t<meta property=\"og:image:type\" content=\"image\/jpeg\" \/>\n<meta name=\"author\" content=\"oronsko\" \/>\n<meta name=\"twitter:card\" content=\"summary_large_image\" \/>\n<meta name=\"twitter:label1\" content=\"Napisane przez\" \/>\n\t<meta name=\"twitter:data1\" content=\"oronsko\" \/>\n\t<meta name=\"twitter:label2\" content=\"Szacowany czas czytania\" \/>\n\t<meta name=\"twitter:data2\" content=\"2 minuty\" \/>\n<script type=\"application\/ld+json\" class=\"yoast-schema-graph\">{\"@context\":\"https:\/\/schema.org\",\"@graph\":[{\"@type\":\"Article\",\"@id\":\"https:\/\/oronsko.org\/?p=1870#article\",\"isPartOf\":{\"@id\":\"https:\/\/oronsko.org\/?p=1870\"},\"author\":{\"name\":\"oronsko\",\"@id\":\"https:\/\/oronsko.org\/#\/schema\/person\/d008aee7ef8cdc6d72c6dddfa0f6fa6a\"},\"headline\":\"Dzie\u0144 Seniora w Oro\u0144sku\",\"datePublished\":\"2019-10-28T05:49:55+00:00\",\"dateModified\":\"2019-10-28T05:52:42+00:00\",\"mainEntityOfPage\":{\"@id\":\"https:\/\/oronsko.org\/?p=1870\"},\"wordCount\":442,\"commentCount\":0,\"image\":{\"@id\":\"https:\/\/oronsko.org\/?p=1870#primaryimage\"},\"thumbnailUrl\":\"https:\/\/oronsko.org\/wp-content\/uploads\/2019\/10\/DSC_9766.jpg\",\"inLanguage\":\"pl-PL\",\"potentialAction\":[{\"@type\":\"CommentAction\",\"name\":\"Comment\",\"target\":[\"https:\/\/oronsko.org\/?p=1870#respond\"]}]},{\"@type\":\"WebPage\",\"@id\":\"https:\/\/oronsko.org\/?p=1870\",\"url\":\"https:\/\/oronsko.org\/?p=1870\",\"name\":\"Dzie\u0144 Seniora w Oro\u0144sku - Stowarzyszenie Odnowy i Rozwoju Gminy Oro\u0144sko\",\"isPartOf\":{\"@id\":\"https:\/\/oronsko.org\/#website\"},\"primaryImageOfPage\":{\"@id\":\"https:\/\/oronsko.org\/?p=1870#primaryimage\"},\"image\":{\"@id\":\"https:\/\/oronsko.org\/?p=1870#primaryimage\"},\"thumbnailUrl\":\"https:\/\/oronsko.org\/wp-content\/uploads\/2019\/10\/DSC_9766.jpg\",\"datePublished\":\"2019-10-28T05:49:55+00:00\",\"dateModified\":\"2019-10-28T05:52:42+00:00\",\"author\":{\"@id\":\"https:\/\/oronsko.org\/#\/schema\/person\/d008aee7ef8cdc6d72c6dddfa0f6fa6a\"},\"breadcrumb\":{\"@id\":\"https:\/\/oronsko.org\/?p=1870#breadcrumb\"},\"inLanguage\":\"pl-PL\",\"potentialAction\":[{\"@type\":\"ReadAction\",\"target\":[\"https:\/\/oronsko.org\/?p=1870\"]}]},{\"@type\":\"ImageObject\",\"inLanguage\":\"pl-PL\",\"@id\":\"https:\/\/oronsko.org\/?p=1870#primaryimage\",\"url\":\"https:\/\/oronsko.org\/wp-content\/uploads\/2019\/10\/DSC_9766.jpg\",\"contentUrl\":\"https:\/\/oronsko.org\/wp-content\/uploads\/2019\/10\/DSC_9766.jpg\",\"width\":3216,\"height\":2136},{\"@type\":\"BreadcrumbList\",\"@id\":\"https:\/\/oronsko.org\/?p=1870#breadcrumb\",\"itemListElement\":[{\"@type\":\"ListItem\",\"position\":1,\"name\":\"Strona g\u0142\u00f3wna\",\"item\":\"https:\/\/oronsko.org\/\"},{\"@type\":\"ListItem\",\"position\":2,\"name\":\"Dzie\u0144 Seniora w Oro\u0144sku\"}]},{\"@type\":\"WebSite\",\"@id\":\"https:\/\/oronsko.org\/#website\",\"url\":\"https:\/\/oronsko.org\/\",\"name\":\"Stowarzyszenie Odnowy i Rozwoju Gminy Oro\u0144sko\",\"description\":\"\",\"potentialAction\":[{\"@type\":\"SearchAction\",\"target\":{\"@type\":\"EntryPoint\",\"urlTemplate\":\"https:\/\/oronsko.org\/?s={search_term_string}\"},\"query-input\":{\"@type\":\"PropertyValueSpecification\",\"valueRequired\":true,\"valueName\":\"search_term_string\"}}],\"inLanguage\":\"pl-PL\"},{\"@type\":\"Person\",\"@id\":\"https:\/\/oronsko.org\/#\/schema\/person\/d008aee7ef8cdc6d72c6dddfa0f6fa6a\",\"name\":\"oronsko\",\"image\":{\"@type\":\"ImageObject\",\"inLanguage\":\"pl-PL\",\"@id\":\"https:\/\/oronsko.org\/#\/schema\/person\/image\/\",\"url\":\"https:\/\/secure.gravatar.com\/avatar\/04d4d850872fa512217e3bbde438f64183869a8f4529665ce1917407f81c2c69?s=96&d=mm&r=g\",\"contentUrl\":\"https:\/\/secure.gravatar.com\/avatar\/04d4d850872fa512217e3bbde438f64183869a8f4529665ce1917407f81c2c69?s=96&d=mm&r=g\",\"caption\":\"oronsko\"},\"url\":\"https:\/\/oronsko.org\/?author=2\"}]}<\/script>\n<!-- \/ Yoast SEO plugin. -->","yoast_head_json":{"title":"Dzie\u0144 Seniora w Oro\u0144sku - Stowarzyszenie Odnowy i Rozwoju Gminy Oro\u0144sko","robots":{"index":"index","follow":"follow","max-snippet":"max-snippet:-1","max-image-preview":"max-image-preview:large","max-video-preview":"max-video-preview:-1"},"canonical":"https:\/\/oronsko.org\/?p=1870","og_locale":"pl_PL","og_type":"article","og_title":"Dzie\u0144 Seniora w Oro\u0144sku - Stowarzyszenie Odnowy i Rozwoju Gminy Oro\u0144sko","og_description":"27 pa\u017adziernika 2019 roku na terenie Centrum Rze\u017aby Polskiej w Oro\u0144sku odby\u0142a si\u0119 plenerowa impreza z okazji Dnia Seniora pod has\u0142em \u201eZasmakuj muzyki\u201d, kt\u00f3rej sprzyja\u0142a pi\u0119kna i ciep\u0142a aura Z\u0142otej Polskiej Jesieni.","og_url":"https:\/\/oronsko.org\/?p=1870","og_site_name":"Stowarzyszenie Odnowy i Rozwoju Gminy Oro\u0144sko","article_published_time":"2019-10-28T05:49:55+00:00","article_modified_time":"2019-10-28T05:52:42+00:00","og_image":[{"width":1024,"height":680,"url":"https:\/\/oronsko.org\/wp-content\/uploads\/2019\/10\/DSC_9766-1024x680.jpg","type":"image\/jpeg"}],"author":"oronsko","twitter_card":"summary_large_image","twitter_misc":{"Napisane przez":"oronsko","Szacowany czas czytania":"2 minuty"},"schema":{"@context":"https:\/\/schema.org","@graph":[{"@type":"Article","@id":"https:\/\/oronsko.org\/?p=1870#article","isPartOf":{"@id":"https:\/\/oronsko.org\/?p=1870"},"author":{"name":"oronsko","@id":"https:\/\/oronsko.org\/#\/schema\/person\/d008aee7ef8cdc6d72c6dddfa0f6fa6a"},"headline":"Dzie\u0144 Seniora w Oro\u0144sku","datePublished":"2019-10-28T05:49:55+00:00","dateModified":"2019-10-28T05:52:42+00:00","mainEntityOfPage":{"@id":"https:\/\/oronsko.org\/?p=1870"},"wordCount":442,"commentCount":0,"image":{"@id":"https:\/\/oronsko.org\/?p=1870#primaryimage"},"thumbnailUrl":"https:\/\/oronsko.org\/wp-content\/uploads\/2019\/10\/DSC_9766.jpg","inLanguage":"pl-PL","potentialAction":[{"@type":"CommentAction","name":"Comment","target":["https:\/\/oronsko.org\/?p=1870#respond"]}]},{"@type":"WebPage","@id":"https:\/\/oronsko.org\/?p=1870","url":"https:\/\/oronsko.org\/?p=1870","name":"Dzie\u0144 Seniora w Oro\u0144sku - Stowarzyszenie Odnowy i Rozwoju Gminy Oro\u0144sko","isPartOf":{"@id":"https:\/\/oronsko.org\/#website"},"primaryImageOfPage":{"@id":"https:\/\/oronsko.org\/?p=1870#primaryimage"},"image":{"@id":"https:\/\/oronsko.org\/?p=1870#primaryimage"},"thumbnailUrl":"https:\/\/oronsko.org\/wp-content\/uploads\/2019\/10\/DSC_9766.jpg","datePublished":"2019-10-28T05:49:55+00:00","dateModified":"2019-10-28T05:52:42+00:00","author":{"@id":"https:\/\/oronsko.org\/#\/schema\/person\/d008aee7ef8cdc6d72c6dddfa0f6fa6a"},"breadcrumb":{"@id":"https:\/\/oronsko.org\/?p=1870#breadcrumb"},"inLanguage":"pl-PL","potentialAction":[{"@type":"ReadAction","target":["https:\/\/oronsko.org\/?p=1870"]}]},{"@type":"ImageObject","inLanguage":"pl-PL","@id":"https:\/\/oronsko.org\/?p=1870#primaryimage","url":"https:\/\/oronsko.org\/wp-content\/uploads\/2019\/10\/DSC_9766.jpg","contentUrl":"https:\/\/oronsko.org\/wp-content\/uploads\/2019\/10\/DSC_9766.jpg","width":3216,"height":2136},{"@type":"BreadcrumbList","@id":"https:\/\/oronsko.org\/?p=1870#breadcrumb","itemListElement":[{"@type":"ListItem","position":1,"name":"Strona g\u0142\u00f3wna","item":"https:\/\/oronsko.org\/"},{"@type":"ListItem","position":2,"name":"Dzie\u0144 Seniora w Oro\u0144sku"}]},{"@type":"WebSite","@id":"https:\/\/oronsko.org\/#website","url":"https:\/\/oronsko.org\/","name":"Stowarzyszenie Odnowy i Rozwoju Gminy Oro\u0144sko","description":"","potentialAction":[{"@type":"SearchAction","target":{"@type":"EntryPoint","urlTemplate":"https:\/\/oronsko.org\/?s={search_term_string}"},"query-input":{"@type":"PropertyValueSpecification","valueRequired":true,"valueName":"search_term_string"}}],"inLanguage":"pl-PL"},{"@type":"Person","@id":"https:\/\/oronsko.org\/#\/schema\/person\/d008aee7ef8cdc6d72c6dddfa0f6fa6a","name":"oronsko","image":{"@type":"ImageObject","inLanguage":"pl-PL","@id":"https:\/\/oronsko.org\/#\/schema\/person\/image\/","url":"https:\/\/secure.gravatar.com\/avatar\/04d4d850872fa512217e3bbde438f64183869a8f4529665ce1917407f81c2c69?s=96&d=mm&r=g","contentUrl":"https:\/\/secure.gravatar.com\/avatar\/04d4d850872fa512217e3bbde438f64183869a8f4529665ce1917407f81c2c69?s=96&d=mm&r=g","caption":"oronsko"},"url":"https:\/\/oronsko.org\/?author=2"}]}},"_links":{"self":[{"href":"https:\/\/oronsko.org\/index.php?rest_route=\/wp\/v2\/posts\/1870","targetHints":{"allow":["GET"]}}],"collection":[{"href":"https:\/\/oronsko.org\/index.php?rest_route=\/wp\/v2\/posts"}],"about":[{"href":"https:\/\/oronsko.org\/index.php?rest_route=\/wp\/v2\/types\/post"}],"author":[{"embeddable":true,"href":"https:\/\/oronsko.org\/index.php?rest_route=\/wp\/v2\/users\/2"}],"replies":[{"embeddable":true,"href":"https:\/\/oronsko.org\/index.php?rest_route=%2Fwp%2Fv2%2Fcomments&post=1870"}],"version-history":[{"count":3,"href":"https:\/\/oronsko.org\/index.php?rest_route=\/wp\/v2\/posts\/1870\/revisions"}],"predecessor-version":[{"id":1874,"href":"https:\/\/oronsko.org\/index.php?rest_route=\/wp\/v2\/posts\/1870\/revisions\/1874"}],"wp:featuredmedia":[{"embeddable":true,"href":"https:\/\/oronsko.org\/index.php?rest_route=\/wp\/v2\/media\/1871"}],"wp:attachment":[{"href":"https:\/\/oronsko.org\/index.php?rest_route=%2Fwp%2Fv2%2Fmedia&parent=1870"}],"wp:term":[{"taxonomy":"category","embeddable":true,"href":"https:\/\/oronsko.org\/index.php?rest_route=%2Fwp%2Fv2%2Fcategories&post=1870"},{"taxonomy":"post_tag","embeddable":true,"href":"https:\/\/oronsko.org\/index.php?rest_route=%2Fwp%2Fv2%2Ftags&post=1870"}],"curies":[{"name":"wp","href":"https:\/\/api.w.org\/{rel}","templated":true}]}}