{"id":1855,"date":"2019-10-08T23:29:55","date_gmt":"2019-10-08T21:29:55","guid":{"rendered":"http:\/\/oronsko.org\/?p=1855"},"modified":"2019-10-09T15:16:50","modified_gmt":"2019-10-09T13:16:50","slug":"pomagamy-osobom-niepelnosprawnym","status":"publish","type":"post","link":"https:\/\/oronsko.org\/?p=1855","title":{"rendered":"Pomagamy osobom niepe\u0142nosprawnym"},"content":{"rendered":"<p style=\"text-align: justify;\">Katarzyna Taras &#8211; cz\u0142onkiem Stowarzyszenia Odnowy i Rozwoju Gminy Oro\u0144sko i jednocze\u015bnie Radna Rady Gminy w Oro\u0144sko zaanga\u017cowa\u0142a si\u0119 w organizacj\u0119 wyjazdu os\u00f3b niepe\u0142nosprawnych z naszej gminy na 24 Wielk\u0105 Gal\u0119 Integracji, wydarzenie pod honorowym patronatem Prezydenta RP,<!--more--> kt\u00f3re odb\u0119dzie si\u0119 w Warszawie 16 listopada 2019 roku. Wielka Gala Integracji to najwi\u0119ksze \u015bwi\u0119to os\u00f3b z niepe\u0142nosprawno\u015bci\u0105 w\u00a0Polsce, organizowane przez Stowarzyszenie Przyjaci\u00f3\u0142 Integracji i Fundacj\u0119 Integracja z okazji \u015awiatowego Dnia Os\u00f3b Niepe\u0142nosprawnych, podsumowuj\u0105ce roczne dzia\u0142ania na rzecz os\u00f3b z niepe\u0142nosprawno\u015bci\u0105. Od 24 lat Wielka Gala Integracji jest okazj\u0105 do spotkania os\u00f3b z r\u00f3\u017cnymi rodzajami niepe\u0142nosprawno\u015bci z ca\u0142ego kraju, a tak\u017ce os\u00f3b publicznych, polityk\u00f3w, przedstawicieli medi\u00f3w, firm anga\u017cuj\u0105cych si\u0119 w\u00a0dzia\u0142ania na rzecz os\u00f3b z niepe\u0142nosprawno\u015bci\u0105 oraz przedstawicieli organizacji pozarz\u0105dowych. Podczas wydarzenia przyznawany jest Medal Przyjaciel Integracji osobom oraz instytucjom, kt\u00f3re dzia\u0142aj\u0105 na rzecz \u015brodowiska os\u00f3b z niepe\u0142nosprawno\u015bci\u0105 nie z formalnego obowi\u0105zku, lecz z ch\u0119ci budowania spo\u0142ecznej integracji. Wydarzenie ma charakter integracyjny, artystyczny oraz kulturalny i co roku gromadzi niemal 3 tysi\u0105ce os\u00f3b z ca\u0142ej Polski. Dotychczas na scenie wyst\u0105pili m.in. Pectus, Myslovitz, Kayah, Justyna Steczkowska, Enej, Audiofeels, Natalia Kukulska, Urszula, Krzysztof Cugowski, Stanis\u0142aw Soyka, Raz Dwa Trzy, De Mono, Monika Kuszy\u0144ska i Olga Bo\u0144czyk. Wi\u0119cej informacji o organizatorach i samym wydarzeniu mo\u017cna znale\u017a\u0107 na stronie <a href=\"http:\/\/www.integracja.org\/\">www.integracja.org<\/a>. Ch\u0119\u0107 udzia\u0142u w tym wydarzeniu zg\u0142osi\u0142o 20 os\u00f3b z naszej gminy (osoby niepe\u0142nosprawne wraz z opiekunami). Aktualnie organizatorka wyjazdu poszukuje \u015brodk\u00f3w finansowych pozwalaj\u0105cych na zrealizowanie tego projektu. W tym celu zosta\u0142a na stronie <a href=\"http:\/\/www.zrzutka.pl\/\">www.zrzutka.pl<\/a> za\u0142o\u017cona zrzutka \u015brodk\u00f3w finansowych pozwalaj\u0105cych na spe\u0142nienie wielkiego marzenia os\u00f3b niepe\u0142nosprawnych (zrzutka pod has\u0142em: Gala Warszawa). Zach\u0119camy do wsparcia tej inicjatywy.<\/p>\n<p><span style=\"color: #00ffff; font-size: 14pt;\"><a style=\"color: #00ffff;\" href=\"https:\/\/zrzutka.pl\/krk6y4?utm_medium=mail&amp;fbclid=IwAR10NWuFo89AD26qis3VBSUfp3AJ7Ooy1MvtMElTx-w1h8zOHf6x87FzFKs\"><strong>\u00a0<\/strong><strong>Link do zrzutki<\/strong><\/a><\/span><\/p>\n<p><a href=\"http:\/\/oronsko.org\/wp-content\/uploads\/2019\/10\/Gala-Integracji.png\" data-rel=\"lightbox-image-0\" data-rl_title=\"\" data-rl_caption=\"\" title=\"\"><img loading=\"lazy\" decoding=\"async\" class=\"wp-image-1856 aligncenter\" src=\"http:\/\/oronsko.org\/wp-content\/uploads\/2019\/10\/Gala-Integracji-1024x536.png\" alt=\"\" width=\"684\" height=\"358\" srcset=\"https:\/\/oronsko.org\/wp-content\/uploads\/2019\/10\/Gala-Integracji-1024x536.png 1024w, https:\/\/oronsko.org\/wp-content\/uploads\/2019\/10\/Gala-Integracji-300x157.png 300w, https:\/\/oronsko.org\/wp-content\/uploads\/2019\/10\/Gala-Integracji-768x402.png 768w, https:\/\/oronsko.org\/wp-content\/uploads\/2019\/10\/Gala-Integracji.png 1140w\" sizes=\"auto, (max-width: 684px) 100vw, 684px\" \/><\/a><\/p>\n","protected":false},"excerpt":{"rendered":"<p>Katarzyna Taras &#8211; cz\u0142onkiem Stowarzyszenia Odnowy i Rozwoju Gminy Oro\u0144sko i jednocze\u015bnie Radna Rady Gminy w Oro\u0144sko zaanga\u017cowa\u0142a si\u0119 w organizacj\u0119 wyjazdu os\u00f3b niepe\u0142nosprawnych z naszej gminy na 24 Wielk\u0105 Gal\u0119 Integracji, wydarzenie pod honorowym patronatem Prezydenta RP,<\/p>\n","protected":false},"author":2,"featured_media":1856,"comment_status":"open","ping_status":"open","sticky":false,"template":"","format":"standard","meta":{"footnotes":""},"categories":[1],"tags":[],"class_list":["post-1855","post","type-post","status-publish","format-standard","has-post-thumbnail","hentry","category-bez-kategorii"],"yoast_head":"<!-- This site is optimized with the Yoast SEO plugin v26.8 - https:\/\/yoast.com\/product\/yoast-seo-wordpress\/ -->\n<title>Pomagamy osobom niepe\u0142nosprawnym - Stowarzyszenie Odnowy i Rozwoju Gminy Oro\u0144sko<\/title>\n<meta name=\"robots\" content=\"index, follow, max-snippet:-1, max-image-preview:large, max-video-preview:-1\" \/>\n<link rel=\"canonical\" href=\"https:\/\/oronsko.org\/?p=1855\" \/>\n<meta property=\"og:locale\" content=\"pl_PL\" \/>\n<meta property=\"og:type\" content=\"article\" \/>\n<meta property=\"og:title\" content=\"Pomagamy osobom niepe\u0142nosprawnym - Stowarzyszenie Odnowy i Rozwoju Gminy Oro\u0144sko\" \/>\n<meta property=\"og:description\" content=\"Katarzyna Taras &#8211; cz\u0142onkiem Stowarzyszenia Odnowy i Rozwoju Gminy Oro\u0144sko i jednocze\u015bnie Radna Rady Gminy w Oro\u0144sko zaanga\u017cowa\u0142a si\u0119 w organizacj\u0119 wyjazdu os\u00f3b niepe\u0142nosprawnych z naszej gminy na 24 Wielk\u0105 Gal\u0119 Integracji, wydarzenie pod honorowym patronatem Prezydenta RP,\" \/>\n<meta property=\"og:url\" content=\"https:\/\/oronsko.org\/?p=1855\" \/>\n<meta property=\"og:site_name\" content=\"Stowarzyszenie Odnowy i Rozwoju Gminy Oro\u0144sko\" \/>\n<meta property=\"article:published_time\" content=\"2019-10-08T21:29:55+00:00\" \/>\n<meta property=\"article:modified_time\" content=\"2019-10-09T13:16:50+00:00\" \/>\n<meta property=\"og:image\" content=\"https:\/\/oronsko.org\/wp-content\/uploads\/2019\/10\/Gala-Integracji.png\" \/>\n\t<meta property=\"og:image:width\" content=\"1140\" \/>\n\t<meta property=\"og:image:height\" content=\"597\" \/>\n\t<meta property=\"og:image:type\" content=\"image\/png\" \/>\n<meta name=\"author\" content=\"oronsko\" \/>\n<meta name=\"twitter:card\" content=\"summary_large_image\" \/>\n<meta name=\"twitter:label1\" content=\"Napisane przez\" \/>\n\t<meta name=\"twitter:data1\" content=\"oronsko\" \/>\n\t<meta name=\"twitter:label2\" content=\"Szacowany czas czytania\" \/>\n\t<meta name=\"twitter:data2\" content=\"2 minuty\" \/>\n<script type=\"application\/ld+json\" class=\"yoast-schema-graph\">{\"@context\":\"https:\/\/schema.org\",\"@graph\":[{\"@type\":\"Article\",\"@id\":\"https:\/\/oronsko.org\/?p=1855#article\",\"isPartOf\":{\"@id\":\"https:\/\/oronsko.org\/?p=1855\"},\"author\":{\"name\":\"oronsko\",\"@id\":\"https:\/\/oronsko.org\/#\/schema\/person\/d008aee7ef8cdc6d72c6dddfa0f6fa6a\"},\"headline\":\"Pomagamy osobom niepe\u0142nosprawnym\",\"datePublished\":\"2019-10-08T21:29:55+00:00\",\"dateModified\":\"2019-10-09T13:16:50+00:00\",\"mainEntityOfPage\":{\"@id\":\"https:\/\/oronsko.org\/?p=1855\"},\"wordCount\":339,\"commentCount\":0,\"image\":{\"@id\":\"https:\/\/oronsko.org\/?p=1855#primaryimage\"},\"thumbnailUrl\":\"https:\/\/oronsko.org\/wp-content\/uploads\/2019\/10\/Gala-Integracji.png\",\"inLanguage\":\"pl-PL\",\"potentialAction\":[{\"@type\":\"CommentAction\",\"name\":\"Comment\",\"target\":[\"https:\/\/oronsko.org\/?p=1855#respond\"]}]},{\"@type\":\"WebPage\",\"@id\":\"https:\/\/oronsko.org\/?p=1855\",\"url\":\"https:\/\/oronsko.org\/?p=1855\",\"name\":\"Pomagamy osobom niepe\u0142nosprawnym - Stowarzyszenie Odnowy i Rozwoju Gminy Oro\u0144sko\",\"isPartOf\":{\"@id\":\"https:\/\/oronsko.org\/#website\"},\"primaryImageOfPage\":{\"@id\":\"https:\/\/oronsko.org\/?p=1855#primaryimage\"},\"image\":{\"@id\":\"https:\/\/oronsko.org\/?p=1855#primaryimage\"},\"thumbnailUrl\":\"https:\/\/oronsko.org\/wp-content\/uploads\/2019\/10\/Gala-Integracji.png\",\"datePublished\":\"2019-10-08T21:29:55+00:00\",\"dateModified\":\"2019-10-09T13:16:50+00:00\",\"author\":{\"@id\":\"https:\/\/oronsko.org\/#\/schema\/person\/d008aee7ef8cdc6d72c6dddfa0f6fa6a\"},\"breadcrumb\":{\"@id\":\"https:\/\/oronsko.org\/?p=1855#breadcrumb\"},\"inLanguage\":\"pl-PL\",\"potentialAction\":[{\"@type\":\"ReadAction\",\"target\":[\"https:\/\/oronsko.org\/?p=1855\"]}]},{\"@type\":\"ImageObject\",\"inLanguage\":\"pl-PL\",\"@id\":\"https:\/\/oronsko.org\/?p=1855#primaryimage\",\"url\":\"https:\/\/oronsko.org\/wp-content\/uploads\/2019\/10\/Gala-Integracji.png\",\"contentUrl\":\"https:\/\/oronsko.org\/wp-content\/uploads\/2019\/10\/Gala-Integracji.png\",\"width\":1140,\"height\":597},{\"@type\":\"BreadcrumbList\",\"@id\":\"https:\/\/oronsko.org\/?p=1855#breadcrumb\",\"itemListElement\":[{\"@type\":\"ListItem\",\"position\":1,\"name\":\"Strona g\u0142\u00f3wna\",\"item\":\"https:\/\/oronsko.org\/\"},{\"@type\":\"ListItem\",\"position\":2,\"name\":\"Pomagamy osobom niepe\u0142nosprawnym\"}]},{\"@type\":\"WebSite\",\"@id\":\"https:\/\/oronsko.org\/#website\",\"url\":\"https:\/\/oronsko.org\/\",\"name\":\"Stowarzyszenie Odnowy i Rozwoju Gminy Oro\u0144sko\",\"description\":\"\",\"potentialAction\":[{\"@type\":\"SearchAction\",\"target\":{\"@type\":\"EntryPoint\",\"urlTemplate\":\"https:\/\/oronsko.org\/?s={search_term_string}\"},\"query-input\":{\"@type\":\"PropertyValueSpecification\",\"valueRequired\":true,\"valueName\":\"search_term_string\"}}],\"inLanguage\":\"pl-PL\"},{\"@type\":\"Person\",\"@id\":\"https:\/\/oronsko.org\/#\/schema\/person\/d008aee7ef8cdc6d72c6dddfa0f6fa6a\",\"name\":\"oronsko\",\"image\":{\"@type\":\"ImageObject\",\"inLanguage\":\"pl-PL\",\"@id\":\"https:\/\/oronsko.org\/#\/schema\/person\/image\/\",\"url\":\"https:\/\/secure.gravatar.com\/avatar\/04d4d850872fa512217e3bbde438f64183869a8f4529665ce1917407f81c2c69?s=96&d=mm&r=g\",\"contentUrl\":\"https:\/\/secure.gravatar.com\/avatar\/04d4d850872fa512217e3bbde438f64183869a8f4529665ce1917407f81c2c69?s=96&d=mm&r=g\",\"caption\":\"oronsko\"},\"url\":\"https:\/\/oronsko.org\/?author=2\"}]}<\/script>\n<!-- \/ Yoast SEO plugin. -->","yoast_head_json":{"title":"Pomagamy osobom niepe\u0142nosprawnym - Stowarzyszenie Odnowy i Rozwoju Gminy Oro\u0144sko","robots":{"index":"index","follow":"follow","max-snippet":"max-snippet:-1","max-image-preview":"max-image-preview:large","max-video-preview":"max-video-preview:-1"},"canonical":"https:\/\/oronsko.org\/?p=1855","og_locale":"pl_PL","og_type":"article","og_title":"Pomagamy osobom niepe\u0142nosprawnym - Stowarzyszenie Odnowy i Rozwoju Gminy Oro\u0144sko","og_description":"Katarzyna Taras &#8211; cz\u0142onkiem Stowarzyszenia Odnowy i Rozwoju Gminy Oro\u0144sko i jednocze\u015bnie Radna Rady Gminy w Oro\u0144sko zaanga\u017cowa\u0142a si\u0119 w organizacj\u0119 wyjazdu os\u00f3b niepe\u0142nosprawnych z naszej gminy na 24 Wielk\u0105 Gal\u0119 Integracji, wydarzenie pod honorowym patronatem Prezydenta RP,","og_url":"https:\/\/oronsko.org\/?p=1855","og_site_name":"Stowarzyszenie Odnowy i Rozwoju Gminy Oro\u0144sko","article_published_time":"2019-10-08T21:29:55+00:00","article_modified_time":"2019-10-09T13:16:50+00:00","og_image":[{"width":1140,"height":597,"url":"https:\/\/oronsko.org\/wp-content\/uploads\/2019\/10\/Gala-Integracji.png","type":"image\/png"}],"author":"oronsko","twitter_card":"summary_large_image","twitter_misc":{"Napisane przez":"oronsko","Szacowany czas czytania":"2 minuty"},"schema":{"@context":"https:\/\/schema.org","@graph":[{"@type":"Article","@id":"https:\/\/oronsko.org\/?p=1855#article","isPartOf":{"@id":"https:\/\/oronsko.org\/?p=1855"},"author":{"name":"oronsko","@id":"https:\/\/oronsko.org\/#\/schema\/person\/d008aee7ef8cdc6d72c6dddfa0f6fa6a"},"headline":"Pomagamy osobom niepe\u0142nosprawnym","datePublished":"2019-10-08T21:29:55+00:00","dateModified":"2019-10-09T13:16:50+00:00","mainEntityOfPage":{"@id":"https:\/\/oronsko.org\/?p=1855"},"wordCount":339,"commentCount":0,"image":{"@id":"https:\/\/oronsko.org\/?p=1855#primaryimage"},"thumbnailUrl":"https:\/\/oronsko.org\/wp-content\/uploads\/2019\/10\/Gala-Integracji.png","inLanguage":"pl-PL","potentialAction":[{"@type":"CommentAction","name":"Comment","target":["https:\/\/oronsko.org\/?p=1855#respond"]}]},{"@type":"WebPage","@id":"https:\/\/oronsko.org\/?p=1855","url":"https:\/\/oronsko.org\/?p=1855","name":"Pomagamy osobom niepe\u0142nosprawnym - Stowarzyszenie Odnowy i Rozwoju Gminy Oro\u0144sko","isPartOf":{"@id":"https:\/\/oronsko.org\/#website"},"primaryImageOfPage":{"@id":"https:\/\/oronsko.org\/?p=1855#primaryimage"},"image":{"@id":"https:\/\/oronsko.org\/?p=1855#primaryimage"},"thumbnailUrl":"https:\/\/oronsko.org\/wp-content\/uploads\/2019\/10\/Gala-Integracji.png","datePublished":"2019-10-08T21:29:55+00:00","dateModified":"2019-10-09T13:16:50+00:00","author":{"@id":"https:\/\/oronsko.org\/#\/schema\/person\/d008aee7ef8cdc6d72c6dddfa0f6fa6a"},"breadcrumb":{"@id":"https:\/\/oronsko.org\/?p=1855#breadcrumb"},"inLanguage":"pl-PL","potentialAction":[{"@type":"ReadAction","target":["https:\/\/oronsko.org\/?p=1855"]}]},{"@type":"ImageObject","inLanguage":"pl-PL","@id":"https:\/\/oronsko.org\/?p=1855#primaryimage","url":"https:\/\/oronsko.org\/wp-content\/uploads\/2019\/10\/Gala-Integracji.png","contentUrl":"https:\/\/oronsko.org\/wp-content\/uploads\/2019\/10\/Gala-Integracji.png","width":1140,"height":597},{"@type":"BreadcrumbList","@id":"https:\/\/oronsko.org\/?p=1855#breadcrumb","itemListElement":[{"@type":"ListItem","position":1,"name":"Strona g\u0142\u00f3wna","item":"https:\/\/oronsko.org\/"},{"@type":"ListItem","position":2,"name":"Pomagamy osobom niepe\u0142nosprawnym"}]},{"@type":"WebSite","@id":"https:\/\/oronsko.org\/#website","url":"https:\/\/oronsko.org\/","name":"Stowarzyszenie Odnowy i Rozwoju Gminy Oro\u0144sko","description":"","potentialAction":[{"@type":"SearchAction","target":{"@type":"EntryPoint","urlTemplate":"https:\/\/oronsko.org\/?s={search_term_string}"},"query-input":{"@type":"PropertyValueSpecification","valueRequired":true,"valueName":"search_term_string"}}],"inLanguage":"pl-PL"},{"@type":"Person","@id":"https:\/\/oronsko.org\/#\/schema\/person\/d008aee7ef8cdc6d72c6dddfa0f6fa6a","name":"oronsko","image":{"@type":"ImageObject","inLanguage":"pl-PL","@id":"https:\/\/oronsko.org\/#\/schema\/person\/image\/","url":"https:\/\/secure.gravatar.com\/avatar\/04d4d850872fa512217e3bbde438f64183869a8f4529665ce1917407f81c2c69?s=96&d=mm&r=g","contentUrl":"https:\/\/secure.gravatar.com\/avatar\/04d4d850872fa512217e3bbde438f64183869a8f4529665ce1917407f81c2c69?s=96&d=mm&r=g","caption":"oronsko"},"url":"https:\/\/oronsko.org\/?author=2"}]}},"_links":{"self":[{"href":"https:\/\/oronsko.org\/index.php?rest_route=\/wp\/v2\/posts\/1855","targetHints":{"allow":["GET"]}}],"collection":[{"href":"https:\/\/oronsko.org\/index.php?rest_route=\/wp\/v2\/posts"}],"about":[{"href":"https:\/\/oronsko.org\/index.php?rest_route=\/wp\/v2\/types\/post"}],"author":[{"embeddable":true,"href":"https:\/\/oronsko.org\/index.php?rest_route=\/wp\/v2\/users\/2"}],"replies":[{"embeddable":true,"href":"https:\/\/oronsko.org\/index.php?rest_route=%2Fwp%2Fv2%2Fcomments&post=1855"}],"version-history":[{"count":2,"href":"https:\/\/oronsko.org\/index.php?rest_route=\/wp\/v2\/posts\/1855\/revisions"}],"predecessor-version":[{"id":1859,"href":"https:\/\/oronsko.org\/index.php?rest_route=\/wp\/v2\/posts\/1855\/revisions\/1859"}],"wp:featuredmedia":[{"embeddable":true,"href":"https:\/\/oronsko.org\/index.php?rest_route=\/wp\/v2\/media\/1856"}],"wp:attachment":[{"href":"https:\/\/oronsko.org\/index.php?rest_route=%2Fwp%2Fv2%2Fmedia&parent=1855"}],"wp:term":[{"taxonomy":"category","embeddable":true,"href":"https:\/\/oronsko.org\/index.php?rest_route=%2Fwp%2Fv2%2Fcategories&post=1855"},{"taxonomy":"post_tag","embeddable":true,"href":"https:\/\/oronsko.org\/index.php?rest_route=%2Fwp%2Fv2%2Ftags&post=1855"}],"curies":[{"name":"wp","href":"https:\/\/api.w.org\/{rel}","templated":true}]}}