{"id":1845,"date":"2019-10-02T22:10:53","date_gmt":"2019-10-02T20:10:53","guid":{"rendered":"http:\/\/oronsko.org\/?p=1845"},"modified":"2019-10-02T22:17:39","modified_gmt":"2019-10-02T20:17:39","slug":"tydzien-kultury-chrzescijanskiej","status":"publish","type":"post","link":"https:\/\/oronsko.org\/?p=1845","title":{"rendered":"Tydzie\u0144 kultury Chrze\u015bcija\u0144skiej"},"content":{"rendered":"<p>Stowarzyszenie \u201eM\u0142y\u0144ska\u201d Verum Bonum Pulchrum zaprasza na Tydzie\u0144 Kultury Chrze\u015bcija\u0144skiej, kt\u00f3ry odb\u0119dzie od 7 do 13 pa\u017adziernika 2019 r. w Radomiu.<!--more--> Poni\u017cej program wydarze\u0144:<\/p>\n<p><strong>7 pa\u017adziernika, poniedzia\u0142ek \u2013 spotkanie<\/strong><\/p>\n<ul>\n<li>18:00 \u2013 Ko\u015bci\u00f3\u0142 pw. Matki Bo\u017cej Mi\u0142osierdzia, ul. A. Struga 31A w Radomiu: Msza \u015bwi\u0119ta; \u201eStanis\u0142aw Niemczyk \u2013 polski Gaudi\u201d \u2013 wyk\u0142ad bp. Micha\u0142a Janochy. Bp Micha\u0142 Janocha \u2013 profesor Uniwersytetu Warszawskiego i Uniwersytetu Kardyna\u0142a Stefana Wyszy\u0144skiego, biskup pomocniczy warszawski.<\/li>\n<\/ul>\n<p><strong>8 pa\u017adziernika, wtorek \u2013 spotkanie<\/strong><\/p>\n<ul>\n<li>19:00 \u2013 Duszpasterstwo Akademickie ul. G\u00f3rnicza 2 w Radomiu: w ramach cyklu \u201eCa\u0142kiem Inna \u2013 Kobieta w blasku Stw\u00f3rcy\u201d spotkanie z Pani\u0105 Lucyn\u0105 Adamkiewicz \u2013 \u0142\u0105czniczk\u0105 Zgrupowania \u201eChrobry I\u201d, wi\u0119\u017aniark\u0105 oboz\u00f3w Auschwitz i Gusen II.<\/li>\n<\/ul>\n<p><strong>9 pa\u017adziernika, \u015broda \u2013 film, spotkanie modlitewne<\/strong><\/p>\n<ul>\n<li>12:00 i 18.00 \u2013 OKiSz \u201eResursa Obywatelska\u201d, ul. J. Malczewskiego 16 w Radomiu: Film \u201eMuzyka ciszy\u201d, re\u017c. Michael Radford; film o \u017cyciu Andrea Bocellego. Wst\u0119p p\u0142atny: 10 z\u0142.<\/li>\n<li>00 \u2013 Duszpasterstwo Akademickie ul. G\u00f3rnicza 2 w Radomiu: Msza \u015bwi\u0119ta, Wiecz\u00f3r Uwielbienia \u2013 prowadzi Akademicka Wsp\u00f3lnota Jonasza.<\/li>\n<\/ul>\n<p><strong>10 pa\u017adziernika, czwartek \u2013 spotkanie<\/strong><\/p>\n<ul>\n<li>00 \u2013 Centrum Wolontariatu Mi\u0119dzynarodowego, ul. K. Kelles-Krauza 19 w Radomiu: \u201eTajemnice Caravaggia\u201d \u2013 wyk\u0142ad ks. prof. Witolda Kaweckiego CSsR. Ks. Witold Kawecki jest wyk\u0142adowc\u0105 Uniwersytetu Kardyna\u0142a Stefana Wyszy\u0144skiego; zajmuje si\u0119 mi\u0119dzy innymi teologi\u0105 kultury.<\/li>\n<\/ul>\n<p><strong>11 pa\u017adziernika, pi\u0105tek \u2013 spotkanie, adoracja, wystawa<\/strong><\/p>\n<ul>\n<li>19:00 \u2013 Ko\u015bci\u00f3\u0142 Ksi\u0119\u017cy Filipin\u00f3w ul. Grzybowska 22 w Radomiu: Msza \u015bw., spotkanie z tw\u00f3rc\u0105 sztuki sakralnej Panem Mariuszem Drapikowskim, prezentacja monstrancji \u201eKr\u00f3lowa Pokoju\u201d przeznaczonej do Medjugorie, adoracja Naj\u015bwi\u0119tszego Sakramentu,<\/li>\n<li>19:00 \u2013 OKiSz \u201eResursa Obywatelska\u201d, ul. J. Malczewskiego 16 w Radomiu: wernisa\u017c wystawy: \u201eMoje imi\u0119 Cz\u0142owiek\u201d, o \u017cyciu ksi\u0119dza Jana Ziei \u2013 \u017co\u0142nierza Wojska Polskiego, kapelana Szarych Szereg\u00f3w i AK wsp\u00f3\u0142za\u0142o\u017cyciela Komitetu Obrony Robotnik\u00f3w, w latach 1923-1925 zwi\u0105zanego z Radomiem.<\/li>\n<\/ul>\n<p><strong>12 pa\u017adziernika, sobota \u2013 koncert<\/strong><\/p>\n<ul>\n<li>19:00 \u2013 Oratorium \u015bw. Filipa Neri, ul. Grzybowska 22 w Radomiu: koncert muzyki chrze\u015bcija\u0144skiej w wykonaniu zespo\u0142u Play&amp;Pray z Krakowa.<\/li>\n<\/ul>\n<p><strong>13 pa\u017adziernika, niedziela \u2013 spektakl teatralny, koncert na Dzie\u0144 Papieski<\/strong><\/p>\n<ul>\n<li>16:00 \u2013 Oratorium \u015bw. Filipa Neri, ul. Grzybowska 22 w Radomiu: spektakl wed\u0142ug dramatu Kazimierza Brauna \u201ePowr\u00f3t Norwida\u201d w wykonaniu Teatru \u201eNie Teraz\u201d z Tarnowa.<\/li>\n<li>18:00 \u2013 Katedra Opieki Naj\u015bwi\u0119tszej Maryi Panny, ul. Sienkiewicza 13 w Radomiu \u2013 Dzie\u0144 Papieski: Msza \u015awi\u0119ta,koncert \u201eTotus Tuus Sum Maria\u201d pod dyrekcj\u0105 Huberta Kowalskiego.<\/li>\n<\/ul>\n<p><a href=\"http:\/\/oronsko.org\/wp-content\/uploads\/2019\/10\/tydzien_kultury_chrzescijanskiej_ogolny.jpg\" data-rel=\"lightbox-image-0\" data-rl_title=\"\" data-rl_caption=\"\" title=\"\"><img loading=\"lazy\" decoding=\"async\" class=\"wp-image-1846 aligncenter\" src=\"http:\/\/oronsko.org\/wp-content\/uploads\/2019\/10\/tydzien_kultury_chrzescijanskiej_ogolny-1024x670.jpg\" alt=\"\" width=\"723\" height=\"473\" srcset=\"https:\/\/oronsko.org\/wp-content\/uploads\/2019\/10\/tydzien_kultury_chrzescijanskiej_ogolny.jpg 1024w, https:\/\/oronsko.org\/wp-content\/uploads\/2019\/10\/tydzien_kultury_chrzescijanskiej_ogolny-300x196.jpg 300w, https:\/\/oronsko.org\/wp-content\/uploads\/2019\/10\/tydzien_kultury_chrzescijanskiej_ogolny-768x503.jpg 768w, https:\/\/oronsko.org\/wp-content\/uploads\/2019\/10\/tydzien_kultury_chrzescijanskiej_ogolny-220x145.jpg 220w\" sizes=\"auto, (max-width: 723px) 100vw, 723px\" \/><\/a><\/p>\n","protected":false},"excerpt":{"rendered":"<p>Stowarzyszenie \u201eM\u0142y\u0144ska\u201d Verum Bonum Pulchrum zaprasza na Tydzie\u0144 Kultury Chrze\u015bcija\u0144skiej, kt\u00f3ry odb\u0119dzie od 7 do 13 pa\u017adziernika 2019 r. w Radomiu.<\/p>\n","protected":false},"author":2,"featured_media":1846,"comment_status":"open","ping_status":"open","sticky":false,"template":"","format":"standard","meta":{"footnotes":""},"categories":[1],"tags":[],"class_list":["post-1845","post","type-post","status-publish","format-standard","has-post-thumbnail","hentry","category-bez-kategorii"],"yoast_head":"<!-- This site is optimized with the Yoast SEO plugin v26.8 - https:\/\/yoast.com\/product\/yoast-seo-wordpress\/ -->\n<title>Tydzie\u0144 kultury Chrze\u015bcija\u0144skiej - Stowarzyszenie Odnowy i Rozwoju Gminy Oro\u0144sko<\/title>\n<meta name=\"robots\" content=\"index, follow, max-snippet:-1, max-image-preview:large, max-video-preview:-1\" \/>\n<link rel=\"canonical\" href=\"https:\/\/oronsko.org\/?p=1845\" \/>\n<meta property=\"og:locale\" content=\"pl_PL\" \/>\n<meta property=\"og:type\" content=\"article\" \/>\n<meta property=\"og:title\" content=\"Tydzie\u0144 kultury Chrze\u015bcija\u0144skiej - Stowarzyszenie Odnowy i Rozwoju Gminy Oro\u0144sko\" \/>\n<meta property=\"og:description\" content=\"Stowarzyszenie \u201eM\u0142y\u0144ska\u201d Verum Bonum Pulchrum zaprasza na Tydzie\u0144 Kultury Chrze\u015bcija\u0144skiej, kt\u00f3ry odb\u0119dzie od 7 do 13 pa\u017adziernika 2019 r. w Radomiu.\" \/>\n<meta property=\"og:url\" content=\"https:\/\/oronsko.org\/?p=1845\" \/>\n<meta property=\"og:site_name\" content=\"Stowarzyszenie Odnowy i Rozwoju Gminy Oro\u0144sko\" \/>\n<meta property=\"article:published_time\" content=\"2019-10-02T20:10:53+00:00\" \/>\n<meta property=\"article:modified_time\" content=\"2019-10-02T20:17:39+00:00\" \/>\n<meta property=\"og:image\" content=\"https:\/\/oronsko.org\/wp-content\/uploads\/2019\/10\/tydzien_kultury_chrzescijanskiej_ogolny.jpg\" \/>\n\t<meta property=\"og:image:width\" content=\"1024\" \/>\n\t<meta property=\"og:image:height\" content=\"670\" \/>\n\t<meta property=\"og:image:type\" content=\"image\/jpeg\" \/>\n<meta name=\"author\" content=\"oronsko\" \/>\n<meta name=\"twitter:card\" content=\"summary_large_image\" \/>\n<meta name=\"twitter:label1\" content=\"Napisane przez\" \/>\n\t<meta name=\"twitter:data1\" content=\"oronsko\" \/>\n\t<meta name=\"twitter:label2\" content=\"Szacowany czas czytania\" \/>\n\t<meta name=\"twitter:data2\" content=\"2 minuty\" \/>\n<script type=\"application\/ld+json\" class=\"yoast-schema-graph\">{\"@context\":\"https:\/\/schema.org\",\"@graph\":[{\"@type\":\"Article\",\"@id\":\"https:\/\/oronsko.org\/?p=1845#article\",\"isPartOf\":{\"@id\":\"https:\/\/oronsko.org\/?p=1845\"},\"author\":{\"name\":\"oronsko\",\"@id\":\"https:\/\/oronsko.org\/#\/schema\/person\/d008aee7ef8cdc6d72c6dddfa0f6fa6a\"},\"headline\":\"Tydzie\u0144 kultury Chrze\u015bcija\u0144skiej\",\"datePublished\":\"2019-10-02T20:10:53+00:00\",\"dateModified\":\"2019-10-02T20:17:39+00:00\",\"mainEntityOfPage\":{\"@id\":\"https:\/\/oronsko.org\/?p=1845\"},\"wordCount\":382,\"commentCount\":0,\"image\":{\"@id\":\"https:\/\/oronsko.org\/?p=1845#primaryimage\"},\"thumbnailUrl\":\"https:\/\/oronsko.org\/wp-content\/uploads\/2019\/10\/tydzien_kultury_chrzescijanskiej_ogolny.jpg\",\"inLanguage\":\"pl-PL\",\"potentialAction\":[{\"@type\":\"CommentAction\",\"name\":\"Comment\",\"target\":[\"https:\/\/oronsko.org\/?p=1845#respond\"]}]},{\"@type\":\"WebPage\",\"@id\":\"https:\/\/oronsko.org\/?p=1845\",\"url\":\"https:\/\/oronsko.org\/?p=1845\",\"name\":\"Tydzie\u0144 kultury Chrze\u015bcija\u0144skiej - Stowarzyszenie Odnowy i Rozwoju Gminy Oro\u0144sko\",\"isPartOf\":{\"@id\":\"https:\/\/oronsko.org\/#website\"},\"primaryImageOfPage\":{\"@id\":\"https:\/\/oronsko.org\/?p=1845#primaryimage\"},\"image\":{\"@id\":\"https:\/\/oronsko.org\/?p=1845#primaryimage\"},\"thumbnailUrl\":\"https:\/\/oronsko.org\/wp-content\/uploads\/2019\/10\/tydzien_kultury_chrzescijanskiej_ogolny.jpg\",\"datePublished\":\"2019-10-02T20:10:53+00:00\",\"dateModified\":\"2019-10-02T20:17:39+00:00\",\"author\":{\"@id\":\"https:\/\/oronsko.org\/#\/schema\/person\/d008aee7ef8cdc6d72c6dddfa0f6fa6a\"},\"breadcrumb\":{\"@id\":\"https:\/\/oronsko.org\/?p=1845#breadcrumb\"},\"inLanguage\":\"pl-PL\",\"potentialAction\":[{\"@type\":\"ReadAction\",\"target\":[\"https:\/\/oronsko.org\/?p=1845\"]}]},{\"@type\":\"ImageObject\",\"inLanguage\":\"pl-PL\",\"@id\":\"https:\/\/oronsko.org\/?p=1845#primaryimage\",\"url\":\"https:\/\/oronsko.org\/wp-content\/uploads\/2019\/10\/tydzien_kultury_chrzescijanskiej_ogolny.jpg\",\"contentUrl\":\"https:\/\/oronsko.org\/wp-content\/uploads\/2019\/10\/tydzien_kultury_chrzescijanskiej_ogolny.jpg\",\"width\":1024,\"height\":670},{\"@type\":\"BreadcrumbList\",\"@id\":\"https:\/\/oronsko.org\/?p=1845#breadcrumb\",\"itemListElement\":[{\"@type\":\"ListItem\",\"position\":1,\"name\":\"Strona g\u0142\u00f3wna\",\"item\":\"https:\/\/oronsko.org\/\"},{\"@type\":\"ListItem\",\"position\":2,\"name\":\"Tydzie\u0144 kultury Chrze\u015bcija\u0144skiej\"}]},{\"@type\":\"WebSite\",\"@id\":\"https:\/\/oronsko.org\/#website\",\"url\":\"https:\/\/oronsko.org\/\",\"name\":\"Stowarzyszenie Odnowy i Rozwoju Gminy Oro\u0144sko\",\"description\":\"\",\"potentialAction\":[{\"@type\":\"SearchAction\",\"target\":{\"@type\":\"EntryPoint\",\"urlTemplate\":\"https:\/\/oronsko.org\/?s={search_term_string}\"},\"query-input\":{\"@type\":\"PropertyValueSpecification\",\"valueRequired\":true,\"valueName\":\"search_term_string\"}}],\"inLanguage\":\"pl-PL\"},{\"@type\":\"Person\",\"@id\":\"https:\/\/oronsko.org\/#\/schema\/person\/d008aee7ef8cdc6d72c6dddfa0f6fa6a\",\"name\":\"oronsko\",\"image\":{\"@type\":\"ImageObject\",\"inLanguage\":\"pl-PL\",\"@id\":\"https:\/\/oronsko.org\/#\/schema\/person\/image\/\",\"url\":\"https:\/\/secure.gravatar.com\/avatar\/04d4d850872fa512217e3bbde438f64183869a8f4529665ce1917407f81c2c69?s=96&d=mm&r=g\",\"contentUrl\":\"https:\/\/secure.gravatar.com\/avatar\/04d4d850872fa512217e3bbde438f64183869a8f4529665ce1917407f81c2c69?s=96&d=mm&r=g\",\"caption\":\"oronsko\"},\"url\":\"https:\/\/oronsko.org\/?author=2\"}]}<\/script>\n<!-- \/ Yoast SEO plugin. -->","yoast_head_json":{"title":"Tydzie\u0144 kultury Chrze\u015bcija\u0144skiej - Stowarzyszenie Odnowy i Rozwoju Gminy Oro\u0144sko","robots":{"index":"index","follow":"follow","max-snippet":"max-snippet:-1","max-image-preview":"max-image-preview:large","max-video-preview":"max-video-preview:-1"},"canonical":"https:\/\/oronsko.org\/?p=1845","og_locale":"pl_PL","og_type":"article","og_title":"Tydzie\u0144 kultury Chrze\u015bcija\u0144skiej - Stowarzyszenie Odnowy i Rozwoju Gminy Oro\u0144sko","og_description":"Stowarzyszenie \u201eM\u0142y\u0144ska\u201d Verum Bonum Pulchrum zaprasza na Tydzie\u0144 Kultury Chrze\u015bcija\u0144skiej, kt\u00f3ry odb\u0119dzie od 7 do 13 pa\u017adziernika 2019 r. w Radomiu.","og_url":"https:\/\/oronsko.org\/?p=1845","og_site_name":"Stowarzyszenie Odnowy i Rozwoju Gminy Oro\u0144sko","article_published_time":"2019-10-02T20:10:53+00:00","article_modified_time":"2019-10-02T20:17:39+00:00","og_image":[{"width":1024,"height":670,"url":"https:\/\/oronsko.org\/wp-content\/uploads\/2019\/10\/tydzien_kultury_chrzescijanskiej_ogolny.jpg","type":"image\/jpeg"}],"author":"oronsko","twitter_card":"summary_large_image","twitter_misc":{"Napisane przez":"oronsko","Szacowany czas czytania":"2 minuty"},"schema":{"@context":"https:\/\/schema.org","@graph":[{"@type":"Article","@id":"https:\/\/oronsko.org\/?p=1845#article","isPartOf":{"@id":"https:\/\/oronsko.org\/?p=1845"},"author":{"name":"oronsko","@id":"https:\/\/oronsko.org\/#\/schema\/person\/d008aee7ef8cdc6d72c6dddfa0f6fa6a"},"headline":"Tydzie\u0144 kultury Chrze\u015bcija\u0144skiej","datePublished":"2019-10-02T20:10:53+00:00","dateModified":"2019-10-02T20:17:39+00:00","mainEntityOfPage":{"@id":"https:\/\/oronsko.org\/?p=1845"},"wordCount":382,"commentCount":0,"image":{"@id":"https:\/\/oronsko.org\/?p=1845#primaryimage"},"thumbnailUrl":"https:\/\/oronsko.org\/wp-content\/uploads\/2019\/10\/tydzien_kultury_chrzescijanskiej_ogolny.jpg","inLanguage":"pl-PL","potentialAction":[{"@type":"CommentAction","name":"Comment","target":["https:\/\/oronsko.org\/?p=1845#respond"]}]},{"@type":"WebPage","@id":"https:\/\/oronsko.org\/?p=1845","url":"https:\/\/oronsko.org\/?p=1845","name":"Tydzie\u0144 kultury Chrze\u015bcija\u0144skiej - Stowarzyszenie Odnowy i Rozwoju Gminy Oro\u0144sko","isPartOf":{"@id":"https:\/\/oronsko.org\/#website"},"primaryImageOfPage":{"@id":"https:\/\/oronsko.org\/?p=1845#primaryimage"},"image":{"@id":"https:\/\/oronsko.org\/?p=1845#primaryimage"},"thumbnailUrl":"https:\/\/oronsko.org\/wp-content\/uploads\/2019\/10\/tydzien_kultury_chrzescijanskiej_ogolny.jpg","datePublished":"2019-10-02T20:10:53+00:00","dateModified":"2019-10-02T20:17:39+00:00","author":{"@id":"https:\/\/oronsko.org\/#\/schema\/person\/d008aee7ef8cdc6d72c6dddfa0f6fa6a"},"breadcrumb":{"@id":"https:\/\/oronsko.org\/?p=1845#breadcrumb"},"inLanguage":"pl-PL","potentialAction":[{"@type":"ReadAction","target":["https:\/\/oronsko.org\/?p=1845"]}]},{"@type":"ImageObject","inLanguage":"pl-PL","@id":"https:\/\/oronsko.org\/?p=1845#primaryimage","url":"https:\/\/oronsko.org\/wp-content\/uploads\/2019\/10\/tydzien_kultury_chrzescijanskiej_ogolny.jpg","contentUrl":"https:\/\/oronsko.org\/wp-content\/uploads\/2019\/10\/tydzien_kultury_chrzescijanskiej_ogolny.jpg","width":1024,"height":670},{"@type":"BreadcrumbList","@id":"https:\/\/oronsko.org\/?p=1845#breadcrumb","itemListElement":[{"@type":"ListItem","position":1,"name":"Strona g\u0142\u00f3wna","item":"https:\/\/oronsko.org\/"},{"@type":"ListItem","position":2,"name":"Tydzie\u0144 kultury Chrze\u015bcija\u0144skiej"}]},{"@type":"WebSite","@id":"https:\/\/oronsko.org\/#website","url":"https:\/\/oronsko.org\/","name":"Stowarzyszenie Odnowy i Rozwoju Gminy Oro\u0144sko","description":"","potentialAction":[{"@type":"SearchAction","target":{"@type":"EntryPoint","urlTemplate":"https:\/\/oronsko.org\/?s={search_term_string}"},"query-input":{"@type":"PropertyValueSpecification","valueRequired":true,"valueName":"search_term_string"}}],"inLanguage":"pl-PL"},{"@type":"Person","@id":"https:\/\/oronsko.org\/#\/schema\/person\/d008aee7ef8cdc6d72c6dddfa0f6fa6a","name":"oronsko","image":{"@type":"ImageObject","inLanguage":"pl-PL","@id":"https:\/\/oronsko.org\/#\/schema\/person\/image\/","url":"https:\/\/secure.gravatar.com\/avatar\/04d4d850872fa512217e3bbde438f64183869a8f4529665ce1917407f81c2c69?s=96&d=mm&r=g","contentUrl":"https:\/\/secure.gravatar.com\/avatar\/04d4d850872fa512217e3bbde438f64183869a8f4529665ce1917407f81c2c69?s=96&d=mm&r=g","caption":"oronsko"},"url":"https:\/\/oronsko.org\/?author=2"}]}},"_links":{"self":[{"href":"https:\/\/oronsko.org\/index.php?rest_route=\/wp\/v2\/posts\/1845","targetHints":{"allow":["GET"]}}],"collection":[{"href":"https:\/\/oronsko.org\/index.php?rest_route=\/wp\/v2\/posts"}],"about":[{"href":"https:\/\/oronsko.org\/index.php?rest_route=\/wp\/v2\/types\/post"}],"author":[{"embeddable":true,"href":"https:\/\/oronsko.org\/index.php?rest_route=\/wp\/v2\/users\/2"}],"replies":[{"embeddable":true,"href":"https:\/\/oronsko.org\/index.php?rest_route=%2Fwp%2Fv2%2Fcomments&post=1845"}],"version-history":[{"count":4,"href":"https:\/\/oronsko.org\/index.php?rest_route=\/wp\/v2\/posts\/1845\/revisions"}],"predecessor-version":[{"id":1850,"href":"https:\/\/oronsko.org\/index.php?rest_route=\/wp\/v2\/posts\/1845\/revisions\/1850"}],"wp:featuredmedia":[{"embeddable":true,"href":"https:\/\/oronsko.org\/index.php?rest_route=\/wp\/v2\/media\/1846"}],"wp:attachment":[{"href":"https:\/\/oronsko.org\/index.php?rest_route=%2Fwp%2Fv2%2Fmedia&parent=1845"}],"wp:term":[{"taxonomy":"category","embeddable":true,"href":"https:\/\/oronsko.org\/index.php?rest_route=%2Fwp%2Fv2%2Fcategories&post=1845"},{"taxonomy":"post_tag","embeddable":true,"href":"https:\/\/oronsko.org\/index.php?rest_route=%2Fwp%2Fv2%2Ftags&post=1845"}],"curies":[{"name":"wp","href":"https:\/\/api.w.org\/{rel}","templated":true}]}}