{"id":1839,"date":"2019-09-29T12:08:50","date_gmt":"2019-09-29T10:08:50","guid":{"rendered":"http:\/\/oronsko.org\/?p=1839"},"modified":"2019-09-29T12:08:50","modified_gmt":"2019-09-29T10:08:50","slug":"wizyta-animatorow-kultury","status":"publish","type":"post","link":"https:\/\/oronsko.org\/?p=1839","title":{"rendered":"Wizyta animator\u00f3w kultury"},"content":{"rendered":"<p style=\"text-align: justify;\">W pi\u0105tek 27 wrze\u015bnia 2019 roku Stowarzyszenie Odnowy i Rozwoju Gminy Oro\u0144sko go\u015bci\u0142o animator\u00f3w kultury z terenu Mazowsza, w ramach wizyty studyjnej stanowi\u0105cej integraln\u0105 cz\u0119\u015b\u0107 III\u00a0Mazowieckiego Konwentu Animator\u00f3w Kultury.<!--more--> Konwent zosta\u0142 zorganizowany przez Centrum Sztuki Wsp\u00f3\u0142czesnej \u201eElektrownia\u201d oraz Amfiteatr w Radomiu. Program konwentu obejmowa\u0142 pi\u0119\u0107 wizyt studyjnych w znacz\u0105cych o\u015brodkach kultury, zlokalizowanych w regionie radomskim. Uczestnicy samodzielnie wybierali miejsce do kt\u00f3rego chcieli si\u0119 uda\u0107. Wizyta studyjna w Oro\u0144sku zosta\u0142a przygotowana przez nasze stowarzyszenie w \u015bcis\u0142ej wsp\u00f3\u0142pracy z Centrum Rze\u017aby Polskiej. Go\u015bcie, kt\u00f3rzy przyjechali do Oro\u0144ska zwiedzili park rze\u017aby oraz obejrzeli wystawy dzie\u0142 Magdaleny Abakanowicz. Nast\u0119pnie w Pa\u0142acu Brandta odby\u0142o si\u0119 spotkanie z przedstawicielami Stowarzyszenia Odnowy i Rozwoju Gminy Oro\u0144sko, kt\u00f3rzy przygotowali prezentacj\u0119 multimedialn\u0105, przybli\u017caj\u0105c\u0105 dzia\u0142alno\u015b\u0107 tej organizacji, k\u0142ad\u0105c g\u0142\u00f3wny nacisk na projekty w obszarze kultury oraz promuj\u0105ce gmin\u0119 i jej walory. Podczas spotkania go\u015bcie obejrzeli tak\u017ce wyst\u0119py m\u0142odzie\u017cowych zespo\u0142\u00f3w folkowych, tj. \u201eGuzowianek\u201d \u2013 zespo\u0142u z naszej gminy i \u201eRadosnych Nutek\u201d \u2013 zespo\u0142u z Mirowa. Na zako\u0144czenie cz\u0119\u015bci artystycznej odby\u0142 si\u0119 koncert fortepianowy w wykonaniu Marka Molendy, kt\u00f3ry zaprezentowa\u0142 siedem utwor\u00f3w, w tym pi\u0119\u0107 w\u0142asnej kompozycji. Uczestnicy wizyty studyjnej mogli r\u00f3wnie\u017c samodzielnie wybi\u0107 okoliczno\u015bciow\u0105 monet\u0119 o nominale jednego czwartaka, a tak\u017ce wzi\u0119li udzia\u0142 w akcji ekologicznej, pod nazw\u0105 \u201ezasad\u017a swoje drzewo\u201d. Uczestnicy posadzili dziesi\u0119\u0107 jarz\u0119bin na terenie centrum rekreacji w Oro\u0144sku. Liczymy, \u017ce akcja ta stanowi\u0107 b\u0119dzie pocz\u0105tek szerszego zaanga\u017cowania mieszka\u0144c\u00f3w naszej gminy w projekty ekologiczne i w perspektywie pozwoli na w\u0142\u0105czenie poszczeg\u00f3lnych grup spo\u0142ecznych w\u00a0tego typu przedsi\u0119wzi\u0119cie (np. sadzenie drzew przez uczni\u00f3w szk\u00f3\u0142 gminnych podczas Dnia Ziemi).<\/p>\n<p><span style=\"color: #00ffff; font-size: 18pt;\"><strong><a style=\"color: #00ffff;\" href=\"http:\/\/oronsko.org\/?page_id=17&amp;album=3&amp;gallery=115\">Galeria<\/a><\/strong><\/span><\/p>\n<p><a href=\"http:\/\/oronsko.org\/wp-content\/uploads\/2019\/09\/DSC_9441.jpg\" data-rel=\"lightbox-image-0\" data-rl_title=\"\" data-rl_caption=\"\" title=\"\"><img loading=\"lazy\" decoding=\"async\" class=\"wp-image-1840 aligncenter\" src=\"http:\/\/oronsko.org\/wp-content\/uploads\/2019\/09\/DSC_9441-1024x680.jpg\" alt=\"\" width=\"724\" height=\"481\" srcset=\"https:\/\/oronsko.org\/wp-content\/uploads\/2019\/09\/DSC_9441-1024x680.jpg 1024w, https:\/\/oronsko.org\/wp-content\/uploads\/2019\/09\/DSC_9441-300x199.jpg 300w, https:\/\/oronsko.org\/wp-content\/uploads\/2019\/09\/DSC_9441-768x510.jpg 768w, https:\/\/oronsko.org\/wp-content\/uploads\/2019\/09\/DSC_9441-220x145.jpg 220w\" sizes=\"auto, (max-width: 724px) 100vw, 724px\" \/><\/a><\/p>\n","protected":false},"excerpt":{"rendered":"<p>W pi\u0105tek 27 wrze\u015bnia 2019 roku Stowarzyszenie Odnowy i Rozwoju Gminy Oro\u0144sko go\u015bci\u0142o animator\u00f3w kultury z terenu Mazowsza, w ramach wizyty studyjnej stanowi\u0105cej integraln\u0105 cz\u0119\u015b\u0107 III\u00a0Mazowieckiego Konwentu Animator\u00f3w Kultury.<\/p>\n","protected":false},"author":2,"featured_media":1840,"comment_status":"open","ping_status":"open","sticky":false,"template":"","format":"standard","meta":{"footnotes":""},"categories":[1],"tags":[],"class_list":["post-1839","post","type-post","status-publish","format-standard","has-post-thumbnail","hentry","category-bez-kategorii"],"yoast_head":"<!-- This site is optimized with the Yoast SEO plugin v26.8 - https:\/\/yoast.com\/product\/yoast-seo-wordpress\/ -->\n<title>Wizyta animator\u00f3w kultury - Stowarzyszenie Odnowy i Rozwoju Gminy Oro\u0144sko<\/title>\n<meta name=\"robots\" content=\"index, follow, max-snippet:-1, max-image-preview:large, max-video-preview:-1\" \/>\n<link rel=\"canonical\" href=\"https:\/\/oronsko.org\/?p=1839\" \/>\n<meta property=\"og:locale\" content=\"pl_PL\" \/>\n<meta property=\"og:type\" content=\"article\" \/>\n<meta property=\"og:title\" content=\"Wizyta animator\u00f3w kultury - Stowarzyszenie Odnowy i Rozwoju Gminy Oro\u0144sko\" \/>\n<meta property=\"og:description\" content=\"W pi\u0105tek 27 wrze\u015bnia 2019 roku Stowarzyszenie Odnowy i Rozwoju Gminy Oro\u0144sko go\u015bci\u0142o animator\u00f3w kultury z terenu Mazowsza, w ramach wizyty studyjnej stanowi\u0105cej integraln\u0105 cz\u0119\u015b\u0107 III\u00a0Mazowieckiego Konwentu Animator\u00f3w Kultury.\" \/>\n<meta property=\"og:url\" content=\"https:\/\/oronsko.org\/?p=1839\" \/>\n<meta property=\"og:site_name\" content=\"Stowarzyszenie Odnowy i Rozwoju Gminy Oro\u0144sko\" \/>\n<meta property=\"article:published_time\" content=\"2019-09-29T10:08:50+00:00\" \/>\n<meta property=\"og:image\" content=\"https:\/\/oronsko.org\/wp-content\/uploads\/2019\/09\/DSC_9441-1024x680.jpg\" \/>\n\t<meta property=\"og:image:width\" content=\"1024\" \/>\n\t<meta property=\"og:image:height\" content=\"680\" \/>\n\t<meta property=\"og:image:type\" content=\"image\/jpeg\" \/>\n<meta name=\"author\" content=\"oronsko\" \/>\n<meta name=\"twitter:card\" content=\"summary_large_image\" \/>\n<meta name=\"twitter:label1\" content=\"Napisane przez\" \/>\n\t<meta name=\"twitter:data1\" content=\"oronsko\" \/>\n\t<meta name=\"twitter:label2\" content=\"Szacowany czas czytania\" \/>\n\t<meta name=\"twitter:data2\" content=\"2 minuty\" \/>\n<script type=\"application\/ld+json\" class=\"yoast-schema-graph\">{\"@context\":\"https:\/\/schema.org\",\"@graph\":[{\"@type\":\"Article\",\"@id\":\"https:\/\/oronsko.org\/?p=1839#article\",\"isPartOf\":{\"@id\":\"https:\/\/oronsko.org\/?p=1839\"},\"author\":{\"name\":\"oronsko\",\"@id\":\"https:\/\/oronsko.org\/#\/schema\/person\/d008aee7ef8cdc6d72c6dddfa0f6fa6a\"},\"headline\":\"Wizyta animator\u00f3w kultury\",\"datePublished\":\"2019-09-29T10:08:50+00:00\",\"mainEntityOfPage\":{\"@id\":\"https:\/\/oronsko.org\/?p=1839\"},\"wordCount\":313,\"commentCount\":0,\"image\":{\"@id\":\"https:\/\/oronsko.org\/?p=1839#primaryimage\"},\"thumbnailUrl\":\"https:\/\/oronsko.org\/wp-content\/uploads\/2019\/09\/DSC_9441.jpg\",\"inLanguage\":\"pl-PL\",\"potentialAction\":[{\"@type\":\"CommentAction\",\"name\":\"Comment\",\"target\":[\"https:\/\/oronsko.org\/?p=1839#respond\"]}]},{\"@type\":\"WebPage\",\"@id\":\"https:\/\/oronsko.org\/?p=1839\",\"url\":\"https:\/\/oronsko.org\/?p=1839\",\"name\":\"Wizyta animator\u00f3w kultury - Stowarzyszenie Odnowy i Rozwoju Gminy Oro\u0144sko\",\"isPartOf\":{\"@id\":\"https:\/\/oronsko.org\/#website\"},\"primaryImageOfPage\":{\"@id\":\"https:\/\/oronsko.org\/?p=1839#primaryimage\"},\"image\":{\"@id\":\"https:\/\/oronsko.org\/?p=1839#primaryimage\"},\"thumbnailUrl\":\"https:\/\/oronsko.org\/wp-content\/uploads\/2019\/09\/DSC_9441.jpg\",\"datePublished\":\"2019-09-29T10:08:50+00:00\",\"author\":{\"@id\":\"https:\/\/oronsko.org\/#\/schema\/person\/d008aee7ef8cdc6d72c6dddfa0f6fa6a\"},\"breadcrumb\":{\"@id\":\"https:\/\/oronsko.org\/?p=1839#breadcrumb\"},\"inLanguage\":\"pl-PL\",\"potentialAction\":[{\"@type\":\"ReadAction\",\"target\":[\"https:\/\/oronsko.org\/?p=1839\"]}]},{\"@type\":\"ImageObject\",\"inLanguage\":\"pl-PL\",\"@id\":\"https:\/\/oronsko.org\/?p=1839#primaryimage\",\"url\":\"https:\/\/oronsko.org\/wp-content\/uploads\/2019\/09\/DSC_9441.jpg\",\"contentUrl\":\"https:\/\/oronsko.org\/wp-content\/uploads\/2019\/09\/DSC_9441.jpg\",\"width\":3216,\"height\":2136},{\"@type\":\"BreadcrumbList\",\"@id\":\"https:\/\/oronsko.org\/?p=1839#breadcrumb\",\"itemListElement\":[{\"@type\":\"ListItem\",\"position\":1,\"name\":\"Strona g\u0142\u00f3wna\",\"item\":\"https:\/\/oronsko.org\/\"},{\"@type\":\"ListItem\",\"position\":2,\"name\":\"Wizyta animator\u00f3w kultury\"}]},{\"@type\":\"WebSite\",\"@id\":\"https:\/\/oronsko.org\/#website\",\"url\":\"https:\/\/oronsko.org\/\",\"name\":\"Stowarzyszenie Odnowy i Rozwoju Gminy Oro\u0144sko\",\"description\":\"\",\"potentialAction\":[{\"@type\":\"SearchAction\",\"target\":{\"@type\":\"EntryPoint\",\"urlTemplate\":\"https:\/\/oronsko.org\/?s={search_term_string}\"},\"query-input\":{\"@type\":\"PropertyValueSpecification\",\"valueRequired\":true,\"valueName\":\"search_term_string\"}}],\"inLanguage\":\"pl-PL\"},{\"@type\":\"Person\",\"@id\":\"https:\/\/oronsko.org\/#\/schema\/person\/d008aee7ef8cdc6d72c6dddfa0f6fa6a\",\"name\":\"oronsko\",\"image\":{\"@type\":\"ImageObject\",\"inLanguage\":\"pl-PL\",\"@id\":\"https:\/\/oronsko.org\/#\/schema\/person\/image\/\",\"url\":\"https:\/\/secure.gravatar.com\/avatar\/04d4d850872fa512217e3bbde438f64183869a8f4529665ce1917407f81c2c69?s=96&d=mm&r=g\",\"contentUrl\":\"https:\/\/secure.gravatar.com\/avatar\/04d4d850872fa512217e3bbde438f64183869a8f4529665ce1917407f81c2c69?s=96&d=mm&r=g\",\"caption\":\"oronsko\"},\"url\":\"https:\/\/oronsko.org\/?author=2\"}]}<\/script>\n<!-- \/ Yoast SEO plugin. -->","yoast_head_json":{"title":"Wizyta animator\u00f3w kultury - Stowarzyszenie Odnowy i Rozwoju Gminy Oro\u0144sko","robots":{"index":"index","follow":"follow","max-snippet":"max-snippet:-1","max-image-preview":"max-image-preview:large","max-video-preview":"max-video-preview:-1"},"canonical":"https:\/\/oronsko.org\/?p=1839","og_locale":"pl_PL","og_type":"article","og_title":"Wizyta animator\u00f3w kultury - Stowarzyszenie Odnowy i Rozwoju Gminy Oro\u0144sko","og_description":"W pi\u0105tek 27 wrze\u015bnia 2019 roku Stowarzyszenie Odnowy i Rozwoju Gminy Oro\u0144sko go\u015bci\u0142o animator\u00f3w kultury z terenu Mazowsza, w ramach wizyty studyjnej stanowi\u0105cej integraln\u0105 cz\u0119\u015b\u0107 III\u00a0Mazowieckiego Konwentu Animator\u00f3w Kultury.","og_url":"https:\/\/oronsko.org\/?p=1839","og_site_name":"Stowarzyszenie Odnowy i Rozwoju Gminy Oro\u0144sko","article_published_time":"2019-09-29T10:08:50+00:00","og_image":[{"width":1024,"height":680,"url":"https:\/\/oronsko.org\/wp-content\/uploads\/2019\/09\/DSC_9441-1024x680.jpg","type":"image\/jpeg"}],"author":"oronsko","twitter_card":"summary_large_image","twitter_misc":{"Napisane przez":"oronsko","Szacowany czas czytania":"2 minuty"},"schema":{"@context":"https:\/\/schema.org","@graph":[{"@type":"Article","@id":"https:\/\/oronsko.org\/?p=1839#article","isPartOf":{"@id":"https:\/\/oronsko.org\/?p=1839"},"author":{"name":"oronsko","@id":"https:\/\/oronsko.org\/#\/schema\/person\/d008aee7ef8cdc6d72c6dddfa0f6fa6a"},"headline":"Wizyta animator\u00f3w kultury","datePublished":"2019-09-29T10:08:50+00:00","mainEntityOfPage":{"@id":"https:\/\/oronsko.org\/?p=1839"},"wordCount":313,"commentCount":0,"image":{"@id":"https:\/\/oronsko.org\/?p=1839#primaryimage"},"thumbnailUrl":"https:\/\/oronsko.org\/wp-content\/uploads\/2019\/09\/DSC_9441.jpg","inLanguage":"pl-PL","potentialAction":[{"@type":"CommentAction","name":"Comment","target":["https:\/\/oronsko.org\/?p=1839#respond"]}]},{"@type":"WebPage","@id":"https:\/\/oronsko.org\/?p=1839","url":"https:\/\/oronsko.org\/?p=1839","name":"Wizyta animator\u00f3w kultury - Stowarzyszenie Odnowy i Rozwoju Gminy Oro\u0144sko","isPartOf":{"@id":"https:\/\/oronsko.org\/#website"},"primaryImageOfPage":{"@id":"https:\/\/oronsko.org\/?p=1839#primaryimage"},"image":{"@id":"https:\/\/oronsko.org\/?p=1839#primaryimage"},"thumbnailUrl":"https:\/\/oronsko.org\/wp-content\/uploads\/2019\/09\/DSC_9441.jpg","datePublished":"2019-09-29T10:08:50+00:00","author":{"@id":"https:\/\/oronsko.org\/#\/schema\/person\/d008aee7ef8cdc6d72c6dddfa0f6fa6a"},"breadcrumb":{"@id":"https:\/\/oronsko.org\/?p=1839#breadcrumb"},"inLanguage":"pl-PL","potentialAction":[{"@type":"ReadAction","target":["https:\/\/oronsko.org\/?p=1839"]}]},{"@type":"ImageObject","inLanguage":"pl-PL","@id":"https:\/\/oronsko.org\/?p=1839#primaryimage","url":"https:\/\/oronsko.org\/wp-content\/uploads\/2019\/09\/DSC_9441.jpg","contentUrl":"https:\/\/oronsko.org\/wp-content\/uploads\/2019\/09\/DSC_9441.jpg","width":3216,"height":2136},{"@type":"BreadcrumbList","@id":"https:\/\/oronsko.org\/?p=1839#breadcrumb","itemListElement":[{"@type":"ListItem","position":1,"name":"Strona g\u0142\u00f3wna","item":"https:\/\/oronsko.org\/"},{"@type":"ListItem","position":2,"name":"Wizyta animator\u00f3w kultury"}]},{"@type":"WebSite","@id":"https:\/\/oronsko.org\/#website","url":"https:\/\/oronsko.org\/","name":"Stowarzyszenie Odnowy i Rozwoju Gminy Oro\u0144sko","description":"","potentialAction":[{"@type":"SearchAction","target":{"@type":"EntryPoint","urlTemplate":"https:\/\/oronsko.org\/?s={search_term_string}"},"query-input":{"@type":"PropertyValueSpecification","valueRequired":true,"valueName":"search_term_string"}}],"inLanguage":"pl-PL"},{"@type":"Person","@id":"https:\/\/oronsko.org\/#\/schema\/person\/d008aee7ef8cdc6d72c6dddfa0f6fa6a","name":"oronsko","image":{"@type":"ImageObject","inLanguage":"pl-PL","@id":"https:\/\/oronsko.org\/#\/schema\/person\/image\/","url":"https:\/\/secure.gravatar.com\/avatar\/04d4d850872fa512217e3bbde438f64183869a8f4529665ce1917407f81c2c69?s=96&d=mm&r=g","contentUrl":"https:\/\/secure.gravatar.com\/avatar\/04d4d850872fa512217e3bbde438f64183869a8f4529665ce1917407f81c2c69?s=96&d=mm&r=g","caption":"oronsko"},"url":"https:\/\/oronsko.org\/?author=2"}]}},"_links":{"self":[{"href":"https:\/\/oronsko.org\/index.php?rest_route=\/wp\/v2\/posts\/1839","targetHints":{"allow":["GET"]}}],"collection":[{"href":"https:\/\/oronsko.org\/index.php?rest_route=\/wp\/v2\/posts"}],"about":[{"href":"https:\/\/oronsko.org\/index.php?rest_route=\/wp\/v2\/types\/post"}],"author":[{"embeddable":true,"href":"https:\/\/oronsko.org\/index.php?rest_route=\/wp\/v2\/users\/2"}],"replies":[{"embeddable":true,"href":"https:\/\/oronsko.org\/index.php?rest_route=%2Fwp%2Fv2%2Fcomments&post=1839"}],"version-history":[{"count":2,"href":"https:\/\/oronsko.org\/index.php?rest_route=\/wp\/v2\/posts\/1839\/revisions"}],"predecessor-version":[{"id":1842,"href":"https:\/\/oronsko.org\/index.php?rest_route=\/wp\/v2\/posts\/1839\/revisions\/1842"}],"wp:featuredmedia":[{"embeddable":true,"href":"https:\/\/oronsko.org\/index.php?rest_route=\/wp\/v2\/media\/1840"}],"wp:attachment":[{"href":"https:\/\/oronsko.org\/index.php?rest_route=%2Fwp%2Fv2%2Fmedia&parent=1839"}],"wp:term":[{"taxonomy":"category","embeddable":true,"href":"https:\/\/oronsko.org\/index.php?rest_route=%2Fwp%2Fv2%2Fcategories&post=1839"},{"taxonomy":"post_tag","embeddable":true,"href":"https:\/\/oronsko.org\/index.php?rest_route=%2Fwp%2Fv2%2Ftags&post=1839"}],"curies":[{"name":"wp","href":"https:\/\/api.w.org\/{rel}","templated":true}]}}