{"id":1811,"date":"2019-09-22T08:40:16","date_gmt":"2019-09-22T06:40:16","guid":{"rendered":"http:\/\/oronsko.org\/?p=1811"},"modified":"2019-09-23T19:55:11","modified_gmt":"2019-09-23T17:55:11","slug":"powiatowe-zawody-pozarnicze","status":"publish","type":"post","link":"https:\/\/oronsko.org\/?p=1811","title":{"rendered":"Powiatowe zawody po\u017carnicze"},"content":{"rendered":"<p style=\"text-align: justify;\">W sobot\u0119 21 wrze\u015bnia 2019 roku w Oro\u0144sku odby\u0142y si\u0119 IX Powiatowe Zawody Po\u017carnicze oraz VI Powiatowe Zawody M\u0142odzie\u017cowych Dru\u017cyn Po\u017carniczych. Zawody zosta\u0142y zorganizowane na kompleksie sportowym \u201eOronka\u201d, a w ich otwarciu udzia\u0142 wzi\u0119li m.in. Wicemarsza\u0142ek Mazowsza \u2013 Rafa\u0142 Rajkowski, W\u00f3jt Gminy Oro\u0144sko \u2013 Henryk Nosowski, a tak\u017ce oficjele Pa\u0144stwowej i Ochotniczej Stra\u017cy Po\u017carnej. \u00a0Organizatorem zawod\u00f3w by\u0142 Zarz\u0105d Oddzia\u0142u Powiatowego ZOSPRP w Szyd\u0142owcu oraz Komenda Powiatowa Pa\u0144stwowej Stra\u017cy Po\u017carnej w Szyd\u0142owcu. Wsparcie organizacyjne udzieli\u0142y jednostki OSP z Dobruta, Oro\u0144ska i Chronowa. W zawodach powiatowych wzi\u0119\u0142o udzia\u0142 dziesi\u0119\u0107 dru\u017cyn m\u0119skich oraz cztery dru\u017cyny \u017ce\u0144skie. Zadowalaj\u0105cy jest r\u00f3wnie\u017c fakt du\u017cego zainteresowania m\u0142odzie\u017cy dzia\u0142alno\u015bci\u0105 w dru\u017cynach przy Ochotniczych Stra\u017cach Po\u017carnych. W tym roku do zawod\u00f3w powiatowych zakwalifikowa\u0142y si\u0119 dru\u017cyny m\u0142odzie\u017cowe dziewcz\u0105t i ch\u0142opc\u00f3w z Oro\u0144ska i Majdowa. Po zaci\u0119tej rywalizacji trofea zdoby\u0142y nast\u0119puj\u0105ce dru\u017cyny:\u00a0 w\u015br\u00f3d m\u0119\u017cczyzn pierwsze miejsce zaj\u0119\u0142a OSP Chlewiska, II miejsce \u2013 OSP Nowy Dw\u00f3r, III miejsce \u2013 OSP Wola Lipieniecka. Natomiast w\u015br\u00f3d dru\u017cyn \u017ce\u0144skich I miejsce zdoby\u0142a dru\u017cyna OSP z Majdowa, II miejsce \u2013 OSP Chlewiska, a III miejsce zdoby\u0142a dru\u017cyna \u017ce\u0144ska z OSP Wola Lipieniecka. Z terenu Gminy Oro\u0144sko w zawodach wzi\u0119\u0142y udzia\u0142 dru\u017cyny m\u0119skie z OSP Oro\u0144sko i Dobrut. \u00a0Dru\u017cyny te zaj\u0119\u0142y odpowiednio VI i VII miejsce. \u015awietnie zaprezentowa\u0142y si\u0119 dru\u017cyny m\u0142odzie\u017cowe, a m\u0142odzie\u017c\u00f3wka przy OSP w Oro\u0144sku zaj\u0119\u0142a pierwsze miejsce, zar\u00f3wno w rywalizacji dziewcz\u0105t, jak i ch\u0142opc\u00f3w. Na zako\u0144czenie zawod\u00f3w, po wr\u0119czeniu dyplom\u00f3w i nagr\u00f3d na uczestnik\u00f3w czeka\u0142a wojskowa groch\u00f3wka.<\/p>\n<p><span style=\"color: #00ffff;\"><strong><span style=\"font-size: 14pt;\"><a style=\"color: #00ffff;\" href=\"http:\/\/oronsko.org\/?page_id=17&amp;album=3&amp;gallery=113\">Galeria<\/a><\/span><\/strong><\/span><\/p>\n<p><a href=\"http:\/\/oronsko.org\/wp-content\/uploads\/2019\/09\/DSC_9140.jpg\" data-rel=\"lightbox-image-0\" data-rl_title=\"\" data-rl_caption=\"\" title=\"\"><img loading=\"lazy\" decoding=\"async\" class=\"wp-image-1812 aligncenter\" src=\"http:\/\/oronsko.org\/wp-content\/uploads\/2019\/09\/DSC_9140-1024x680.jpg\" alt=\"\" width=\"619\" height=\"411\" srcset=\"https:\/\/oronsko.org\/wp-content\/uploads\/2019\/09\/DSC_9140-1024x680.jpg 1024w, https:\/\/oronsko.org\/wp-content\/uploads\/2019\/09\/DSC_9140-300x199.jpg 300w, https:\/\/oronsko.org\/wp-content\/uploads\/2019\/09\/DSC_9140-768x510.jpg 768w, https:\/\/oronsko.org\/wp-content\/uploads\/2019\/09\/DSC_9140-220x145.jpg 220w\" sizes=\"auto, (max-width: 619px) 100vw, 619px\" \/><\/a><\/p>\n","protected":false},"excerpt":{"rendered":"<p>W sobot\u0119 21 wrze\u015bnia 2019 roku w Oro\u0144sku odby\u0142y si\u0119 IX Powiatowe Zawody Po\u017carnicze oraz VI Powiatowe Zawody M\u0142odzie\u017cowych Dru\u017cyn Po\u017carniczych. Zawody zosta\u0142y zorganizowane na kompleksie sportowym \u201eOronka\u201d, a w ich otwarciu udzia\u0142 wzi\u0119li m.in. Wicemarsza\u0142ek Mazowsza \u2013 Rafa\u0142 Rajkowski, W\u00f3jt Gminy Oro\u0144sko \u2013 Henryk Nosowski, a tak\u017ce oficjele Pa\u0144stwowej i Ochotniczej Stra\u017cy Po\u017carnej. \u00a0Organizatorem [&hellip;]<\/p>\n","protected":false},"author":2,"featured_media":1812,"comment_status":"open","ping_status":"open","sticky":false,"template":"","format":"standard","meta":{"footnotes":""},"categories":[1],"tags":[],"class_list":["post-1811","post","type-post","status-publish","format-standard","has-post-thumbnail","hentry","category-bez-kategorii"],"yoast_head":"<!-- This site is optimized with the Yoast SEO plugin v26.8 - https:\/\/yoast.com\/product\/yoast-seo-wordpress\/ -->\n<title>Powiatowe zawody po\u017carnicze - Stowarzyszenie Odnowy i Rozwoju Gminy Oro\u0144sko<\/title>\n<meta name=\"robots\" content=\"index, follow, max-snippet:-1, max-image-preview:large, max-video-preview:-1\" \/>\n<link rel=\"canonical\" href=\"https:\/\/oronsko.org\/?p=1811\" \/>\n<meta property=\"og:locale\" content=\"pl_PL\" \/>\n<meta property=\"og:type\" content=\"article\" \/>\n<meta property=\"og:title\" content=\"Powiatowe zawody po\u017carnicze - Stowarzyszenie Odnowy i Rozwoju Gminy Oro\u0144sko\" \/>\n<meta property=\"og:description\" content=\"W sobot\u0119 21 wrze\u015bnia 2019 roku w Oro\u0144sku odby\u0142y si\u0119 IX Powiatowe Zawody Po\u017carnicze oraz VI Powiatowe Zawody M\u0142odzie\u017cowych Dru\u017cyn Po\u017carniczych. Zawody zosta\u0142y zorganizowane na kompleksie sportowym \u201eOronka\u201d, a w ich otwarciu udzia\u0142 wzi\u0119li m.in. Wicemarsza\u0142ek Mazowsza \u2013 Rafa\u0142 Rajkowski, W\u00f3jt Gminy Oro\u0144sko \u2013 Henryk Nosowski, a tak\u017ce oficjele Pa\u0144stwowej i Ochotniczej Stra\u017cy Po\u017carnej. \u00a0Organizatorem [&hellip;]\" \/>\n<meta property=\"og:url\" content=\"https:\/\/oronsko.org\/?p=1811\" \/>\n<meta property=\"og:site_name\" content=\"Stowarzyszenie Odnowy i Rozwoju Gminy Oro\u0144sko\" \/>\n<meta property=\"article:published_time\" content=\"2019-09-22T06:40:16+00:00\" \/>\n<meta property=\"article:modified_time\" content=\"2019-09-23T17:55:11+00:00\" \/>\n<meta property=\"og:image\" content=\"https:\/\/oronsko.org\/wp-content\/uploads\/2019\/09\/DSC_9140-1024x680.jpg\" \/>\n\t<meta property=\"og:image:width\" content=\"1024\" \/>\n\t<meta property=\"og:image:height\" content=\"680\" \/>\n\t<meta property=\"og:image:type\" content=\"image\/jpeg\" \/>\n<meta name=\"author\" content=\"oronsko\" \/>\n<meta name=\"twitter:card\" content=\"summary_large_image\" \/>\n<meta name=\"twitter:label1\" content=\"Napisane przez\" \/>\n\t<meta name=\"twitter:data1\" content=\"oronsko\" \/>\n\t<meta name=\"twitter:label2\" content=\"Szacowany czas czytania\" \/>\n\t<meta name=\"twitter:data2\" content=\"2 minuty\" \/>\n<script type=\"application\/ld+json\" class=\"yoast-schema-graph\">{\"@context\":\"https:\/\/schema.org\",\"@graph\":[{\"@type\":\"Article\",\"@id\":\"https:\/\/oronsko.org\/?p=1811#article\",\"isPartOf\":{\"@id\":\"https:\/\/oronsko.org\/?p=1811\"},\"author\":{\"name\":\"oronsko\",\"@id\":\"https:\/\/oronsko.org\/#\/schema\/person\/d008aee7ef8cdc6d72c6dddfa0f6fa6a\"},\"headline\":\"Powiatowe zawody po\u017carnicze\",\"datePublished\":\"2019-09-22T06:40:16+00:00\",\"dateModified\":\"2019-09-23T17:55:11+00:00\",\"mainEntityOfPage\":{\"@id\":\"https:\/\/oronsko.org\/?p=1811\"},\"wordCount\":329,\"commentCount\":0,\"image\":{\"@id\":\"https:\/\/oronsko.org\/?p=1811#primaryimage\"},\"thumbnailUrl\":\"https:\/\/oronsko.org\/wp-content\/uploads\/2019\/09\/DSC_9140.jpg\",\"inLanguage\":\"pl-PL\",\"potentialAction\":[{\"@type\":\"CommentAction\",\"name\":\"Comment\",\"target\":[\"https:\/\/oronsko.org\/?p=1811#respond\"]}]},{\"@type\":\"WebPage\",\"@id\":\"https:\/\/oronsko.org\/?p=1811\",\"url\":\"https:\/\/oronsko.org\/?p=1811\",\"name\":\"Powiatowe zawody po\u017carnicze - Stowarzyszenie Odnowy i Rozwoju Gminy Oro\u0144sko\",\"isPartOf\":{\"@id\":\"https:\/\/oronsko.org\/#website\"},\"primaryImageOfPage\":{\"@id\":\"https:\/\/oronsko.org\/?p=1811#primaryimage\"},\"image\":{\"@id\":\"https:\/\/oronsko.org\/?p=1811#primaryimage\"},\"thumbnailUrl\":\"https:\/\/oronsko.org\/wp-content\/uploads\/2019\/09\/DSC_9140.jpg\",\"datePublished\":\"2019-09-22T06:40:16+00:00\",\"dateModified\":\"2019-09-23T17:55:11+00:00\",\"author\":{\"@id\":\"https:\/\/oronsko.org\/#\/schema\/person\/d008aee7ef8cdc6d72c6dddfa0f6fa6a\"},\"breadcrumb\":{\"@id\":\"https:\/\/oronsko.org\/?p=1811#breadcrumb\"},\"inLanguage\":\"pl-PL\",\"potentialAction\":[{\"@type\":\"ReadAction\",\"target\":[\"https:\/\/oronsko.org\/?p=1811\"]}]},{\"@type\":\"ImageObject\",\"inLanguage\":\"pl-PL\",\"@id\":\"https:\/\/oronsko.org\/?p=1811#primaryimage\",\"url\":\"https:\/\/oronsko.org\/wp-content\/uploads\/2019\/09\/DSC_9140.jpg\",\"contentUrl\":\"https:\/\/oronsko.org\/wp-content\/uploads\/2019\/09\/DSC_9140.jpg\",\"width\":3216,\"height\":2136},{\"@type\":\"BreadcrumbList\",\"@id\":\"https:\/\/oronsko.org\/?p=1811#breadcrumb\",\"itemListElement\":[{\"@type\":\"ListItem\",\"position\":1,\"name\":\"Strona g\u0142\u00f3wna\",\"item\":\"https:\/\/oronsko.org\/\"},{\"@type\":\"ListItem\",\"position\":2,\"name\":\"Powiatowe zawody po\u017carnicze\"}]},{\"@type\":\"WebSite\",\"@id\":\"https:\/\/oronsko.org\/#website\",\"url\":\"https:\/\/oronsko.org\/\",\"name\":\"Stowarzyszenie Odnowy i Rozwoju Gminy Oro\u0144sko\",\"description\":\"\",\"potentialAction\":[{\"@type\":\"SearchAction\",\"target\":{\"@type\":\"EntryPoint\",\"urlTemplate\":\"https:\/\/oronsko.org\/?s={search_term_string}\"},\"query-input\":{\"@type\":\"PropertyValueSpecification\",\"valueRequired\":true,\"valueName\":\"search_term_string\"}}],\"inLanguage\":\"pl-PL\"},{\"@type\":\"Person\",\"@id\":\"https:\/\/oronsko.org\/#\/schema\/person\/d008aee7ef8cdc6d72c6dddfa0f6fa6a\",\"name\":\"oronsko\",\"image\":{\"@type\":\"ImageObject\",\"inLanguage\":\"pl-PL\",\"@id\":\"https:\/\/oronsko.org\/#\/schema\/person\/image\/\",\"url\":\"https:\/\/secure.gravatar.com\/avatar\/04d4d850872fa512217e3bbde438f64183869a8f4529665ce1917407f81c2c69?s=96&d=mm&r=g\",\"contentUrl\":\"https:\/\/secure.gravatar.com\/avatar\/04d4d850872fa512217e3bbde438f64183869a8f4529665ce1917407f81c2c69?s=96&d=mm&r=g\",\"caption\":\"oronsko\"},\"url\":\"https:\/\/oronsko.org\/?author=2\"}]}<\/script>\n<!-- \/ Yoast SEO plugin. -->","yoast_head_json":{"title":"Powiatowe zawody po\u017carnicze - Stowarzyszenie Odnowy i Rozwoju Gminy Oro\u0144sko","robots":{"index":"index","follow":"follow","max-snippet":"max-snippet:-1","max-image-preview":"max-image-preview:large","max-video-preview":"max-video-preview:-1"},"canonical":"https:\/\/oronsko.org\/?p=1811","og_locale":"pl_PL","og_type":"article","og_title":"Powiatowe zawody po\u017carnicze - Stowarzyszenie Odnowy i Rozwoju Gminy Oro\u0144sko","og_description":"W sobot\u0119 21 wrze\u015bnia 2019 roku w Oro\u0144sku odby\u0142y si\u0119 IX Powiatowe Zawody Po\u017carnicze oraz VI Powiatowe Zawody M\u0142odzie\u017cowych Dru\u017cyn Po\u017carniczych. Zawody zosta\u0142y zorganizowane na kompleksie sportowym \u201eOronka\u201d, a w ich otwarciu udzia\u0142 wzi\u0119li m.in. Wicemarsza\u0142ek Mazowsza \u2013 Rafa\u0142 Rajkowski, W\u00f3jt Gminy Oro\u0144sko \u2013 Henryk Nosowski, a tak\u017ce oficjele Pa\u0144stwowej i Ochotniczej Stra\u017cy Po\u017carnej. \u00a0Organizatorem [&hellip;]","og_url":"https:\/\/oronsko.org\/?p=1811","og_site_name":"Stowarzyszenie Odnowy i Rozwoju Gminy Oro\u0144sko","article_published_time":"2019-09-22T06:40:16+00:00","article_modified_time":"2019-09-23T17:55:11+00:00","og_image":[{"width":1024,"height":680,"url":"https:\/\/oronsko.org\/wp-content\/uploads\/2019\/09\/DSC_9140-1024x680.jpg","type":"image\/jpeg"}],"author":"oronsko","twitter_card":"summary_large_image","twitter_misc":{"Napisane przez":"oronsko","Szacowany czas czytania":"2 minuty"},"schema":{"@context":"https:\/\/schema.org","@graph":[{"@type":"Article","@id":"https:\/\/oronsko.org\/?p=1811#article","isPartOf":{"@id":"https:\/\/oronsko.org\/?p=1811"},"author":{"name":"oronsko","@id":"https:\/\/oronsko.org\/#\/schema\/person\/d008aee7ef8cdc6d72c6dddfa0f6fa6a"},"headline":"Powiatowe zawody po\u017carnicze","datePublished":"2019-09-22T06:40:16+00:00","dateModified":"2019-09-23T17:55:11+00:00","mainEntityOfPage":{"@id":"https:\/\/oronsko.org\/?p=1811"},"wordCount":329,"commentCount":0,"image":{"@id":"https:\/\/oronsko.org\/?p=1811#primaryimage"},"thumbnailUrl":"https:\/\/oronsko.org\/wp-content\/uploads\/2019\/09\/DSC_9140.jpg","inLanguage":"pl-PL","potentialAction":[{"@type":"CommentAction","name":"Comment","target":["https:\/\/oronsko.org\/?p=1811#respond"]}]},{"@type":"WebPage","@id":"https:\/\/oronsko.org\/?p=1811","url":"https:\/\/oronsko.org\/?p=1811","name":"Powiatowe zawody po\u017carnicze - Stowarzyszenie Odnowy i Rozwoju Gminy Oro\u0144sko","isPartOf":{"@id":"https:\/\/oronsko.org\/#website"},"primaryImageOfPage":{"@id":"https:\/\/oronsko.org\/?p=1811#primaryimage"},"image":{"@id":"https:\/\/oronsko.org\/?p=1811#primaryimage"},"thumbnailUrl":"https:\/\/oronsko.org\/wp-content\/uploads\/2019\/09\/DSC_9140.jpg","datePublished":"2019-09-22T06:40:16+00:00","dateModified":"2019-09-23T17:55:11+00:00","author":{"@id":"https:\/\/oronsko.org\/#\/schema\/person\/d008aee7ef8cdc6d72c6dddfa0f6fa6a"},"breadcrumb":{"@id":"https:\/\/oronsko.org\/?p=1811#breadcrumb"},"inLanguage":"pl-PL","potentialAction":[{"@type":"ReadAction","target":["https:\/\/oronsko.org\/?p=1811"]}]},{"@type":"ImageObject","inLanguage":"pl-PL","@id":"https:\/\/oronsko.org\/?p=1811#primaryimage","url":"https:\/\/oronsko.org\/wp-content\/uploads\/2019\/09\/DSC_9140.jpg","contentUrl":"https:\/\/oronsko.org\/wp-content\/uploads\/2019\/09\/DSC_9140.jpg","width":3216,"height":2136},{"@type":"BreadcrumbList","@id":"https:\/\/oronsko.org\/?p=1811#breadcrumb","itemListElement":[{"@type":"ListItem","position":1,"name":"Strona g\u0142\u00f3wna","item":"https:\/\/oronsko.org\/"},{"@type":"ListItem","position":2,"name":"Powiatowe zawody po\u017carnicze"}]},{"@type":"WebSite","@id":"https:\/\/oronsko.org\/#website","url":"https:\/\/oronsko.org\/","name":"Stowarzyszenie Odnowy i Rozwoju Gminy Oro\u0144sko","description":"","potentialAction":[{"@type":"SearchAction","target":{"@type":"EntryPoint","urlTemplate":"https:\/\/oronsko.org\/?s={search_term_string}"},"query-input":{"@type":"PropertyValueSpecification","valueRequired":true,"valueName":"search_term_string"}}],"inLanguage":"pl-PL"},{"@type":"Person","@id":"https:\/\/oronsko.org\/#\/schema\/person\/d008aee7ef8cdc6d72c6dddfa0f6fa6a","name":"oronsko","image":{"@type":"ImageObject","inLanguage":"pl-PL","@id":"https:\/\/oronsko.org\/#\/schema\/person\/image\/","url":"https:\/\/secure.gravatar.com\/avatar\/04d4d850872fa512217e3bbde438f64183869a8f4529665ce1917407f81c2c69?s=96&d=mm&r=g","contentUrl":"https:\/\/secure.gravatar.com\/avatar\/04d4d850872fa512217e3bbde438f64183869a8f4529665ce1917407f81c2c69?s=96&d=mm&r=g","caption":"oronsko"},"url":"https:\/\/oronsko.org\/?author=2"}]}},"_links":{"self":[{"href":"https:\/\/oronsko.org\/index.php?rest_route=\/wp\/v2\/posts\/1811","targetHints":{"allow":["GET"]}}],"collection":[{"href":"https:\/\/oronsko.org\/index.php?rest_route=\/wp\/v2\/posts"}],"about":[{"href":"https:\/\/oronsko.org\/index.php?rest_route=\/wp\/v2\/types\/post"}],"author":[{"embeddable":true,"href":"https:\/\/oronsko.org\/index.php?rest_route=\/wp\/v2\/users\/2"}],"replies":[{"embeddable":true,"href":"https:\/\/oronsko.org\/index.php?rest_route=%2Fwp%2Fv2%2Fcomments&post=1811"}],"version-history":[{"count":2,"href":"https:\/\/oronsko.org\/index.php?rest_route=\/wp\/v2\/posts\/1811\/revisions"}],"predecessor-version":[{"id":1824,"href":"https:\/\/oronsko.org\/index.php?rest_route=\/wp\/v2\/posts\/1811\/revisions\/1824"}],"wp:featuredmedia":[{"embeddable":true,"href":"https:\/\/oronsko.org\/index.php?rest_route=\/wp\/v2\/media\/1812"}],"wp:attachment":[{"href":"https:\/\/oronsko.org\/index.php?rest_route=%2Fwp%2Fv2%2Fmedia&parent=1811"}],"wp:term":[{"taxonomy":"category","embeddable":true,"href":"https:\/\/oronsko.org\/index.php?rest_route=%2Fwp%2Fv2%2Fcategories&post=1811"},{"taxonomy":"post_tag","embeddable":true,"href":"https:\/\/oronsko.org\/index.php?rest_route=%2Fwp%2Fv2%2Ftags&post=1811"}],"curies":[{"name":"wp","href":"https:\/\/api.w.org\/{rel}","templated":true}]}}