{"id":1804,"date":"2019-09-16T21:33:59","date_gmt":"2019-09-16T19:33:59","guid":{"rendered":"http:\/\/oronsko.org\/?p=1804"},"modified":"2019-09-23T11:41:31","modified_gmt":"2019-09-23T09:41:31","slug":"zaproszenie-na-wyscig-o-konar-debu-czwartaka","status":"publish","type":"post","link":"https:\/\/oronsko.org\/?p=1804","title":{"rendered":"Zaproszenie na Wy\u015bcig Rowerowy"},"content":{"rendered":"<p style=\"text-align: justify;\">Stowarzyszenie Odnowy i Rozwoju Gminy Oro\u0144sko zaprasza mieszka\u0144c\u00f3w do udzia\u0142u w VII Og\u00f3lnopolskim Wy\u015bcigu Kolarskim \u201eO Konar D\u0119bu Czwartaka\u201d, zar\u00f3wno w charakterze zawodnika, jak te\u017c kibica.<!--more--> Impreza ta odb\u0119dzie si\u0119 w\u00a0najbli\u017csz\u0105 niedziel\u0119 tj. 22 wrze\u015bnia, a jej rozpocz\u0119cie planowane jest na godz. 13.00. Start i meta b\u0119d\u0105 usytuowane w Oro\u0144sku na ul. Brandta przy kompleksie sportowym Klubu Oronka. Biuro zawod\u00f3w b\u0119dzie otwarte ju\u017c od godz. 11.00. Kolarze w zale\u017cno\u015bci od p\u0142ci oraz wieku b\u0119d\u0105 mieli do przejechania zr\u00f3\u017cnicowane dystanse, szczeg\u00f3\u0142owo opisane w regulaminie imprezy. Trasa w postaci p\u0119tli b\u0119dzie przebiega\u0107 drogami asfaltowymi przez nast\u0119puj\u0105ce miejscowo\u015bci: Oro\u0144sko, \u0141aziska, Ciep\u0142a, \u015awini\u00f3w, Zdziech\u00f3w Kolonia, Chustki, Wa\u0142sn\u00f3w, Dobrut, Oro\u0144sko.\u00a0 Wy\u015bcig ten b\u0119dzie r\u00f3wnocze\u015bnie Memoria\u0142em Stanis\u0142awa Che\u0142mi\u0144skiego, utalentowanego kolarza z naszej gminy, kt\u00f3ry zgin\u0105\u0142 na zawodach w roku 1970.<br \/>\nTegoroczna edycja wy\u015bcigu jest uwzgl\u0119dniona w klasyfikacji og\u00f3lnopolskiej, prowadzonej przez sekcj\u0119 Masters Polskiego Zwi\u0105zku Kolarskiego. W zwi\u0105zku z tym organizatorzy zapewniaj\u0105 elektroniczny pomiar czasu, a tak\u017ce stanowisko kontroli antydopingowej. Impreza jest tak\u017ce obj\u0119ta Honorowym Patronatem Starosty Powiatu Szyd\u0142owieckiego oraz W\u00f3jta Gminy Oro\u0144sko, a tak\u017ce patronatem sportowym zawodowej grupy kolarskiej CCC.<br \/>\nImprezie sportowej b\u0119dzie tworzy\u0142o wiele atrakcji, w tym wystawa zabytkowych rower\u00f3w, przygotowana przez Muzeum Polskich Rower\u00f3w z Radomia, loteria fantowa oraz degustacja potraw regionalnych. B\u0119dzie tak\u017ce mo\u017cliwo\u015b\u0107 zapoznania si\u0119 z ofert\u0105 komercyjn\u0105 firmy Romet, oferuj\u0105cej szerok\u0105 gam\u0119 rower\u00f3w oraz skorzystania z mobilnego serwisu rowerowego.<br \/>\nJednocze\u015bnie organizatorzy informuj\u0105, i\u017c w godzinach od 13.00 do 16.30 mog\u0105 wyst\u0119powa\u0107 utrudnienia w ruchu na trasie przejazdu peletonu.<\/p>\n<p><a href=\"http:\/\/oronsko.org\/wp-content\/uploads\/2019\/09\/Plakat_2019_sklad.jpg\" data-rel=\"lightbox-image-0\" data-rl_title=\"\" data-rl_caption=\"\" title=\"\"><img loading=\"lazy\" decoding=\"async\" class=\"wp-image-1805 aligncenter\" src=\"http:\/\/oronsko.org\/wp-content\/uploads\/2019\/09\/Plakat_2019_sklad-724x1024.jpg\" alt=\"\" width=\"656\" height=\"927\" srcset=\"https:\/\/oronsko.org\/wp-content\/uploads\/2019\/09\/Plakat_2019_sklad-724x1024.jpg 724w, https:\/\/oronsko.org\/wp-content\/uploads\/2019\/09\/Plakat_2019_sklad-212x300.jpg 212w, https:\/\/oronsko.org\/wp-content\/uploads\/2019\/09\/Plakat_2019_sklad-768x1086.jpg 768w\" sizes=\"auto, (max-width: 656px) 100vw, 656px\" \/><\/a><\/p>\n","protected":false},"excerpt":{"rendered":"<p>Stowarzyszenie Odnowy i Rozwoju Gminy Oro\u0144sko zaprasza mieszka\u0144c\u00f3w do udzia\u0142u w VII Og\u00f3lnopolskim Wy\u015bcigu Kolarskim \u201eO Konar D\u0119bu Czwartaka\u201d, zar\u00f3wno w charakterze zawodnika, jak te\u017c kibica.<\/p>\n","protected":false},"author":2,"featured_media":1805,"comment_status":"open","ping_status":"open","sticky":false,"template":"","format":"standard","meta":{"footnotes":""},"categories":[1],"tags":[],"class_list":["post-1804","post","type-post","status-publish","format-standard","has-post-thumbnail","hentry","category-bez-kategorii"],"yoast_head":"<!-- This site is optimized with the Yoast SEO plugin v26.8 - https:\/\/yoast.com\/product\/yoast-seo-wordpress\/ -->\n<title>Zaproszenie na Wy\u015bcig Rowerowy - Stowarzyszenie Odnowy i Rozwoju Gminy Oro\u0144sko<\/title>\n<meta name=\"robots\" content=\"index, follow, max-snippet:-1, max-image-preview:large, max-video-preview:-1\" \/>\n<link rel=\"canonical\" href=\"https:\/\/oronsko.org\/?p=1804\" \/>\n<meta property=\"og:locale\" content=\"pl_PL\" \/>\n<meta property=\"og:type\" content=\"article\" \/>\n<meta property=\"og:title\" content=\"Zaproszenie na Wy\u015bcig Rowerowy - Stowarzyszenie Odnowy i Rozwoju Gminy Oro\u0144sko\" \/>\n<meta property=\"og:description\" content=\"Stowarzyszenie Odnowy i Rozwoju Gminy Oro\u0144sko zaprasza mieszka\u0144c\u00f3w do udzia\u0142u w VII Og\u00f3lnopolskim Wy\u015bcigu Kolarskim \u201eO Konar D\u0119bu Czwartaka\u201d, zar\u00f3wno w charakterze zawodnika, jak te\u017c kibica.\" \/>\n<meta property=\"og:url\" content=\"https:\/\/oronsko.org\/?p=1804\" \/>\n<meta property=\"og:site_name\" content=\"Stowarzyszenie Odnowy i Rozwoju Gminy Oro\u0144sko\" \/>\n<meta property=\"article:published_time\" content=\"2019-09-16T19:33:59+00:00\" \/>\n<meta property=\"article:modified_time\" content=\"2019-09-23T09:41:31+00:00\" \/>\n<meta property=\"og:image\" content=\"https:\/\/oronsko.org\/wp-content\/uploads\/2019\/09\/Plakat_2019_sklad-724x1024.jpg\" \/>\n\t<meta property=\"og:image:width\" content=\"724\" \/>\n\t<meta property=\"og:image:height\" content=\"1024\" \/>\n\t<meta property=\"og:image:type\" content=\"image\/jpeg\" \/>\n<meta name=\"author\" content=\"oronsko\" \/>\n<meta name=\"twitter:card\" content=\"summary_large_image\" \/>\n<meta name=\"twitter:label1\" content=\"Napisane przez\" \/>\n\t<meta name=\"twitter:data1\" content=\"oronsko\" \/>\n\t<meta name=\"twitter:label2\" content=\"Szacowany czas czytania\" \/>\n\t<meta name=\"twitter:data2\" content=\"1 minuta\" \/>\n<script type=\"application\/ld+json\" class=\"yoast-schema-graph\">{\"@context\":\"https:\/\/schema.org\",\"@graph\":[{\"@type\":\"Article\",\"@id\":\"https:\/\/oronsko.org\/?p=1804#article\",\"isPartOf\":{\"@id\":\"https:\/\/oronsko.org\/?p=1804\"},\"author\":{\"name\":\"oronsko\",\"@id\":\"https:\/\/oronsko.org\/#\/schema\/person\/d008aee7ef8cdc6d72c6dddfa0f6fa6a\"},\"headline\":\"Zaproszenie na Wy\u015bcig Rowerowy\",\"datePublished\":\"2019-09-16T19:33:59+00:00\",\"dateModified\":\"2019-09-23T09:41:31+00:00\",\"mainEntityOfPage\":{\"@id\":\"https:\/\/oronsko.org\/?p=1804\"},\"wordCount\":303,\"commentCount\":0,\"image\":{\"@id\":\"https:\/\/oronsko.org\/?p=1804#primaryimage\"},\"thumbnailUrl\":\"https:\/\/oronsko.org\/wp-content\/uploads\/2019\/09\/Plakat_2019_sklad.jpg\",\"inLanguage\":\"pl-PL\",\"potentialAction\":[{\"@type\":\"CommentAction\",\"name\":\"Comment\",\"target\":[\"https:\/\/oronsko.org\/?p=1804#respond\"]}]},{\"@type\":\"WebPage\",\"@id\":\"https:\/\/oronsko.org\/?p=1804\",\"url\":\"https:\/\/oronsko.org\/?p=1804\",\"name\":\"Zaproszenie na Wy\u015bcig Rowerowy - Stowarzyszenie Odnowy i Rozwoju Gminy Oro\u0144sko\",\"isPartOf\":{\"@id\":\"https:\/\/oronsko.org\/#website\"},\"primaryImageOfPage\":{\"@id\":\"https:\/\/oronsko.org\/?p=1804#primaryimage\"},\"image\":{\"@id\":\"https:\/\/oronsko.org\/?p=1804#primaryimage\"},\"thumbnailUrl\":\"https:\/\/oronsko.org\/wp-content\/uploads\/2019\/09\/Plakat_2019_sklad.jpg\",\"datePublished\":\"2019-09-16T19:33:59+00:00\",\"dateModified\":\"2019-09-23T09:41:31+00:00\",\"author\":{\"@id\":\"https:\/\/oronsko.org\/#\/schema\/person\/d008aee7ef8cdc6d72c6dddfa0f6fa6a\"},\"breadcrumb\":{\"@id\":\"https:\/\/oronsko.org\/?p=1804#breadcrumb\"},\"inLanguage\":\"pl-PL\",\"potentialAction\":[{\"@type\":\"ReadAction\",\"target\":[\"https:\/\/oronsko.org\/?p=1804\"]}]},{\"@type\":\"ImageObject\",\"inLanguage\":\"pl-PL\",\"@id\":\"https:\/\/oronsko.org\/?p=1804#primaryimage\",\"url\":\"https:\/\/oronsko.org\/wp-content\/uploads\/2019\/09\/Plakat_2019_sklad.jpg\",\"contentUrl\":\"https:\/\/oronsko.org\/wp-content\/uploads\/2019\/09\/Plakat_2019_sklad.jpg\",\"width\":3508,\"height\":4961},{\"@type\":\"BreadcrumbList\",\"@id\":\"https:\/\/oronsko.org\/?p=1804#breadcrumb\",\"itemListElement\":[{\"@type\":\"ListItem\",\"position\":1,\"name\":\"Strona g\u0142\u00f3wna\",\"item\":\"https:\/\/oronsko.org\/\"},{\"@type\":\"ListItem\",\"position\":2,\"name\":\"Zaproszenie na Wy\u015bcig Rowerowy\"}]},{\"@type\":\"WebSite\",\"@id\":\"https:\/\/oronsko.org\/#website\",\"url\":\"https:\/\/oronsko.org\/\",\"name\":\"Stowarzyszenie Odnowy i Rozwoju Gminy Oro\u0144sko\",\"description\":\"\",\"potentialAction\":[{\"@type\":\"SearchAction\",\"target\":{\"@type\":\"EntryPoint\",\"urlTemplate\":\"https:\/\/oronsko.org\/?s={search_term_string}\"},\"query-input\":{\"@type\":\"PropertyValueSpecification\",\"valueRequired\":true,\"valueName\":\"search_term_string\"}}],\"inLanguage\":\"pl-PL\"},{\"@type\":\"Person\",\"@id\":\"https:\/\/oronsko.org\/#\/schema\/person\/d008aee7ef8cdc6d72c6dddfa0f6fa6a\",\"name\":\"oronsko\",\"image\":{\"@type\":\"ImageObject\",\"inLanguage\":\"pl-PL\",\"@id\":\"https:\/\/oronsko.org\/#\/schema\/person\/image\/\",\"url\":\"https:\/\/secure.gravatar.com\/avatar\/04d4d850872fa512217e3bbde438f64183869a8f4529665ce1917407f81c2c69?s=96&d=mm&r=g\",\"contentUrl\":\"https:\/\/secure.gravatar.com\/avatar\/04d4d850872fa512217e3bbde438f64183869a8f4529665ce1917407f81c2c69?s=96&d=mm&r=g\",\"caption\":\"oronsko\"},\"url\":\"https:\/\/oronsko.org\/?author=2\"}]}<\/script>\n<!-- \/ Yoast SEO plugin. -->","yoast_head_json":{"title":"Zaproszenie na Wy\u015bcig Rowerowy - Stowarzyszenie Odnowy i Rozwoju Gminy Oro\u0144sko","robots":{"index":"index","follow":"follow","max-snippet":"max-snippet:-1","max-image-preview":"max-image-preview:large","max-video-preview":"max-video-preview:-1"},"canonical":"https:\/\/oronsko.org\/?p=1804","og_locale":"pl_PL","og_type":"article","og_title":"Zaproszenie na Wy\u015bcig Rowerowy - Stowarzyszenie Odnowy i Rozwoju Gminy Oro\u0144sko","og_description":"Stowarzyszenie Odnowy i Rozwoju Gminy Oro\u0144sko zaprasza mieszka\u0144c\u00f3w do udzia\u0142u w VII Og\u00f3lnopolskim Wy\u015bcigu Kolarskim \u201eO Konar D\u0119bu Czwartaka\u201d, zar\u00f3wno w charakterze zawodnika, jak te\u017c kibica.","og_url":"https:\/\/oronsko.org\/?p=1804","og_site_name":"Stowarzyszenie Odnowy i Rozwoju Gminy Oro\u0144sko","article_published_time":"2019-09-16T19:33:59+00:00","article_modified_time":"2019-09-23T09:41:31+00:00","og_image":[{"width":724,"height":1024,"url":"https:\/\/oronsko.org\/wp-content\/uploads\/2019\/09\/Plakat_2019_sklad-724x1024.jpg","type":"image\/jpeg"}],"author":"oronsko","twitter_card":"summary_large_image","twitter_misc":{"Napisane przez":"oronsko","Szacowany czas czytania":"1 minuta"},"schema":{"@context":"https:\/\/schema.org","@graph":[{"@type":"Article","@id":"https:\/\/oronsko.org\/?p=1804#article","isPartOf":{"@id":"https:\/\/oronsko.org\/?p=1804"},"author":{"name":"oronsko","@id":"https:\/\/oronsko.org\/#\/schema\/person\/d008aee7ef8cdc6d72c6dddfa0f6fa6a"},"headline":"Zaproszenie na Wy\u015bcig Rowerowy","datePublished":"2019-09-16T19:33:59+00:00","dateModified":"2019-09-23T09:41:31+00:00","mainEntityOfPage":{"@id":"https:\/\/oronsko.org\/?p=1804"},"wordCount":303,"commentCount":0,"image":{"@id":"https:\/\/oronsko.org\/?p=1804#primaryimage"},"thumbnailUrl":"https:\/\/oronsko.org\/wp-content\/uploads\/2019\/09\/Plakat_2019_sklad.jpg","inLanguage":"pl-PL","potentialAction":[{"@type":"CommentAction","name":"Comment","target":["https:\/\/oronsko.org\/?p=1804#respond"]}]},{"@type":"WebPage","@id":"https:\/\/oronsko.org\/?p=1804","url":"https:\/\/oronsko.org\/?p=1804","name":"Zaproszenie na Wy\u015bcig Rowerowy - Stowarzyszenie Odnowy i Rozwoju Gminy Oro\u0144sko","isPartOf":{"@id":"https:\/\/oronsko.org\/#website"},"primaryImageOfPage":{"@id":"https:\/\/oronsko.org\/?p=1804#primaryimage"},"image":{"@id":"https:\/\/oronsko.org\/?p=1804#primaryimage"},"thumbnailUrl":"https:\/\/oronsko.org\/wp-content\/uploads\/2019\/09\/Plakat_2019_sklad.jpg","datePublished":"2019-09-16T19:33:59+00:00","dateModified":"2019-09-23T09:41:31+00:00","author":{"@id":"https:\/\/oronsko.org\/#\/schema\/person\/d008aee7ef8cdc6d72c6dddfa0f6fa6a"},"breadcrumb":{"@id":"https:\/\/oronsko.org\/?p=1804#breadcrumb"},"inLanguage":"pl-PL","potentialAction":[{"@type":"ReadAction","target":["https:\/\/oronsko.org\/?p=1804"]}]},{"@type":"ImageObject","inLanguage":"pl-PL","@id":"https:\/\/oronsko.org\/?p=1804#primaryimage","url":"https:\/\/oronsko.org\/wp-content\/uploads\/2019\/09\/Plakat_2019_sklad.jpg","contentUrl":"https:\/\/oronsko.org\/wp-content\/uploads\/2019\/09\/Plakat_2019_sklad.jpg","width":3508,"height":4961},{"@type":"BreadcrumbList","@id":"https:\/\/oronsko.org\/?p=1804#breadcrumb","itemListElement":[{"@type":"ListItem","position":1,"name":"Strona g\u0142\u00f3wna","item":"https:\/\/oronsko.org\/"},{"@type":"ListItem","position":2,"name":"Zaproszenie na Wy\u015bcig Rowerowy"}]},{"@type":"WebSite","@id":"https:\/\/oronsko.org\/#website","url":"https:\/\/oronsko.org\/","name":"Stowarzyszenie Odnowy i Rozwoju Gminy Oro\u0144sko","description":"","potentialAction":[{"@type":"SearchAction","target":{"@type":"EntryPoint","urlTemplate":"https:\/\/oronsko.org\/?s={search_term_string}"},"query-input":{"@type":"PropertyValueSpecification","valueRequired":true,"valueName":"search_term_string"}}],"inLanguage":"pl-PL"},{"@type":"Person","@id":"https:\/\/oronsko.org\/#\/schema\/person\/d008aee7ef8cdc6d72c6dddfa0f6fa6a","name":"oronsko","image":{"@type":"ImageObject","inLanguage":"pl-PL","@id":"https:\/\/oronsko.org\/#\/schema\/person\/image\/","url":"https:\/\/secure.gravatar.com\/avatar\/04d4d850872fa512217e3bbde438f64183869a8f4529665ce1917407f81c2c69?s=96&d=mm&r=g","contentUrl":"https:\/\/secure.gravatar.com\/avatar\/04d4d850872fa512217e3bbde438f64183869a8f4529665ce1917407f81c2c69?s=96&d=mm&r=g","caption":"oronsko"},"url":"https:\/\/oronsko.org\/?author=2"}]}},"_links":{"self":[{"href":"https:\/\/oronsko.org\/index.php?rest_route=\/wp\/v2\/posts\/1804","targetHints":{"allow":["GET"]}}],"collection":[{"href":"https:\/\/oronsko.org\/index.php?rest_route=\/wp\/v2\/posts"}],"about":[{"href":"https:\/\/oronsko.org\/index.php?rest_route=\/wp\/v2\/types\/post"}],"author":[{"embeddable":true,"href":"https:\/\/oronsko.org\/index.php?rest_route=\/wp\/v2\/users\/2"}],"replies":[{"embeddable":true,"href":"https:\/\/oronsko.org\/index.php?rest_route=%2Fwp%2Fv2%2Fcomments&post=1804"}],"version-history":[{"count":6,"href":"https:\/\/oronsko.org\/index.php?rest_route=\/wp\/v2\/posts\/1804\/revisions"}],"predecessor-version":[{"id":1818,"href":"https:\/\/oronsko.org\/index.php?rest_route=\/wp\/v2\/posts\/1804\/revisions\/1818"}],"wp:featuredmedia":[{"embeddable":true,"href":"https:\/\/oronsko.org\/index.php?rest_route=\/wp\/v2\/media\/1805"}],"wp:attachment":[{"href":"https:\/\/oronsko.org\/index.php?rest_route=%2Fwp%2Fv2%2Fmedia&parent=1804"}],"wp:term":[{"taxonomy":"category","embeddable":true,"href":"https:\/\/oronsko.org\/index.php?rest_route=%2Fwp%2Fv2%2Fcategories&post=1804"},{"taxonomy":"post_tag","embeddable":true,"href":"https:\/\/oronsko.org\/index.php?rest_route=%2Fwp%2Fv2%2Ftags&post=1804"}],"curies":[{"name":"wp","href":"https:\/\/api.w.org\/{rel}","templated":true}]}}