{"id":1780,"date":"2019-09-08T17:17:59","date_gmt":"2019-09-08T15:17:59","guid":{"rendered":"http:\/\/oronsko.org\/?p=1780"},"modified":"2019-09-08T17:19:41","modified_gmt":"2019-09-08T15:19:41","slug":"niespodziewany-poczatek-jesieni-4","status":"publish","type":"post","link":"https:\/\/oronsko.org\/?p=1780","title":{"rendered":"Niespodziewany Pocz\u0105tek Jesieni"},"content":{"rendered":"<p style=\"text-align: justify;\">W niedziel\u0119 8 wrze\u015bnia 2019 roku w Centrum Rze\u017aby Polskiej w Oro\u0144sku odby\u0142a si\u0119 kolejna, ju\u017c siedemnasta edycja imprezy plenerowej pod nazw\u0105 Niespodziewany Pocz\u0105tek Jesieni, promuj\u0105cej tym razem kultur\u0119 Portugalsk\u0105.<!--more--> W tym roku pomimo ulewnego poranka aura okaza\u0142a si\u0119 \u0142askawa i od wczesnego popo\u0142udnia licznie przybyli uczestnicy mogli podziwia\u0107 wyst\u0119py artystyczne oraz degustowa\u0107 tradycyjne potrawy portugalskie przy nie\u015bmia\u0142o przebijaj\u0105cych si\u0119 przez chmury promieniach s\u0142o\u0144ca. W\u015br\u00f3d ciekawych atrakcji artystycznych nale\u017cy wymieni\u0107 pokaz i warsztaty kizomby, czyli gatunku muzyki oraz stylu ta\u0144ca stworzonego w Angoli, kt\u00f3ry zyska\u0142 popularno\u015b\u0107 w Portugalii, a p\u00f3\u017aniej na parkietach pozosta\u0142ych kraj\u00f3w europejskich. Ponadto organizatorzy zapewnili liczne atrakcje dla m\u0142odszych uczestnik\u00f3w, kt\u00f3rzy mogli wykona\u0107 swojego w\u0142asnego lizaka, wykona\u0107 ceramiczny stempel, czy te\u017c uczestniczy\u0107 w warsztatach malarskich i ceramicznych. Wszyscy, kt\u00f3rzy wykonali dowoln\u0105 technik\u0105 kogucika, b\u0119d\u0105cego symbolem Portugalii, mogli swoj\u0105 prac\u0119 zg\u0142osi\u0107 do konkursu. Plenerowym atrakcjom towarzyszy\u0142y tak\u017ce projekcje film\u00f3w o Portugalii, a tak\u017ce wystawa zdj\u0119\u0107. \u00a0Coroczny projekt pod nazw\u0105 Niespodziewany Pocz\u0105tek Jesieni ma ju\u017c mark\u0119 rozpoznawaln\u0105 w skali og\u00f3lnopolskiej, co skutkuje udzia\u0142em go\u015bci nie tylko z najbli\u017cszej okolicy, ale tak\u017ce z odleg\u0142ych stron kraju.<\/p>\n<p><span style=\"color: #00ffff; font-size: 18pt;\"><strong><a style=\"color: #00ffff;\" href=\"http:\/\/oronsko.org\/?page_id=17&amp;album=3&amp;gallery=111\">Galeria<\/a><\/strong><\/span><\/p>\n<p><a href=\"http:\/\/oronsko.org\/wp-content\/uploads\/2019\/09\/DSC_9022.jpg\" data-rel=\"lightbox-image-0\" data-rl_title=\"\" data-rl_caption=\"\" title=\"\"><img loading=\"lazy\" decoding=\"async\" class=\"wp-image-1781 aligncenter\" src=\"http:\/\/oronsko.org\/wp-content\/uploads\/2019\/09\/DSC_9022-1024x680.jpg\" alt=\"\" width=\"709\" height=\"471\" srcset=\"https:\/\/oronsko.org\/wp-content\/uploads\/2019\/09\/DSC_9022-1024x680.jpg 1024w, https:\/\/oronsko.org\/wp-content\/uploads\/2019\/09\/DSC_9022-300x199.jpg 300w, https:\/\/oronsko.org\/wp-content\/uploads\/2019\/09\/DSC_9022-768x510.jpg 768w, https:\/\/oronsko.org\/wp-content\/uploads\/2019\/09\/DSC_9022-220x145.jpg 220w\" sizes=\"auto, (max-width: 709px) 100vw, 709px\" \/><\/a><\/p>\n","protected":false},"excerpt":{"rendered":"<p>W niedziel\u0119 8 wrze\u015bnia 2019 roku w Centrum Rze\u017aby Polskiej w Oro\u0144sku odby\u0142a si\u0119 kolejna, ju\u017c siedemnasta edycja imprezy plenerowej pod nazw\u0105 Niespodziewany Pocz\u0105tek Jesieni, promuj\u0105cej tym razem kultur\u0119 Portugalsk\u0105.<\/p>\n","protected":false},"author":2,"featured_media":1781,"comment_status":"open","ping_status":"open","sticky":false,"template":"","format":"standard","meta":{"footnotes":""},"categories":[1],"tags":[],"class_list":["post-1780","post","type-post","status-publish","format-standard","has-post-thumbnail","hentry","category-bez-kategorii"],"yoast_head":"<!-- This site is optimized with the Yoast SEO plugin v26.8 - https:\/\/yoast.com\/product\/yoast-seo-wordpress\/ -->\n<title>Niespodziewany Pocz\u0105tek Jesieni - Stowarzyszenie Odnowy i Rozwoju Gminy Oro\u0144sko<\/title>\n<meta name=\"robots\" content=\"index, follow, max-snippet:-1, max-image-preview:large, max-video-preview:-1\" \/>\n<link rel=\"canonical\" href=\"https:\/\/oronsko.org\/?p=1780\" \/>\n<meta property=\"og:locale\" content=\"pl_PL\" \/>\n<meta property=\"og:type\" content=\"article\" \/>\n<meta property=\"og:title\" content=\"Niespodziewany Pocz\u0105tek Jesieni - Stowarzyszenie Odnowy i Rozwoju Gminy Oro\u0144sko\" \/>\n<meta property=\"og:description\" content=\"W niedziel\u0119 8 wrze\u015bnia 2019 roku w Centrum Rze\u017aby Polskiej w Oro\u0144sku odby\u0142a si\u0119 kolejna, ju\u017c siedemnasta edycja imprezy plenerowej pod nazw\u0105 Niespodziewany Pocz\u0105tek Jesieni, promuj\u0105cej tym razem kultur\u0119 Portugalsk\u0105.\" \/>\n<meta property=\"og:url\" content=\"https:\/\/oronsko.org\/?p=1780\" \/>\n<meta property=\"og:site_name\" content=\"Stowarzyszenie Odnowy i Rozwoju Gminy Oro\u0144sko\" \/>\n<meta property=\"article:published_time\" content=\"2019-09-08T15:17:59+00:00\" \/>\n<meta property=\"article:modified_time\" content=\"2019-09-08T15:19:41+00:00\" \/>\n<meta property=\"og:image\" content=\"https:\/\/oronsko.org\/wp-content\/uploads\/2019\/09\/DSC_9022-1024x680.jpg\" \/>\n\t<meta property=\"og:image:width\" content=\"1024\" \/>\n\t<meta property=\"og:image:height\" content=\"680\" \/>\n\t<meta property=\"og:image:type\" content=\"image\/jpeg\" \/>\n<meta name=\"author\" content=\"oronsko\" \/>\n<meta name=\"twitter:card\" content=\"summary_large_image\" \/>\n<meta name=\"twitter:label1\" content=\"Napisane przez\" \/>\n\t<meta name=\"twitter:data1\" content=\"oronsko\" \/>\n\t<meta name=\"twitter:label2\" content=\"Szacowany czas czytania\" \/>\n\t<meta name=\"twitter:data2\" content=\"1 minuta\" \/>\n<script type=\"application\/ld+json\" class=\"yoast-schema-graph\">{\"@context\":\"https:\/\/schema.org\",\"@graph\":[{\"@type\":\"Article\",\"@id\":\"https:\/\/oronsko.org\/?p=1780#article\",\"isPartOf\":{\"@id\":\"https:\/\/oronsko.org\/?p=1780\"},\"author\":{\"name\":\"oronsko\",\"@id\":\"https:\/\/oronsko.org\/#\/schema\/person\/d008aee7ef8cdc6d72c6dddfa0f6fa6a\"},\"headline\":\"Niespodziewany Pocz\u0105tek Jesieni\",\"datePublished\":\"2019-09-08T15:17:59+00:00\",\"dateModified\":\"2019-09-08T15:19:41+00:00\",\"mainEntityOfPage\":{\"@id\":\"https:\/\/oronsko.org\/?p=1780\"},\"wordCount\":220,\"commentCount\":0,\"image\":{\"@id\":\"https:\/\/oronsko.org\/?p=1780#primaryimage\"},\"thumbnailUrl\":\"https:\/\/oronsko.org\/wp-content\/uploads\/2019\/09\/DSC_9022.jpg\",\"inLanguage\":\"pl-PL\",\"potentialAction\":[{\"@type\":\"CommentAction\",\"name\":\"Comment\",\"target\":[\"https:\/\/oronsko.org\/?p=1780#respond\"]}]},{\"@type\":\"WebPage\",\"@id\":\"https:\/\/oronsko.org\/?p=1780\",\"url\":\"https:\/\/oronsko.org\/?p=1780\",\"name\":\"Niespodziewany Pocz\u0105tek Jesieni - Stowarzyszenie Odnowy i Rozwoju Gminy Oro\u0144sko\",\"isPartOf\":{\"@id\":\"https:\/\/oronsko.org\/#website\"},\"primaryImageOfPage\":{\"@id\":\"https:\/\/oronsko.org\/?p=1780#primaryimage\"},\"image\":{\"@id\":\"https:\/\/oronsko.org\/?p=1780#primaryimage\"},\"thumbnailUrl\":\"https:\/\/oronsko.org\/wp-content\/uploads\/2019\/09\/DSC_9022.jpg\",\"datePublished\":\"2019-09-08T15:17:59+00:00\",\"dateModified\":\"2019-09-08T15:19:41+00:00\",\"author\":{\"@id\":\"https:\/\/oronsko.org\/#\/schema\/person\/d008aee7ef8cdc6d72c6dddfa0f6fa6a\"},\"breadcrumb\":{\"@id\":\"https:\/\/oronsko.org\/?p=1780#breadcrumb\"},\"inLanguage\":\"pl-PL\",\"potentialAction\":[{\"@type\":\"ReadAction\",\"target\":[\"https:\/\/oronsko.org\/?p=1780\"]}]},{\"@type\":\"ImageObject\",\"inLanguage\":\"pl-PL\",\"@id\":\"https:\/\/oronsko.org\/?p=1780#primaryimage\",\"url\":\"https:\/\/oronsko.org\/wp-content\/uploads\/2019\/09\/DSC_9022.jpg\",\"contentUrl\":\"https:\/\/oronsko.org\/wp-content\/uploads\/2019\/09\/DSC_9022.jpg\",\"width\":3216,\"height\":2136},{\"@type\":\"BreadcrumbList\",\"@id\":\"https:\/\/oronsko.org\/?p=1780#breadcrumb\",\"itemListElement\":[{\"@type\":\"ListItem\",\"position\":1,\"name\":\"Strona g\u0142\u00f3wna\",\"item\":\"https:\/\/oronsko.org\/\"},{\"@type\":\"ListItem\",\"position\":2,\"name\":\"Niespodziewany Pocz\u0105tek Jesieni\"}]},{\"@type\":\"WebSite\",\"@id\":\"https:\/\/oronsko.org\/#website\",\"url\":\"https:\/\/oronsko.org\/\",\"name\":\"Stowarzyszenie Odnowy i Rozwoju Gminy Oro\u0144sko\",\"description\":\"\",\"potentialAction\":[{\"@type\":\"SearchAction\",\"target\":{\"@type\":\"EntryPoint\",\"urlTemplate\":\"https:\/\/oronsko.org\/?s={search_term_string}\"},\"query-input\":{\"@type\":\"PropertyValueSpecification\",\"valueRequired\":true,\"valueName\":\"search_term_string\"}}],\"inLanguage\":\"pl-PL\"},{\"@type\":\"Person\",\"@id\":\"https:\/\/oronsko.org\/#\/schema\/person\/d008aee7ef8cdc6d72c6dddfa0f6fa6a\",\"name\":\"oronsko\",\"image\":{\"@type\":\"ImageObject\",\"inLanguage\":\"pl-PL\",\"@id\":\"https:\/\/oronsko.org\/#\/schema\/person\/image\/\",\"url\":\"https:\/\/secure.gravatar.com\/avatar\/04d4d850872fa512217e3bbde438f64183869a8f4529665ce1917407f81c2c69?s=96&d=mm&r=g\",\"contentUrl\":\"https:\/\/secure.gravatar.com\/avatar\/04d4d850872fa512217e3bbde438f64183869a8f4529665ce1917407f81c2c69?s=96&d=mm&r=g\",\"caption\":\"oronsko\"},\"url\":\"https:\/\/oronsko.org\/?author=2\"}]}<\/script>\n<!-- \/ Yoast SEO plugin. -->","yoast_head_json":{"title":"Niespodziewany Pocz\u0105tek Jesieni - Stowarzyszenie Odnowy i Rozwoju Gminy Oro\u0144sko","robots":{"index":"index","follow":"follow","max-snippet":"max-snippet:-1","max-image-preview":"max-image-preview:large","max-video-preview":"max-video-preview:-1"},"canonical":"https:\/\/oronsko.org\/?p=1780","og_locale":"pl_PL","og_type":"article","og_title":"Niespodziewany Pocz\u0105tek Jesieni - Stowarzyszenie Odnowy i Rozwoju Gminy Oro\u0144sko","og_description":"W niedziel\u0119 8 wrze\u015bnia 2019 roku w Centrum Rze\u017aby Polskiej w Oro\u0144sku odby\u0142a si\u0119 kolejna, ju\u017c siedemnasta edycja imprezy plenerowej pod nazw\u0105 Niespodziewany Pocz\u0105tek Jesieni, promuj\u0105cej tym razem kultur\u0119 Portugalsk\u0105.","og_url":"https:\/\/oronsko.org\/?p=1780","og_site_name":"Stowarzyszenie Odnowy i Rozwoju Gminy Oro\u0144sko","article_published_time":"2019-09-08T15:17:59+00:00","article_modified_time":"2019-09-08T15:19:41+00:00","og_image":[{"width":1024,"height":680,"url":"https:\/\/oronsko.org\/wp-content\/uploads\/2019\/09\/DSC_9022-1024x680.jpg","type":"image\/jpeg"}],"author":"oronsko","twitter_card":"summary_large_image","twitter_misc":{"Napisane przez":"oronsko","Szacowany czas czytania":"1 minuta"},"schema":{"@context":"https:\/\/schema.org","@graph":[{"@type":"Article","@id":"https:\/\/oronsko.org\/?p=1780#article","isPartOf":{"@id":"https:\/\/oronsko.org\/?p=1780"},"author":{"name":"oronsko","@id":"https:\/\/oronsko.org\/#\/schema\/person\/d008aee7ef8cdc6d72c6dddfa0f6fa6a"},"headline":"Niespodziewany Pocz\u0105tek Jesieni","datePublished":"2019-09-08T15:17:59+00:00","dateModified":"2019-09-08T15:19:41+00:00","mainEntityOfPage":{"@id":"https:\/\/oronsko.org\/?p=1780"},"wordCount":220,"commentCount":0,"image":{"@id":"https:\/\/oronsko.org\/?p=1780#primaryimage"},"thumbnailUrl":"https:\/\/oronsko.org\/wp-content\/uploads\/2019\/09\/DSC_9022.jpg","inLanguage":"pl-PL","potentialAction":[{"@type":"CommentAction","name":"Comment","target":["https:\/\/oronsko.org\/?p=1780#respond"]}]},{"@type":"WebPage","@id":"https:\/\/oronsko.org\/?p=1780","url":"https:\/\/oronsko.org\/?p=1780","name":"Niespodziewany Pocz\u0105tek Jesieni - Stowarzyszenie Odnowy i Rozwoju Gminy Oro\u0144sko","isPartOf":{"@id":"https:\/\/oronsko.org\/#website"},"primaryImageOfPage":{"@id":"https:\/\/oronsko.org\/?p=1780#primaryimage"},"image":{"@id":"https:\/\/oronsko.org\/?p=1780#primaryimage"},"thumbnailUrl":"https:\/\/oronsko.org\/wp-content\/uploads\/2019\/09\/DSC_9022.jpg","datePublished":"2019-09-08T15:17:59+00:00","dateModified":"2019-09-08T15:19:41+00:00","author":{"@id":"https:\/\/oronsko.org\/#\/schema\/person\/d008aee7ef8cdc6d72c6dddfa0f6fa6a"},"breadcrumb":{"@id":"https:\/\/oronsko.org\/?p=1780#breadcrumb"},"inLanguage":"pl-PL","potentialAction":[{"@type":"ReadAction","target":["https:\/\/oronsko.org\/?p=1780"]}]},{"@type":"ImageObject","inLanguage":"pl-PL","@id":"https:\/\/oronsko.org\/?p=1780#primaryimage","url":"https:\/\/oronsko.org\/wp-content\/uploads\/2019\/09\/DSC_9022.jpg","contentUrl":"https:\/\/oronsko.org\/wp-content\/uploads\/2019\/09\/DSC_9022.jpg","width":3216,"height":2136},{"@type":"BreadcrumbList","@id":"https:\/\/oronsko.org\/?p=1780#breadcrumb","itemListElement":[{"@type":"ListItem","position":1,"name":"Strona g\u0142\u00f3wna","item":"https:\/\/oronsko.org\/"},{"@type":"ListItem","position":2,"name":"Niespodziewany Pocz\u0105tek Jesieni"}]},{"@type":"WebSite","@id":"https:\/\/oronsko.org\/#website","url":"https:\/\/oronsko.org\/","name":"Stowarzyszenie Odnowy i Rozwoju Gminy Oro\u0144sko","description":"","potentialAction":[{"@type":"SearchAction","target":{"@type":"EntryPoint","urlTemplate":"https:\/\/oronsko.org\/?s={search_term_string}"},"query-input":{"@type":"PropertyValueSpecification","valueRequired":true,"valueName":"search_term_string"}}],"inLanguage":"pl-PL"},{"@type":"Person","@id":"https:\/\/oronsko.org\/#\/schema\/person\/d008aee7ef8cdc6d72c6dddfa0f6fa6a","name":"oronsko","image":{"@type":"ImageObject","inLanguage":"pl-PL","@id":"https:\/\/oronsko.org\/#\/schema\/person\/image\/","url":"https:\/\/secure.gravatar.com\/avatar\/04d4d850872fa512217e3bbde438f64183869a8f4529665ce1917407f81c2c69?s=96&d=mm&r=g","contentUrl":"https:\/\/secure.gravatar.com\/avatar\/04d4d850872fa512217e3bbde438f64183869a8f4529665ce1917407f81c2c69?s=96&d=mm&r=g","caption":"oronsko"},"url":"https:\/\/oronsko.org\/?author=2"}]}},"_links":{"self":[{"href":"https:\/\/oronsko.org\/index.php?rest_route=\/wp\/v2\/posts\/1780","targetHints":{"allow":["GET"]}}],"collection":[{"href":"https:\/\/oronsko.org\/index.php?rest_route=\/wp\/v2\/posts"}],"about":[{"href":"https:\/\/oronsko.org\/index.php?rest_route=\/wp\/v2\/types\/post"}],"author":[{"embeddable":true,"href":"https:\/\/oronsko.org\/index.php?rest_route=\/wp\/v2\/users\/2"}],"replies":[{"embeddable":true,"href":"https:\/\/oronsko.org\/index.php?rest_route=%2Fwp%2Fv2%2Fcomments&post=1780"}],"version-history":[{"count":1,"href":"https:\/\/oronsko.org\/index.php?rest_route=\/wp\/v2\/posts\/1780\/revisions"}],"predecessor-version":[{"id":1782,"href":"https:\/\/oronsko.org\/index.php?rest_route=\/wp\/v2\/posts\/1780\/revisions\/1782"}],"wp:featuredmedia":[{"embeddable":true,"href":"https:\/\/oronsko.org\/index.php?rest_route=\/wp\/v2\/media\/1781"}],"wp:attachment":[{"href":"https:\/\/oronsko.org\/index.php?rest_route=%2Fwp%2Fv2%2Fmedia&parent=1780"}],"wp:term":[{"taxonomy":"category","embeddable":true,"href":"https:\/\/oronsko.org\/index.php?rest_route=%2Fwp%2Fv2%2Fcategories&post=1780"},{"taxonomy":"post_tag","embeddable":true,"href":"https:\/\/oronsko.org\/index.php?rest_route=%2Fwp%2Fv2%2Ftags&post=1780"}],"curies":[{"name":"wp","href":"https:\/\/api.w.org\/{rel}","templated":true}]}}