{"id":1763,"date":"2019-09-02T10:10:38","date_gmt":"2019-09-02T08:10:38","guid":{"rendered":"http:\/\/oronsko.org\/?p=1763"},"modified":"2019-09-02T10:10:55","modified_gmt":"2019-09-02T08:10:55","slug":"seniorzy-na-mazurach","status":"publish","type":"post","link":"https:\/\/oronsko.org\/?p=1763","title":{"rendered":"Seniorzy na Mazurach"},"content":{"rendered":"<p style=\"text-align: justify;\">W dniach od 30 sierpnia do 1 wrze\u015bnia 2019 roku grupa senior\u00f3w i wolontariuszy z Oro\u0144ska wzi\u0119\u0142a udzia\u0142 w wycieczce turystyczno-krajoznawczej na Mazury.<!--more--> Wycieczka zosta\u0142a zorganizowana w ramach projektu dofinansowanego z rz\u0105dowego programu Aktywizacji Spo\u0142ecznej Os\u00f3b Starszych, realizowanego przez Fundacj\u0119 Inicjatyw Edukacyjnych w\u00a0Warszawie we wsp\u00f3\u0142pracy ze Stowarzyszeniem Odnowy i Rozwoju Gminy Oro\u0144sko.<br \/>\nUczestnicy zakwaterowani byli w O\u015brodku \u0141ab\u0119dzi Ostr\u00f3w w Pi\u0119knej G\u00f3rze. W trakcie wyprawy zwiedzili Wilczy Szaniec czyli kwater\u0119 g\u0142\u00f3wn\u0105 Hitlera z okresu lat 1941-1944, zlokalizowan\u0105 w Gier\u0142o\u017cy. W latach wojennych kompleks ten z\u0142o\u017cony by\u0142 z 200 budynk\u00f3w o\u00a0r\u00f3\u017cnym przeznaczeniu, w tym by\u0142y tam schrony, baraki, elektrownia, ciep\u0142ownia, dworzec kolejowy, dwa lotniska. Infrastruktura ta wyposa\u017cona by\u0142a w urz\u0105dzenia klimatyzacyjne, wodoci\u0105gi, a tak\u017ce dwie centrale dalekopisowe. W 1944 roku mieszka\u0142o tu ponad 2000 os\u00f3b.<br \/>\nPonadto, uczestnicy wyprawy podziwiali uroki przyrody mazurskiej podczas rejsu statkiem wycieczkowym po jeziorach, a tak\u017ce podczas rejs\u00f3w jachtami \u017caglowymi. By\u0142 tak\u017ce czas na integracj\u0119 mi\u0119dzypokoleniow\u0105 podczas uroczystych biesiad przy grillu. W niedziel\u0119 seniorzy i\u00a0wolontariusze mieli mo\u017cliwo\u015b\u0107 nawiedzenia Sanktuarium Maryjnego w \u015awi\u0119tej Lipce i\u00a0uczestniczenia we Mszy \u015awi\u0119tej, po kt\u00f3rej zaprezentowano kunszt \u015bwi\u0119tolipskich organ\u00f3w. O\u0142tarz g\u0142\u00f3wny, o\u0142tarze boczne, tabernakulum, organy, freski w ko\u015bciele i w kru\u017cgankach, kuta brama, rze\u017aby w kamieniu i drewnie, dzie\u0142a artystycznego kowalstwa i \u015blusarstwa &#8211; to wszystko stanowi, \u017ce \u015awi\u0119ta Lipka jest &#8222;Per\u0142\u0105 Baroku&#8221;- obiektem niezwyk\u0142ej warto\u015bci zabytkowej, zaliczany do najwspanialszych okaz\u00f3w p\u00f3\u017anego baroku w Polsce.\u00a0<\/p>\n<p><span style=\"color: #00ffff; font-size: 18pt;\"><strong><a style=\"color: #00ffff;\" href=\"http:\/\/oronsko.org\/?page_id=17&amp;album=3&amp;gallery=110\">Galeria<\/a><\/strong><\/span><\/p>\n<p>&nbsp;<\/p>\n<p><a href=\"http:\/\/oronsko.org\/wp-content\/uploads\/2019\/09\/DSC_8667.jpg\" data-rel=\"lightbox-image-0\" data-rl_title=\"\" data-rl_caption=\"\" title=\"\"><img loading=\"lazy\" decoding=\"async\" class=\"wp-image-1764 aligncenter\" src=\"http:\/\/oronsko.org\/wp-content\/uploads\/2019\/09\/DSC_8667-1024x680.jpg\" alt=\"\" width=\"744\" height=\"494\" srcset=\"https:\/\/oronsko.org\/wp-content\/uploads\/2019\/09\/DSC_8667-1024x680.jpg 1024w, https:\/\/oronsko.org\/wp-content\/uploads\/2019\/09\/DSC_8667-300x199.jpg 300w, https:\/\/oronsko.org\/wp-content\/uploads\/2019\/09\/DSC_8667-768x510.jpg 768w, https:\/\/oronsko.org\/wp-content\/uploads\/2019\/09\/DSC_8667-220x145.jpg 220w\" sizes=\"auto, (max-width: 744px) 100vw, 744px\" \/><\/a><\/p>\n","protected":false},"excerpt":{"rendered":"<p>W dniach od 30 sierpnia do 1 wrze\u015bnia 2019 roku grupa senior\u00f3w i wolontariuszy z Oro\u0144ska wzi\u0119\u0142a udzia\u0142 w wycieczce turystyczno-krajoznawczej na Mazury.<\/p>\n","protected":false},"author":2,"featured_media":1764,"comment_status":"open","ping_status":"open","sticky":false,"template":"","format":"standard","meta":{"footnotes":""},"categories":[1],"tags":[],"class_list":["post-1763","post","type-post","status-publish","format-standard","has-post-thumbnail","hentry","category-bez-kategorii"],"yoast_head":"<!-- This site is optimized with the Yoast SEO plugin v26.8 - https:\/\/yoast.com\/product\/yoast-seo-wordpress\/ -->\n<title>Seniorzy na Mazurach - Stowarzyszenie Odnowy i Rozwoju Gminy Oro\u0144sko<\/title>\n<meta name=\"robots\" content=\"index, follow, max-snippet:-1, max-image-preview:large, max-video-preview:-1\" \/>\n<link rel=\"canonical\" href=\"https:\/\/oronsko.org\/?p=1763\" \/>\n<meta property=\"og:locale\" content=\"pl_PL\" \/>\n<meta property=\"og:type\" content=\"article\" \/>\n<meta property=\"og:title\" content=\"Seniorzy na Mazurach - Stowarzyszenie Odnowy i Rozwoju Gminy Oro\u0144sko\" \/>\n<meta property=\"og:description\" content=\"W dniach od 30 sierpnia do 1 wrze\u015bnia 2019 roku grupa senior\u00f3w i wolontariuszy z Oro\u0144ska wzi\u0119\u0142a udzia\u0142 w wycieczce turystyczno-krajoznawczej na Mazury.\" \/>\n<meta property=\"og:url\" content=\"https:\/\/oronsko.org\/?p=1763\" \/>\n<meta property=\"og:site_name\" content=\"Stowarzyszenie Odnowy i Rozwoju Gminy Oro\u0144sko\" \/>\n<meta property=\"article:published_time\" content=\"2019-09-02T08:10:38+00:00\" \/>\n<meta property=\"article:modified_time\" content=\"2019-09-02T08:10:55+00:00\" \/>\n<meta property=\"og:image\" content=\"https:\/\/oronsko.org\/wp-content\/uploads\/2019\/09\/DSC_8667-1024x680.jpg\" \/>\n\t<meta property=\"og:image:width\" content=\"1024\" \/>\n\t<meta property=\"og:image:height\" content=\"680\" \/>\n\t<meta property=\"og:image:type\" content=\"image\/jpeg\" \/>\n<meta name=\"author\" content=\"oronsko\" \/>\n<meta name=\"twitter:card\" content=\"summary_large_image\" \/>\n<meta name=\"twitter:label1\" content=\"Napisane przez\" \/>\n\t<meta name=\"twitter:data1\" content=\"oronsko\" \/>\n\t<meta name=\"twitter:label2\" content=\"Szacowany czas czytania\" \/>\n\t<meta name=\"twitter:data2\" content=\"1 minuta\" \/>\n<script type=\"application\/ld+json\" class=\"yoast-schema-graph\">{\"@context\":\"https:\/\/schema.org\",\"@graph\":[{\"@type\":\"Article\",\"@id\":\"https:\/\/oronsko.org\/?p=1763#article\",\"isPartOf\":{\"@id\":\"https:\/\/oronsko.org\/?p=1763\"},\"author\":{\"name\":\"oronsko\",\"@id\":\"https:\/\/oronsko.org\/#\/schema\/person\/d008aee7ef8cdc6d72c6dddfa0f6fa6a\"},\"headline\":\"Seniorzy na Mazurach\",\"datePublished\":\"2019-09-02T08:10:38+00:00\",\"dateModified\":\"2019-09-02T08:10:55+00:00\",\"mainEntityOfPage\":{\"@id\":\"https:\/\/oronsko.org\/?p=1763\"},\"wordCount\":279,\"commentCount\":0,\"image\":{\"@id\":\"https:\/\/oronsko.org\/?p=1763#primaryimage\"},\"thumbnailUrl\":\"https:\/\/oronsko.org\/wp-content\/uploads\/2019\/09\/DSC_8667.jpg\",\"inLanguage\":\"pl-PL\",\"potentialAction\":[{\"@type\":\"CommentAction\",\"name\":\"Comment\",\"target\":[\"https:\/\/oronsko.org\/?p=1763#respond\"]}]},{\"@type\":\"WebPage\",\"@id\":\"https:\/\/oronsko.org\/?p=1763\",\"url\":\"https:\/\/oronsko.org\/?p=1763\",\"name\":\"Seniorzy na Mazurach - Stowarzyszenie Odnowy i Rozwoju Gminy Oro\u0144sko\",\"isPartOf\":{\"@id\":\"https:\/\/oronsko.org\/#website\"},\"primaryImageOfPage\":{\"@id\":\"https:\/\/oronsko.org\/?p=1763#primaryimage\"},\"image\":{\"@id\":\"https:\/\/oronsko.org\/?p=1763#primaryimage\"},\"thumbnailUrl\":\"https:\/\/oronsko.org\/wp-content\/uploads\/2019\/09\/DSC_8667.jpg\",\"datePublished\":\"2019-09-02T08:10:38+00:00\",\"dateModified\":\"2019-09-02T08:10:55+00:00\",\"author\":{\"@id\":\"https:\/\/oronsko.org\/#\/schema\/person\/d008aee7ef8cdc6d72c6dddfa0f6fa6a\"},\"breadcrumb\":{\"@id\":\"https:\/\/oronsko.org\/?p=1763#breadcrumb\"},\"inLanguage\":\"pl-PL\",\"potentialAction\":[{\"@type\":\"ReadAction\",\"target\":[\"https:\/\/oronsko.org\/?p=1763\"]}]},{\"@type\":\"ImageObject\",\"inLanguage\":\"pl-PL\",\"@id\":\"https:\/\/oronsko.org\/?p=1763#primaryimage\",\"url\":\"https:\/\/oronsko.org\/wp-content\/uploads\/2019\/09\/DSC_8667.jpg\",\"contentUrl\":\"https:\/\/oronsko.org\/wp-content\/uploads\/2019\/09\/DSC_8667.jpg\",\"width\":3216,\"height\":2136},{\"@type\":\"BreadcrumbList\",\"@id\":\"https:\/\/oronsko.org\/?p=1763#breadcrumb\",\"itemListElement\":[{\"@type\":\"ListItem\",\"position\":1,\"name\":\"Strona g\u0142\u00f3wna\",\"item\":\"https:\/\/oronsko.org\/\"},{\"@type\":\"ListItem\",\"position\":2,\"name\":\"Seniorzy na Mazurach\"}]},{\"@type\":\"WebSite\",\"@id\":\"https:\/\/oronsko.org\/#website\",\"url\":\"https:\/\/oronsko.org\/\",\"name\":\"Stowarzyszenie Odnowy i Rozwoju Gminy Oro\u0144sko\",\"description\":\"\",\"potentialAction\":[{\"@type\":\"SearchAction\",\"target\":{\"@type\":\"EntryPoint\",\"urlTemplate\":\"https:\/\/oronsko.org\/?s={search_term_string}\"},\"query-input\":{\"@type\":\"PropertyValueSpecification\",\"valueRequired\":true,\"valueName\":\"search_term_string\"}}],\"inLanguage\":\"pl-PL\"},{\"@type\":\"Person\",\"@id\":\"https:\/\/oronsko.org\/#\/schema\/person\/d008aee7ef8cdc6d72c6dddfa0f6fa6a\",\"name\":\"oronsko\",\"image\":{\"@type\":\"ImageObject\",\"inLanguage\":\"pl-PL\",\"@id\":\"https:\/\/oronsko.org\/#\/schema\/person\/image\/\",\"url\":\"https:\/\/secure.gravatar.com\/avatar\/04d4d850872fa512217e3bbde438f64183869a8f4529665ce1917407f81c2c69?s=96&d=mm&r=g\",\"contentUrl\":\"https:\/\/secure.gravatar.com\/avatar\/04d4d850872fa512217e3bbde438f64183869a8f4529665ce1917407f81c2c69?s=96&d=mm&r=g\",\"caption\":\"oronsko\"},\"url\":\"https:\/\/oronsko.org\/?author=2\"}]}<\/script>\n<!-- \/ Yoast SEO plugin. -->","yoast_head_json":{"title":"Seniorzy na Mazurach - Stowarzyszenie Odnowy i Rozwoju Gminy Oro\u0144sko","robots":{"index":"index","follow":"follow","max-snippet":"max-snippet:-1","max-image-preview":"max-image-preview:large","max-video-preview":"max-video-preview:-1"},"canonical":"https:\/\/oronsko.org\/?p=1763","og_locale":"pl_PL","og_type":"article","og_title":"Seniorzy na Mazurach - Stowarzyszenie Odnowy i Rozwoju Gminy Oro\u0144sko","og_description":"W dniach od 30 sierpnia do 1 wrze\u015bnia 2019 roku grupa senior\u00f3w i wolontariuszy z Oro\u0144ska wzi\u0119\u0142a udzia\u0142 w wycieczce turystyczno-krajoznawczej na Mazury.","og_url":"https:\/\/oronsko.org\/?p=1763","og_site_name":"Stowarzyszenie Odnowy i Rozwoju Gminy Oro\u0144sko","article_published_time":"2019-09-02T08:10:38+00:00","article_modified_time":"2019-09-02T08:10:55+00:00","og_image":[{"width":1024,"height":680,"url":"https:\/\/oronsko.org\/wp-content\/uploads\/2019\/09\/DSC_8667-1024x680.jpg","type":"image\/jpeg"}],"author":"oronsko","twitter_card":"summary_large_image","twitter_misc":{"Napisane przez":"oronsko","Szacowany czas czytania":"1 minuta"},"schema":{"@context":"https:\/\/schema.org","@graph":[{"@type":"Article","@id":"https:\/\/oronsko.org\/?p=1763#article","isPartOf":{"@id":"https:\/\/oronsko.org\/?p=1763"},"author":{"name":"oronsko","@id":"https:\/\/oronsko.org\/#\/schema\/person\/d008aee7ef8cdc6d72c6dddfa0f6fa6a"},"headline":"Seniorzy na Mazurach","datePublished":"2019-09-02T08:10:38+00:00","dateModified":"2019-09-02T08:10:55+00:00","mainEntityOfPage":{"@id":"https:\/\/oronsko.org\/?p=1763"},"wordCount":279,"commentCount":0,"image":{"@id":"https:\/\/oronsko.org\/?p=1763#primaryimage"},"thumbnailUrl":"https:\/\/oronsko.org\/wp-content\/uploads\/2019\/09\/DSC_8667.jpg","inLanguage":"pl-PL","potentialAction":[{"@type":"CommentAction","name":"Comment","target":["https:\/\/oronsko.org\/?p=1763#respond"]}]},{"@type":"WebPage","@id":"https:\/\/oronsko.org\/?p=1763","url":"https:\/\/oronsko.org\/?p=1763","name":"Seniorzy na Mazurach - Stowarzyszenie Odnowy i Rozwoju Gminy Oro\u0144sko","isPartOf":{"@id":"https:\/\/oronsko.org\/#website"},"primaryImageOfPage":{"@id":"https:\/\/oronsko.org\/?p=1763#primaryimage"},"image":{"@id":"https:\/\/oronsko.org\/?p=1763#primaryimage"},"thumbnailUrl":"https:\/\/oronsko.org\/wp-content\/uploads\/2019\/09\/DSC_8667.jpg","datePublished":"2019-09-02T08:10:38+00:00","dateModified":"2019-09-02T08:10:55+00:00","author":{"@id":"https:\/\/oronsko.org\/#\/schema\/person\/d008aee7ef8cdc6d72c6dddfa0f6fa6a"},"breadcrumb":{"@id":"https:\/\/oronsko.org\/?p=1763#breadcrumb"},"inLanguage":"pl-PL","potentialAction":[{"@type":"ReadAction","target":["https:\/\/oronsko.org\/?p=1763"]}]},{"@type":"ImageObject","inLanguage":"pl-PL","@id":"https:\/\/oronsko.org\/?p=1763#primaryimage","url":"https:\/\/oronsko.org\/wp-content\/uploads\/2019\/09\/DSC_8667.jpg","contentUrl":"https:\/\/oronsko.org\/wp-content\/uploads\/2019\/09\/DSC_8667.jpg","width":3216,"height":2136},{"@type":"BreadcrumbList","@id":"https:\/\/oronsko.org\/?p=1763#breadcrumb","itemListElement":[{"@type":"ListItem","position":1,"name":"Strona g\u0142\u00f3wna","item":"https:\/\/oronsko.org\/"},{"@type":"ListItem","position":2,"name":"Seniorzy na Mazurach"}]},{"@type":"WebSite","@id":"https:\/\/oronsko.org\/#website","url":"https:\/\/oronsko.org\/","name":"Stowarzyszenie Odnowy i Rozwoju Gminy Oro\u0144sko","description":"","potentialAction":[{"@type":"SearchAction","target":{"@type":"EntryPoint","urlTemplate":"https:\/\/oronsko.org\/?s={search_term_string}"},"query-input":{"@type":"PropertyValueSpecification","valueRequired":true,"valueName":"search_term_string"}}],"inLanguage":"pl-PL"},{"@type":"Person","@id":"https:\/\/oronsko.org\/#\/schema\/person\/d008aee7ef8cdc6d72c6dddfa0f6fa6a","name":"oronsko","image":{"@type":"ImageObject","inLanguage":"pl-PL","@id":"https:\/\/oronsko.org\/#\/schema\/person\/image\/","url":"https:\/\/secure.gravatar.com\/avatar\/04d4d850872fa512217e3bbde438f64183869a8f4529665ce1917407f81c2c69?s=96&d=mm&r=g","contentUrl":"https:\/\/secure.gravatar.com\/avatar\/04d4d850872fa512217e3bbde438f64183869a8f4529665ce1917407f81c2c69?s=96&d=mm&r=g","caption":"oronsko"},"url":"https:\/\/oronsko.org\/?author=2"}]}},"_links":{"self":[{"href":"https:\/\/oronsko.org\/index.php?rest_route=\/wp\/v2\/posts\/1763","targetHints":{"allow":["GET"]}}],"collection":[{"href":"https:\/\/oronsko.org\/index.php?rest_route=\/wp\/v2\/posts"}],"about":[{"href":"https:\/\/oronsko.org\/index.php?rest_route=\/wp\/v2\/types\/post"}],"author":[{"embeddable":true,"href":"https:\/\/oronsko.org\/index.php?rest_route=\/wp\/v2\/users\/2"}],"replies":[{"embeddable":true,"href":"https:\/\/oronsko.org\/index.php?rest_route=%2Fwp%2Fv2%2Fcomments&post=1763"}],"version-history":[{"count":2,"href":"https:\/\/oronsko.org\/index.php?rest_route=\/wp\/v2\/posts\/1763\/revisions"}],"predecessor-version":[{"id":1766,"href":"https:\/\/oronsko.org\/index.php?rest_route=\/wp\/v2\/posts\/1763\/revisions\/1766"}],"wp:featuredmedia":[{"embeddable":true,"href":"https:\/\/oronsko.org\/index.php?rest_route=\/wp\/v2\/media\/1764"}],"wp:attachment":[{"href":"https:\/\/oronsko.org\/index.php?rest_route=%2Fwp%2Fv2%2Fmedia&parent=1763"}],"wp:term":[{"taxonomy":"category","embeddable":true,"href":"https:\/\/oronsko.org\/index.php?rest_route=%2Fwp%2Fv2%2Fcategories&post=1763"},{"taxonomy":"post_tag","embeddable":true,"href":"https:\/\/oronsko.org\/index.php?rest_route=%2Fwp%2Fv2%2Ftags&post=1763"}],"curies":[{"name":"wp","href":"https:\/\/api.w.org\/{rel}","templated":true}]}}