{"id":1752,"date":"2019-08-22T22:33:47","date_gmt":"2019-08-22T20:33:47","guid":{"rendered":"http:\/\/oronsko.org\/?p=1752"},"modified":"2019-08-23T07:48:41","modified_gmt":"2019-08-23T05:48:41","slug":"portugalia-w-oronsku","status":"publish","type":"post","link":"https:\/\/oronsko.org\/?p=1752","title":{"rendered":"PORTUGALIA W ORO\u0143SKU"},"content":{"rendered":"<p style=\"text-align: justify;\">8 wrze\u015bnia 2019 od godz. 12.00 zapraszamy do Oro\u0144ska wszystkich mi\u0142o\u015bnik\u00f3w muzyki fado, wina porto i s\u0142onecznej Portugalii, kt\u00f3rej dedykowana jest kolejna, siedemnasta ju\u017c, edycja \u201eNiespodziewanego Pocz\u0105tku Jesieni\u201d. <!--more-->Jak co roku program imprezy jest oryginalny i zr\u00f3\u017cnicowany, ma swoich sta\u0142ych bywalc\u00f3w, kt\u00f3rzy niecierpliwie czekaj\u0105 na kolejne ods\u0142ony cyklu. Zapraszamy do wsp\u00f3lnej zabawy wszystkich, kt\u00f3rzy odwiedzili Portugali\u0119 i tych, kt\u00f3rzy jeszcze tam nie byli. W Oro\u0144sku b\u0119dzie niepowtarzalna okazja poczu\u0107 smak i atmosfer\u0119 tego pi\u0119knego kraju.<br \/>\nW tym roku jedn\u0105 z gwiazd dnia b\u0119dzie muzyk portugalski Jo\u00e3o de Sousa, w Oro\u0144sku odb\u0119dzie si\u0119 promocja jego ostatniej p\u0142yty, z koncertem muzyki fado wyst\u0105pi Kinga Rataj, artystka wykonuj\u0105c ten rodzaj muzyki, osi\u0105gn\u0119\u0142a poziom r\u00f3wny rodowitym Portugalczykom. Organizatorzy zapewniaj\u0105, \u017ce w Oro\u0144sku jej koncert b\u0119dzie niezapomnian\u0105 okazj\u0105 do \u015bwietnej zabawy. Ze spektaklem \u201eSomente\u201d wyst\u0105pi portugalski teatr ulicznych szczudlarzy \u2013 Teatro SO. Jest to spektakl pantomimiczny, aktorzy esencj\u0119 uczu\u0107 i emocji wyra\u017caj\u0105 poprzez ruch i gest. Przedstawienie b\u0119dzie wi\u0119c du\u017cym prze\u017cyciem jako niecodzienne widowisko dla dzieci, a ze wzgl\u0119du na g\u0142\u0119bokie przes\u0142anie r\u00f3wnie\u017c dla doros\u0142ych. Na mi\u0142o\u015bnik\u00f3w ta\u0144ca czeka niespodzianka \u2013 prezentacja kizomby, czyli tanga afryka\u0144skiego spopularyzowanego przez tancerzy z Portugalii, w Polsce zyskuje popularno\u015b\u0107 obok takich ta\u0144c\u00f3w jak salsa czy bachata. Jej charakter, zmys\u0142owo\u015b\u0107, afryka\u0144ski ruch cia\u0142a oraz dynamiczna muzyka sprawiaj\u0105, \u017ce taniec ten z roku na rok przyci\u0105ga coraz wi\u0119ksze grono zwolennik\u00f3w.<br \/>\nJednym z najpopularniejszych symboli Portugalii jest galo de Barcelos \u2013 czyli czarny kogucik \u2013 synonim uczciwo\u015bci, zaufania i honoru. W Oro\u0144sku b\u0119dzie mo\u017cna wzi\u0105\u0107 udzia\u0142 w konkursie na najpi\u0119kniejszego kogucika wykonanego dowoln\u0105 technik\u0105: malowanego, rze\u017abionego w glinie lub w masie cukrowej w postaci lizaka. Ka\u017cdy b\u0119dzie m\u00f3g\u0142 wzi\u0105\u0107 udzia\u0142 w wykonaniu gigasardynki, kt\u00f3ra obok koguta jest kolejnym symbolem kojarzonym z Portugali\u0105. Dla dzieci zaplanowano plac zabaw, gry terenowe i konkursy z nagrodami. Na okoliczno\u015bciowym bazarku b\u0119dzie mo\u017cna kupi\u0107 oryginalne koguciki, regionalne wina i artyku\u0142y spo\u017cywcze, bi\u017cuteri\u0119 i wyroby dekoracyjne i przemys\u0142owe z korka, za\u015b portugalska restauracja przygotuje typowe portugalskie dania.<br \/>\nOsoby niezmotoryzowane mog\u0105 skorzysta\u0107 z bezp\u0142atnych autobus\u00f3w, kt\u00f3re zabior\u0105 ch\u0119tnych do Oro\u0144ska ze stanowiska nr 5 na dworcu autobusowym w Radomiu o godz. 12.30 i 14.30, autobusy powrotne odjad\u0105 z Oro\u0144ska w kierunku Radomia o godz. 18.00 i 19.30 z parkingu CRP przy drodze nr 7.<br \/>\nPlanowany jest autobus z Warszawy, kt\u00f3ry odjedzie 8 wrze\u015bnia z parkingu przy Zach\u0119cie o godz.10.<\/p>\n<p style=\"text-align: justify;\">Wst\u0119p na festyn jest bezp\u0142atny.<\/p>\n<p><a href=\"http:\/\/oronsko.org\/wp-content\/uploads\/2019\/08\/1419_npj_crp_web.jpg\" data-rel=\"lightbox-image-0\" data-rl_title=\"\" data-rl_caption=\"\" title=\"\"><img loading=\"lazy\" decoding=\"async\" class=\"wp-image-1755 aligncenter\" src=\"http:\/\/oronsko.org\/wp-content\/uploads\/2019\/08\/1419_npj_crp_web.jpg\" alt=\"\" width=\"665\" height=\"375\" srcset=\"https:\/\/oronsko.org\/wp-content\/uploads\/2019\/08\/1419_npj_crp_web.jpg 980w, https:\/\/oronsko.org\/wp-content\/uploads\/2019\/08\/1419_npj_crp_web-300x169.jpg 300w, https:\/\/oronsko.org\/wp-content\/uploads\/2019\/08\/1419_npj_crp_web-768x433.jpg 768w\" sizes=\"auto, (max-width: 665px) 100vw, 665px\" \/><\/a><\/p>\n","protected":false},"excerpt":{"rendered":"<p>8 wrze\u015bnia 2019 od godz. 12.00 zapraszamy do Oro\u0144ska wszystkich mi\u0142o\u015bnik\u00f3w muzyki fado, wina porto i s\u0142onecznej Portugalii, kt\u00f3rej dedykowana jest kolejna, siedemnasta ju\u017c, edycja \u201eNiespodziewanego Pocz\u0105tku Jesieni\u201d.<\/p>\n","protected":false},"author":2,"featured_media":1755,"comment_status":"open","ping_status":"open","sticky":false,"template":"","format":"standard","meta":{"footnotes":""},"categories":[1],"tags":[],"class_list":["post-1752","post","type-post","status-publish","format-standard","has-post-thumbnail","hentry","category-bez-kategorii"],"yoast_head":"<!-- This site is optimized with the Yoast SEO plugin v26.8 - https:\/\/yoast.com\/product\/yoast-seo-wordpress\/ -->\n<title>PORTUGALIA W ORO\u0143SKU - Stowarzyszenie Odnowy i Rozwoju Gminy Oro\u0144sko<\/title>\n<meta name=\"robots\" content=\"index, follow, max-snippet:-1, max-image-preview:large, max-video-preview:-1\" \/>\n<link rel=\"canonical\" href=\"https:\/\/oronsko.org\/?p=1752\" \/>\n<meta property=\"og:locale\" content=\"pl_PL\" \/>\n<meta property=\"og:type\" content=\"article\" \/>\n<meta property=\"og:title\" content=\"PORTUGALIA W ORO\u0143SKU - Stowarzyszenie Odnowy i Rozwoju Gminy Oro\u0144sko\" \/>\n<meta property=\"og:description\" content=\"8 wrze\u015bnia 2019 od godz. 12.00 zapraszamy do Oro\u0144ska wszystkich mi\u0142o\u015bnik\u00f3w muzyki fado, wina porto i s\u0142onecznej Portugalii, kt\u00f3rej dedykowana jest kolejna, siedemnasta ju\u017c, edycja \u201eNiespodziewanego Pocz\u0105tku Jesieni\u201d.\" \/>\n<meta property=\"og:url\" content=\"https:\/\/oronsko.org\/?p=1752\" \/>\n<meta property=\"og:site_name\" content=\"Stowarzyszenie Odnowy i Rozwoju Gminy Oro\u0144sko\" \/>\n<meta property=\"article:published_time\" content=\"2019-08-22T20:33:47+00:00\" \/>\n<meta property=\"article:modified_time\" content=\"2019-08-23T05:48:41+00:00\" \/>\n<meta property=\"og:image\" content=\"https:\/\/oronsko.org\/wp-content\/uploads\/2019\/08\/1419_npj_crp_web.jpg\" \/>\n\t<meta property=\"og:image:width\" content=\"980\" \/>\n\t<meta property=\"og:image:height\" content=\"552\" \/>\n\t<meta property=\"og:image:type\" content=\"image\/jpeg\" \/>\n<meta name=\"author\" content=\"oronsko\" \/>\n<meta name=\"twitter:card\" content=\"summary_large_image\" \/>\n<meta name=\"twitter:label1\" content=\"Napisane przez\" \/>\n\t<meta name=\"twitter:data1\" content=\"oronsko\" \/>\n\t<meta name=\"twitter:label2\" content=\"Szacowany czas czytania\" \/>\n\t<meta name=\"twitter:data2\" content=\"2 minuty\" \/>\n<script type=\"application\/ld+json\" class=\"yoast-schema-graph\">{\"@context\":\"https:\/\/schema.org\",\"@graph\":[{\"@type\":\"Article\",\"@id\":\"https:\/\/oronsko.org\/?p=1752#article\",\"isPartOf\":{\"@id\":\"https:\/\/oronsko.org\/?p=1752\"},\"author\":{\"name\":\"oronsko\",\"@id\":\"https:\/\/oronsko.org\/#\/schema\/person\/d008aee7ef8cdc6d72c6dddfa0f6fa6a\"},\"headline\":\"PORTUGALIA W ORO\u0143SKU\",\"datePublished\":\"2019-08-22T20:33:47+00:00\",\"dateModified\":\"2019-08-23T05:48:41+00:00\",\"mainEntityOfPage\":{\"@id\":\"https:\/\/oronsko.org\/?p=1752\"},\"wordCount\":458,\"commentCount\":0,\"image\":{\"@id\":\"https:\/\/oronsko.org\/?p=1752#primaryimage\"},\"thumbnailUrl\":\"https:\/\/oronsko.org\/wp-content\/uploads\/2019\/08\/1419_npj_crp_web.jpg\",\"inLanguage\":\"pl-PL\",\"potentialAction\":[{\"@type\":\"CommentAction\",\"name\":\"Comment\",\"target\":[\"https:\/\/oronsko.org\/?p=1752#respond\"]}]},{\"@type\":\"WebPage\",\"@id\":\"https:\/\/oronsko.org\/?p=1752\",\"url\":\"https:\/\/oronsko.org\/?p=1752\",\"name\":\"PORTUGALIA W ORO\u0143SKU - Stowarzyszenie Odnowy i Rozwoju Gminy Oro\u0144sko\",\"isPartOf\":{\"@id\":\"https:\/\/oronsko.org\/#website\"},\"primaryImageOfPage\":{\"@id\":\"https:\/\/oronsko.org\/?p=1752#primaryimage\"},\"image\":{\"@id\":\"https:\/\/oronsko.org\/?p=1752#primaryimage\"},\"thumbnailUrl\":\"https:\/\/oronsko.org\/wp-content\/uploads\/2019\/08\/1419_npj_crp_web.jpg\",\"datePublished\":\"2019-08-22T20:33:47+00:00\",\"dateModified\":\"2019-08-23T05:48:41+00:00\",\"author\":{\"@id\":\"https:\/\/oronsko.org\/#\/schema\/person\/d008aee7ef8cdc6d72c6dddfa0f6fa6a\"},\"breadcrumb\":{\"@id\":\"https:\/\/oronsko.org\/?p=1752#breadcrumb\"},\"inLanguage\":\"pl-PL\",\"potentialAction\":[{\"@type\":\"ReadAction\",\"target\":[\"https:\/\/oronsko.org\/?p=1752\"]}]},{\"@type\":\"ImageObject\",\"inLanguage\":\"pl-PL\",\"@id\":\"https:\/\/oronsko.org\/?p=1752#primaryimage\",\"url\":\"https:\/\/oronsko.org\/wp-content\/uploads\/2019\/08\/1419_npj_crp_web.jpg\",\"contentUrl\":\"https:\/\/oronsko.org\/wp-content\/uploads\/2019\/08\/1419_npj_crp_web.jpg\",\"width\":980,\"height\":552},{\"@type\":\"BreadcrumbList\",\"@id\":\"https:\/\/oronsko.org\/?p=1752#breadcrumb\",\"itemListElement\":[{\"@type\":\"ListItem\",\"position\":1,\"name\":\"Strona g\u0142\u00f3wna\",\"item\":\"https:\/\/oronsko.org\/\"},{\"@type\":\"ListItem\",\"position\":2,\"name\":\"PORTUGALIA W ORO\u0143SKU\"}]},{\"@type\":\"WebSite\",\"@id\":\"https:\/\/oronsko.org\/#website\",\"url\":\"https:\/\/oronsko.org\/\",\"name\":\"Stowarzyszenie Odnowy i Rozwoju Gminy Oro\u0144sko\",\"description\":\"\",\"potentialAction\":[{\"@type\":\"SearchAction\",\"target\":{\"@type\":\"EntryPoint\",\"urlTemplate\":\"https:\/\/oronsko.org\/?s={search_term_string}\"},\"query-input\":{\"@type\":\"PropertyValueSpecification\",\"valueRequired\":true,\"valueName\":\"search_term_string\"}}],\"inLanguage\":\"pl-PL\"},{\"@type\":\"Person\",\"@id\":\"https:\/\/oronsko.org\/#\/schema\/person\/d008aee7ef8cdc6d72c6dddfa0f6fa6a\",\"name\":\"oronsko\",\"image\":{\"@type\":\"ImageObject\",\"inLanguage\":\"pl-PL\",\"@id\":\"https:\/\/oronsko.org\/#\/schema\/person\/image\/\",\"url\":\"https:\/\/secure.gravatar.com\/avatar\/04d4d850872fa512217e3bbde438f64183869a8f4529665ce1917407f81c2c69?s=96&d=mm&r=g\",\"contentUrl\":\"https:\/\/secure.gravatar.com\/avatar\/04d4d850872fa512217e3bbde438f64183869a8f4529665ce1917407f81c2c69?s=96&d=mm&r=g\",\"caption\":\"oronsko\"},\"url\":\"https:\/\/oronsko.org\/?author=2\"}]}<\/script>\n<!-- \/ Yoast SEO plugin. -->","yoast_head_json":{"title":"PORTUGALIA W ORO\u0143SKU - Stowarzyszenie Odnowy i Rozwoju Gminy Oro\u0144sko","robots":{"index":"index","follow":"follow","max-snippet":"max-snippet:-1","max-image-preview":"max-image-preview:large","max-video-preview":"max-video-preview:-1"},"canonical":"https:\/\/oronsko.org\/?p=1752","og_locale":"pl_PL","og_type":"article","og_title":"PORTUGALIA W ORO\u0143SKU - Stowarzyszenie Odnowy i Rozwoju Gminy Oro\u0144sko","og_description":"8 wrze\u015bnia 2019 od godz. 12.00 zapraszamy do Oro\u0144ska wszystkich mi\u0142o\u015bnik\u00f3w muzyki fado, wina porto i s\u0142onecznej Portugalii, kt\u00f3rej dedykowana jest kolejna, siedemnasta ju\u017c, edycja \u201eNiespodziewanego Pocz\u0105tku Jesieni\u201d.","og_url":"https:\/\/oronsko.org\/?p=1752","og_site_name":"Stowarzyszenie Odnowy i Rozwoju Gminy Oro\u0144sko","article_published_time":"2019-08-22T20:33:47+00:00","article_modified_time":"2019-08-23T05:48:41+00:00","og_image":[{"width":980,"height":552,"url":"https:\/\/oronsko.org\/wp-content\/uploads\/2019\/08\/1419_npj_crp_web.jpg","type":"image\/jpeg"}],"author":"oronsko","twitter_card":"summary_large_image","twitter_misc":{"Napisane przez":"oronsko","Szacowany czas czytania":"2 minuty"},"schema":{"@context":"https:\/\/schema.org","@graph":[{"@type":"Article","@id":"https:\/\/oronsko.org\/?p=1752#article","isPartOf":{"@id":"https:\/\/oronsko.org\/?p=1752"},"author":{"name":"oronsko","@id":"https:\/\/oronsko.org\/#\/schema\/person\/d008aee7ef8cdc6d72c6dddfa0f6fa6a"},"headline":"PORTUGALIA W ORO\u0143SKU","datePublished":"2019-08-22T20:33:47+00:00","dateModified":"2019-08-23T05:48:41+00:00","mainEntityOfPage":{"@id":"https:\/\/oronsko.org\/?p=1752"},"wordCount":458,"commentCount":0,"image":{"@id":"https:\/\/oronsko.org\/?p=1752#primaryimage"},"thumbnailUrl":"https:\/\/oronsko.org\/wp-content\/uploads\/2019\/08\/1419_npj_crp_web.jpg","inLanguage":"pl-PL","potentialAction":[{"@type":"CommentAction","name":"Comment","target":["https:\/\/oronsko.org\/?p=1752#respond"]}]},{"@type":"WebPage","@id":"https:\/\/oronsko.org\/?p=1752","url":"https:\/\/oronsko.org\/?p=1752","name":"PORTUGALIA W ORO\u0143SKU - Stowarzyszenie Odnowy i Rozwoju Gminy Oro\u0144sko","isPartOf":{"@id":"https:\/\/oronsko.org\/#website"},"primaryImageOfPage":{"@id":"https:\/\/oronsko.org\/?p=1752#primaryimage"},"image":{"@id":"https:\/\/oronsko.org\/?p=1752#primaryimage"},"thumbnailUrl":"https:\/\/oronsko.org\/wp-content\/uploads\/2019\/08\/1419_npj_crp_web.jpg","datePublished":"2019-08-22T20:33:47+00:00","dateModified":"2019-08-23T05:48:41+00:00","author":{"@id":"https:\/\/oronsko.org\/#\/schema\/person\/d008aee7ef8cdc6d72c6dddfa0f6fa6a"},"breadcrumb":{"@id":"https:\/\/oronsko.org\/?p=1752#breadcrumb"},"inLanguage":"pl-PL","potentialAction":[{"@type":"ReadAction","target":["https:\/\/oronsko.org\/?p=1752"]}]},{"@type":"ImageObject","inLanguage":"pl-PL","@id":"https:\/\/oronsko.org\/?p=1752#primaryimage","url":"https:\/\/oronsko.org\/wp-content\/uploads\/2019\/08\/1419_npj_crp_web.jpg","contentUrl":"https:\/\/oronsko.org\/wp-content\/uploads\/2019\/08\/1419_npj_crp_web.jpg","width":980,"height":552},{"@type":"BreadcrumbList","@id":"https:\/\/oronsko.org\/?p=1752#breadcrumb","itemListElement":[{"@type":"ListItem","position":1,"name":"Strona g\u0142\u00f3wna","item":"https:\/\/oronsko.org\/"},{"@type":"ListItem","position":2,"name":"PORTUGALIA W ORO\u0143SKU"}]},{"@type":"WebSite","@id":"https:\/\/oronsko.org\/#website","url":"https:\/\/oronsko.org\/","name":"Stowarzyszenie Odnowy i Rozwoju Gminy Oro\u0144sko","description":"","potentialAction":[{"@type":"SearchAction","target":{"@type":"EntryPoint","urlTemplate":"https:\/\/oronsko.org\/?s={search_term_string}"},"query-input":{"@type":"PropertyValueSpecification","valueRequired":true,"valueName":"search_term_string"}}],"inLanguage":"pl-PL"},{"@type":"Person","@id":"https:\/\/oronsko.org\/#\/schema\/person\/d008aee7ef8cdc6d72c6dddfa0f6fa6a","name":"oronsko","image":{"@type":"ImageObject","inLanguage":"pl-PL","@id":"https:\/\/oronsko.org\/#\/schema\/person\/image\/","url":"https:\/\/secure.gravatar.com\/avatar\/04d4d850872fa512217e3bbde438f64183869a8f4529665ce1917407f81c2c69?s=96&d=mm&r=g","contentUrl":"https:\/\/secure.gravatar.com\/avatar\/04d4d850872fa512217e3bbde438f64183869a8f4529665ce1917407f81c2c69?s=96&d=mm&r=g","caption":"oronsko"},"url":"https:\/\/oronsko.org\/?author=2"}]}},"_links":{"self":[{"href":"https:\/\/oronsko.org\/index.php?rest_route=\/wp\/v2\/posts\/1752","targetHints":{"allow":["GET"]}}],"collection":[{"href":"https:\/\/oronsko.org\/index.php?rest_route=\/wp\/v2\/posts"}],"about":[{"href":"https:\/\/oronsko.org\/index.php?rest_route=\/wp\/v2\/types\/post"}],"author":[{"embeddable":true,"href":"https:\/\/oronsko.org\/index.php?rest_route=\/wp\/v2\/users\/2"}],"replies":[{"embeddable":true,"href":"https:\/\/oronsko.org\/index.php?rest_route=%2Fwp%2Fv2%2Fcomments&post=1752"}],"version-history":[{"count":2,"href":"https:\/\/oronsko.org\/index.php?rest_route=\/wp\/v2\/posts\/1752\/revisions"}],"predecessor-version":[{"id":1756,"href":"https:\/\/oronsko.org\/index.php?rest_route=\/wp\/v2\/posts\/1752\/revisions\/1756"}],"wp:featuredmedia":[{"embeddable":true,"href":"https:\/\/oronsko.org\/index.php?rest_route=\/wp\/v2\/media\/1755"}],"wp:attachment":[{"href":"https:\/\/oronsko.org\/index.php?rest_route=%2Fwp%2Fv2%2Fmedia&parent=1752"}],"wp:term":[{"taxonomy":"category","embeddable":true,"href":"https:\/\/oronsko.org\/index.php?rest_route=%2Fwp%2Fv2%2Fcategories&post=1752"},{"taxonomy":"post_tag","embeddable":true,"href":"https:\/\/oronsko.org\/index.php?rest_route=%2Fwp%2Fv2%2Ftags&post=1752"}],"curies":[{"name":"wp","href":"https:\/\/api.w.org\/{rel}","templated":true}]}}