{"id":1740,"date":"2019-08-20T22:43:27","date_gmt":"2019-08-20T20:43:27","guid":{"rendered":"http:\/\/oronsko.org\/?p=1740"},"modified":"2019-09-23T11:40:52","modified_gmt":"2019-09-23T09:40:52","slug":"wyscig-kolarski-start-rejestracji","status":"publish","type":"post","link":"https:\/\/oronsko.org\/?p=1740","title":{"rendered":"Wy\u015bcig kolarski \u2013 start rejestracji"},"content":{"rendered":"<p style=\"text-align: justify;\">Stowarzyszenie Odnowy i Rozwoju Gminy Oro\u0144sko zaprasza wszystkich zainteresowanych kolarzy do rejestracji swojego udzia\u0142u w VII Og\u00f3lnopolskim Wy\u015bcigu Kolarskim \u201eO Konar D\u0119bu Czwartaka \u2013 Memoria\u0142 Stanis\u0142awa Che\u0142mi\u0144skiego\u201d. <!--more-->Przypominamy, \u017ce tegoroczna edycja wy\u015bcigu jest obj\u0119ta punktacj\u0105 Polskiego Zwi\u0105zku Kolarskiego w kategorii Masters. Rejestracja jest prowadzona elektronicznie na stronie internetowej <a href=\"http:\/\/www.pomiaryczasu.pl\/\">www.pomiaryczasu.pl<\/a><br \/>\n<strong>Wy\u015bcig odb\u0119dzie si\u0119 22 wrze\u015bnia 2019 roku.<\/strong> Biuro zawod\u00f3w, w kt\u00f3rym b\u0119d\u0105 wydawane numery startowe zostanie uruchomione ju\u017c o godz. 11.00 i b\u0119dzie zlokalizowane w Oro\u0144sku, przy ul. Brandta w bezpo\u015brednim s\u0105siedztwie kompleksu sportowego Oronka. Op\u0142aty startowe nale\u017cy uiszcza\u0107 na konto Stowarzyszenia Odnowy i Rozwoju Gminy Oro\u0144sko podane w regulaminie wy\u015bcigu.<br \/>\nPlanowana impreza sportowa rozpocznie si\u0119 o godz. 13.00 kr\u00f3tk\u0105 cz\u0119\u015bci\u0105 oficjaln\u0105 po\u0142\u0105czon\u0105 ze z\u0142o\u017ceniem wi\u0105zanki kwiat\u00f3w na grobie Stanis\u0142awa Che\u0142mi\u0144skiego \u2013 zawodnika z terenu Gminu Oro\u0144sko, kt\u00f3ry w latach sze\u015b\u0107dziesi\u0105tych ubieg\u0142ego wieku trenowa\u0142 kolarstwo w Klubie \u201eGranat\u201d Skar\u017cysko i zgin\u0105\u0142 tragicznie podczas wy\u015bcigu kolarskiego w roku 1970. W\u00a0organizowanym wydarzeniu licznie zapowiedzieli sw\u00f3j udzia\u0142 zawodnicy trenuj\u0105cych kolarstwo wsp\u00f3lnie ze Stanis\u0142awem Che\u0142mi\u0144skim. Szersze informacje prezentuj\u0105ce sylwetk\u0119 sportow\u0105 tego zawodnika s\u0105 zamieszczone we wcze\u015bniejszych wpisach w dziale aktualno\u015bci. Start wy\u015bcigu planowany jest na godz. 13.30. Klasyfikacja medalowa b\u0119dzie prowadzona w o\u015bmiu kategoriach wiekowych osobno dla kobiet i m\u0119\u017cczyzn. Szczeg\u00f3\u0142owe informacje dotycz\u0105ce wy\u015bcigu (w tym trasa, kategorie wiekowe, dystanse, op\u0142aty startowe) s\u0105 zamieszczone w za\u0142\u0105czonym ni\u017cej regulaminie wy\u015bcigu. Impreza obj\u0119ta jest patronatem sportowym zawodowej grupy kolarskiej CCC Sprandi Polkowice oraz honorowym patronatem Starosty Powiatu Szyd\u0142owieckiego. Po zako\u0144czeniu wy\u015bcigu zawodnicy, kibice i wszyscy go\u015bcie b\u0119d\u0105 mieli mo\u017cliwo\u015b\u0107 degustacji potraw regionalnych.<\/p>\n<p><a href=\"http:\/\/oronsko.org\/wp-content\/uploads\/2019\/08\/62238250_2672981439396698_5317864043019501568_n.jpg\" data-rel=\"lightbox-image-0\" data-rl_title=\"\" data-rl_caption=\"\" title=\"\"><img loading=\"lazy\" decoding=\"async\" class=\"wp-image-1741 aligncenter\" src=\"http:\/\/oronsko.org\/wp-content\/uploads\/2019\/08\/62238250_2672981439396698_5317864043019501568_n.jpg\" alt=\"\" width=\"734\" height=\"279\" srcset=\"https:\/\/oronsko.org\/wp-content\/uploads\/2019\/08\/62238250_2672981439396698_5317864043019501568_n.jpg 960w, https:\/\/oronsko.org\/wp-content\/uploads\/2019\/08\/62238250_2672981439396698_5317864043019501568_n-300x114.jpg 300w, https:\/\/oronsko.org\/wp-content\/uploads\/2019\/08\/62238250_2672981439396698_5317864043019501568_n-768x292.jpg 768w\" sizes=\"auto, (max-width: 734px) 100vw, 734px\" \/><\/a><\/p>\n","protected":false},"excerpt":{"rendered":"<p>Stowarzyszenie Odnowy i Rozwoju Gminy Oro\u0144sko zaprasza wszystkich zainteresowanych kolarzy do rejestracji swojego udzia\u0142u w VII Og\u00f3lnopolskim Wy\u015bcigu Kolarskim \u201eO Konar D\u0119bu Czwartaka \u2013 Memoria\u0142 Stanis\u0142awa Che\u0142mi\u0144skiego\u201d.<\/p>\n","protected":false},"author":2,"featured_media":1741,"comment_status":"open","ping_status":"open","sticky":false,"template":"","format":"standard","meta":{"footnotes":""},"categories":[1],"tags":[],"class_list":["post-1740","post","type-post","status-publish","format-standard","has-post-thumbnail","hentry","category-bez-kategorii"],"yoast_head":"<!-- This site is optimized with the Yoast SEO plugin v26.8 - https:\/\/yoast.com\/product\/yoast-seo-wordpress\/ -->\n<title>Wy\u015bcig kolarski \u2013 start rejestracji - Stowarzyszenie Odnowy i Rozwoju Gminy Oro\u0144sko<\/title>\n<meta name=\"robots\" content=\"index, follow, max-snippet:-1, max-image-preview:large, max-video-preview:-1\" \/>\n<link rel=\"canonical\" href=\"https:\/\/oronsko.org\/?p=1740\" \/>\n<meta property=\"og:locale\" content=\"pl_PL\" \/>\n<meta property=\"og:type\" content=\"article\" \/>\n<meta property=\"og:title\" content=\"Wy\u015bcig kolarski \u2013 start rejestracji - Stowarzyszenie Odnowy i Rozwoju Gminy Oro\u0144sko\" \/>\n<meta property=\"og:description\" content=\"Stowarzyszenie Odnowy i Rozwoju Gminy Oro\u0144sko zaprasza wszystkich zainteresowanych kolarzy do rejestracji swojego udzia\u0142u w VII Og\u00f3lnopolskim Wy\u015bcigu Kolarskim \u201eO Konar D\u0119bu Czwartaka \u2013 Memoria\u0142 Stanis\u0142awa Che\u0142mi\u0144skiego\u201d.\" \/>\n<meta property=\"og:url\" content=\"https:\/\/oronsko.org\/?p=1740\" \/>\n<meta property=\"og:site_name\" content=\"Stowarzyszenie Odnowy i Rozwoju Gminy Oro\u0144sko\" \/>\n<meta property=\"article:published_time\" content=\"2019-08-20T20:43:27+00:00\" \/>\n<meta property=\"article:modified_time\" content=\"2019-09-23T09:40:52+00:00\" \/>\n<meta property=\"og:image\" content=\"https:\/\/oronsko.org\/wp-content\/uploads\/2019\/08\/62238250_2672981439396698_5317864043019501568_n.jpg\" \/>\n\t<meta property=\"og:image:width\" content=\"960\" \/>\n\t<meta property=\"og:image:height\" content=\"365\" \/>\n\t<meta property=\"og:image:type\" content=\"image\/jpeg\" \/>\n<meta name=\"author\" content=\"oronsko\" \/>\n<meta name=\"twitter:card\" content=\"summary_large_image\" \/>\n<meta name=\"twitter:label1\" content=\"Napisane przez\" \/>\n\t<meta name=\"twitter:data1\" content=\"oronsko\" \/>\n\t<meta name=\"twitter:label2\" content=\"Szacowany czas czytania\" \/>\n\t<meta name=\"twitter:data2\" content=\"2 minuty\" \/>\n<script type=\"application\/ld+json\" class=\"yoast-schema-graph\">{\"@context\":\"https:\/\/schema.org\",\"@graph\":[{\"@type\":\"Article\",\"@id\":\"https:\/\/oronsko.org\/?p=1740#article\",\"isPartOf\":{\"@id\":\"https:\/\/oronsko.org\/?p=1740\"},\"author\":{\"name\":\"oronsko\",\"@id\":\"https:\/\/oronsko.org\/#\/schema\/person\/d008aee7ef8cdc6d72c6dddfa0f6fa6a\"},\"headline\":\"Wy\u015bcig kolarski \u2013 start rejestracji\",\"datePublished\":\"2019-08-20T20:43:27+00:00\",\"dateModified\":\"2019-09-23T09:40:52+00:00\",\"mainEntityOfPage\":{\"@id\":\"https:\/\/oronsko.org\/?p=1740\"},\"wordCount\":314,\"commentCount\":0,\"image\":{\"@id\":\"https:\/\/oronsko.org\/?p=1740#primaryimage\"},\"thumbnailUrl\":\"https:\/\/oronsko.org\/wp-content\/uploads\/2019\/08\/62238250_2672981439396698_5317864043019501568_n.jpg\",\"inLanguage\":\"pl-PL\",\"potentialAction\":[{\"@type\":\"CommentAction\",\"name\":\"Comment\",\"target\":[\"https:\/\/oronsko.org\/?p=1740#respond\"]}]},{\"@type\":\"WebPage\",\"@id\":\"https:\/\/oronsko.org\/?p=1740\",\"url\":\"https:\/\/oronsko.org\/?p=1740\",\"name\":\"Wy\u015bcig kolarski \u2013 start rejestracji - Stowarzyszenie Odnowy i Rozwoju Gminy Oro\u0144sko\",\"isPartOf\":{\"@id\":\"https:\/\/oronsko.org\/#website\"},\"primaryImageOfPage\":{\"@id\":\"https:\/\/oronsko.org\/?p=1740#primaryimage\"},\"image\":{\"@id\":\"https:\/\/oronsko.org\/?p=1740#primaryimage\"},\"thumbnailUrl\":\"https:\/\/oronsko.org\/wp-content\/uploads\/2019\/08\/62238250_2672981439396698_5317864043019501568_n.jpg\",\"datePublished\":\"2019-08-20T20:43:27+00:00\",\"dateModified\":\"2019-09-23T09:40:52+00:00\",\"author\":{\"@id\":\"https:\/\/oronsko.org\/#\/schema\/person\/d008aee7ef8cdc6d72c6dddfa0f6fa6a\"},\"breadcrumb\":{\"@id\":\"https:\/\/oronsko.org\/?p=1740#breadcrumb\"},\"inLanguage\":\"pl-PL\",\"potentialAction\":[{\"@type\":\"ReadAction\",\"target\":[\"https:\/\/oronsko.org\/?p=1740\"]}]},{\"@type\":\"ImageObject\",\"inLanguage\":\"pl-PL\",\"@id\":\"https:\/\/oronsko.org\/?p=1740#primaryimage\",\"url\":\"https:\/\/oronsko.org\/wp-content\/uploads\/2019\/08\/62238250_2672981439396698_5317864043019501568_n.jpg\",\"contentUrl\":\"https:\/\/oronsko.org\/wp-content\/uploads\/2019\/08\/62238250_2672981439396698_5317864043019501568_n.jpg\",\"width\":960,\"height\":365},{\"@type\":\"BreadcrumbList\",\"@id\":\"https:\/\/oronsko.org\/?p=1740#breadcrumb\",\"itemListElement\":[{\"@type\":\"ListItem\",\"position\":1,\"name\":\"Strona g\u0142\u00f3wna\",\"item\":\"https:\/\/oronsko.org\/\"},{\"@type\":\"ListItem\",\"position\":2,\"name\":\"Wy\u015bcig kolarski \u2013 start rejestracji\"}]},{\"@type\":\"WebSite\",\"@id\":\"https:\/\/oronsko.org\/#website\",\"url\":\"https:\/\/oronsko.org\/\",\"name\":\"Stowarzyszenie Odnowy i Rozwoju Gminy Oro\u0144sko\",\"description\":\"\",\"potentialAction\":[{\"@type\":\"SearchAction\",\"target\":{\"@type\":\"EntryPoint\",\"urlTemplate\":\"https:\/\/oronsko.org\/?s={search_term_string}\"},\"query-input\":{\"@type\":\"PropertyValueSpecification\",\"valueRequired\":true,\"valueName\":\"search_term_string\"}}],\"inLanguage\":\"pl-PL\"},{\"@type\":\"Person\",\"@id\":\"https:\/\/oronsko.org\/#\/schema\/person\/d008aee7ef8cdc6d72c6dddfa0f6fa6a\",\"name\":\"oronsko\",\"image\":{\"@type\":\"ImageObject\",\"inLanguage\":\"pl-PL\",\"@id\":\"https:\/\/oronsko.org\/#\/schema\/person\/image\/\",\"url\":\"https:\/\/secure.gravatar.com\/avatar\/04d4d850872fa512217e3bbde438f64183869a8f4529665ce1917407f81c2c69?s=96&d=mm&r=g\",\"contentUrl\":\"https:\/\/secure.gravatar.com\/avatar\/04d4d850872fa512217e3bbde438f64183869a8f4529665ce1917407f81c2c69?s=96&d=mm&r=g\",\"caption\":\"oronsko\"},\"url\":\"https:\/\/oronsko.org\/?author=2\"}]}<\/script>\n<!-- \/ Yoast SEO plugin. -->","yoast_head_json":{"title":"Wy\u015bcig kolarski \u2013 start rejestracji - Stowarzyszenie Odnowy i Rozwoju Gminy Oro\u0144sko","robots":{"index":"index","follow":"follow","max-snippet":"max-snippet:-1","max-image-preview":"max-image-preview:large","max-video-preview":"max-video-preview:-1"},"canonical":"https:\/\/oronsko.org\/?p=1740","og_locale":"pl_PL","og_type":"article","og_title":"Wy\u015bcig kolarski \u2013 start rejestracji - Stowarzyszenie Odnowy i Rozwoju Gminy Oro\u0144sko","og_description":"Stowarzyszenie Odnowy i Rozwoju Gminy Oro\u0144sko zaprasza wszystkich zainteresowanych kolarzy do rejestracji swojego udzia\u0142u w VII Og\u00f3lnopolskim Wy\u015bcigu Kolarskim \u201eO Konar D\u0119bu Czwartaka \u2013 Memoria\u0142 Stanis\u0142awa Che\u0142mi\u0144skiego\u201d.","og_url":"https:\/\/oronsko.org\/?p=1740","og_site_name":"Stowarzyszenie Odnowy i Rozwoju Gminy Oro\u0144sko","article_published_time":"2019-08-20T20:43:27+00:00","article_modified_time":"2019-09-23T09:40:52+00:00","og_image":[{"width":960,"height":365,"url":"https:\/\/oronsko.org\/wp-content\/uploads\/2019\/08\/62238250_2672981439396698_5317864043019501568_n.jpg","type":"image\/jpeg"}],"author":"oronsko","twitter_card":"summary_large_image","twitter_misc":{"Napisane przez":"oronsko","Szacowany czas czytania":"2 minuty"},"schema":{"@context":"https:\/\/schema.org","@graph":[{"@type":"Article","@id":"https:\/\/oronsko.org\/?p=1740#article","isPartOf":{"@id":"https:\/\/oronsko.org\/?p=1740"},"author":{"name":"oronsko","@id":"https:\/\/oronsko.org\/#\/schema\/person\/d008aee7ef8cdc6d72c6dddfa0f6fa6a"},"headline":"Wy\u015bcig kolarski \u2013 start rejestracji","datePublished":"2019-08-20T20:43:27+00:00","dateModified":"2019-09-23T09:40:52+00:00","mainEntityOfPage":{"@id":"https:\/\/oronsko.org\/?p=1740"},"wordCount":314,"commentCount":0,"image":{"@id":"https:\/\/oronsko.org\/?p=1740#primaryimage"},"thumbnailUrl":"https:\/\/oronsko.org\/wp-content\/uploads\/2019\/08\/62238250_2672981439396698_5317864043019501568_n.jpg","inLanguage":"pl-PL","potentialAction":[{"@type":"CommentAction","name":"Comment","target":["https:\/\/oronsko.org\/?p=1740#respond"]}]},{"@type":"WebPage","@id":"https:\/\/oronsko.org\/?p=1740","url":"https:\/\/oronsko.org\/?p=1740","name":"Wy\u015bcig kolarski \u2013 start rejestracji - Stowarzyszenie Odnowy i Rozwoju Gminy Oro\u0144sko","isPartOf":{"@id":"https:\/\/oronsko.org\/#website"},"primaryImageOfPage":{"@id":"https:\/\/oronsko.org\/?p=1740#primaryimage"},"image":{"@id":"https:\/\/oronsko.org\/?p=1740#primaryimage"},"thumbnailUrl":"https:\/\/oronsko.org\/wp-content\/uploads\/2019\/08\/62238250_2672981439396698_5317864043019501568_n.jpg","datePublished":"2019-08-20T20:43:27+00:00","dateModified":"2019-09-23T09:40:52+00:00","author":{"@id":"https:\/\/oronsko.org\/#\/schema\/person\/d008aee7ef8cdc6d72c6dddfa0f6fa6a"},"breadcrumb":{"@id":"https:\/\/oronsko.org\/?p=1740#breadcrumb"},"inLanguage":"pl-PL","potentialAction":[{"@type":"ReadAction","target":["https:\/\/oronsko.org\/?p=1740"]}]},{"@type":"ImageObject","inLanguage":"pl-PL","@id":"https:\/\/oronsko.org\/?p=1740#primaryimage","url":"https:\/\/oronsko.org\/wp-content\/uploads\/2019\/08\/62238250_2672981439396698_5317864043019501568_n.jpg","contentUrl":"https:\/\/oronsko.org\/wp-content\/uploads\/2019\/08\/62238250_2672981439396698_5317864043019501568_n.jpg","width":960,"height":365},{"@type":"BreadcrumbList","@id":"https:\/\/oronsko.org\/?p=1740#breadcrumb","itemListElement":[{"@type":"ListItem","position":1,"name":"Strona g\u0142\u00f3wna","item":"https:\/\/oronsko.org\/"},{"@type":"ListItem","position":2,"name":"Wy\u015bcig kolarski \u2013 start rejestracji"}]},{"@type":"WebSite","@id":"https:\/\/oronsko.org\/#website","url":"https:\/\/oronsko.org\/","name":"Stowarzyszenie Odnowy i Rozwoju Gminy Oro\u0144sko","description":"","potentialAction":[{"@type":"SearchAction","target":{"@type":"EntryPoint","urlTemplate":"https:\/\/oronsko.org\/?s={search_term_string}"},"query-input":{"@type":"PropertyValueSpecification","valueRequired":true,"valueName":"search_term_string"}}],"inLanguage":"pl-PL"},{"@type":"Person","@id":"https:\/\/oronsko.org\/#\/schema\/person\/d008aee7ef8cdc6d72c6dddfa0f6fa6a","name":"oronsko","image":{"@type":"ImageObject","inLanguage":"pl-PL","@id":"https:\/\/oronsko.org\/#\/schema\/person\/image\/","url":"https:\/\/secure.gravatar.com\/avatar\/04d4d850872fa512217e3bbde438f64183869a8f4529665ce1917407f81c2c69?s=96&d=mm&r=g","contentUrl":"https:\/\/secure.gravatar.com\/avatar\/04d4d850872fa512217e3bbde438f64183869a8f4529665ce1917407f81c2c69?s=96&d=mm&r=g","caption":"oronsko"},"url":"https:\/\/oronsko.org\/?author=2"}]}},"_links":{"self":[{"href":"https:\/\/oronsko.org\/index.php?rest_route=\/wp\/v2\/posts\/1740","targetHints":{"allow":["GET"]}}],"collection":[{"href":"https:\/\/oronsko.org\/index.php?rest_route=\/wp\/v2\/posts"}],"about":[{"href":"https:\/\/oronsko.org\/index.php?rest_route=\/wp\/v2\/types\/post"}],"author":[{"embeddable":true,"href":"https:\/\/oronsko.org\/index.php?rest_route=\/wp\/v2\/users\/2"}],"replies":[{"embeddable":true,"href":"https:\/\/oronsko.org\/index.php?rest_route=%2Fwp%2Fv2%2Fcomments&post=1740"}],"version-history":[{"count":5,"href":"https:\/\/oronsko.org\/index.php?rest_route=\/wp\/v2\/posts\/1740\/revisions"}],"predecessor-version":[{"id":1817,"href":"https:\/\/oronsko.org\/index.php?rest_route=\/wp\/v2\/posts\/1740\/revisions\/1817"}],"wp:featuredmedia":[{"embeddable":true,"href":"https:\/\/oronsko.org\/index.php?rest_route=\/wp\/v2\/media\/1741"}],"wp:attachment":[{"href":"https:\/\/oronsko.org\/index.php?rest_route=%2Fwp%2Fv2%2Fmedia&parent=1740"}],"wp:term":[{"taxonomy":"category","embeddable":true,"href":"https:\/\/oronsko.org\/index.php?rest_route=%2Fwp%2Fv2%2Fcategories&post=1740"},{"taxonomy":"post_tag","embeddable":true,"href":"https:\/\/oronsko.org\/index.php?rest_route=%2Fwp%2Fv2%2Ftags&post=1740"}],"curies":[{"name":"wp","href":"https:\/\/api.w.org\/{rel}","templated":true}]}}