{"id":1729,"date":"2019-08-13T13:03:29","date_gmt":"2019-08-13T11:03:29","guid":{"rendered":"http:\/\/oronsko.org\/?p=1729"},"modified":"2019-08-13T13:03:29","modified_gmt":"2019-08-13T11:03:29","slug":"koncert-moniuszko-i-jego-czasy","status":"publish","type":"post","link":"https:\/\/oronsko.org\/?p=1729","title":{"rendered":"Koncert \u201eMoniuszko i jego czasy\u201d"},"content":{"rendered":"<p style=\"text-align: justify;\">Rok 2019 zosta\u0142 przez Sejm Rzeczypospolitej Polskiej og\u0142oszony rokiem Stanis\u0142awa Moniuszki. Dwusetna rocznica urodzin tego polskiego kompozytora, to znakomita okazja aby nie tylko przypomnie\u0107 posta\u0107 i dzie\u0142a tego tw\u00f3rcy, ale tak\u017ce o\u017cywi\u0107 polskie \u017cycie kulturalne i\u00a0muzyczne.<!--more--> Z tej okazji w niedziel\u0119 11 sierpnia 2019 roku w ko\u015bciele w Oro\u0144sku odby\u0142 si\u0119 koncert w ramach og\u00f3lnopolskiego projektu autorstwa Roberta Grudnia pt.: <strong>\u201eMoniuszko i\u00a0jego czasy \u2013 zrozumie\u0107 Niepodleg\u0142\u0105\u201d<\/strong>. Podczas koncertu zgromadzona publiczno\u015b\u0107 mog\u0142a wys\u0142ucha\u0107 znane i mniej znane utwory Stanis\u0142awa Moniuszki, w tym utwory patriotyczne i religijne, wykonane przez Sylwi\u0119 Strugi\u0144sk\u0105 \u2013 sopran, przy akompaniamencie organowym Roberta Grudnia. Uzupe\u0142nieniem uczty muzycznej by\u0142y tak\u017ce komentarze Roberta Grudnia, przybli\u017caj\u0105ce \u017cycie i tw\u00f3rczo\u015b\u0107 Stanis\u0142awa Moniuszki, najwybitniejszego przedstawiciela liryki wokalnej w muzyce polskiej XIX w, kt\u00f3ry by\u0142 tw\u00f3rc\u0105 polskiej opery narodowej i liryki pie\u015bniarskiej. Studiowa\u0142 w Berlinie, a od 1840 r. by\u0142 organist\u0105 w Wilnie, za\u015b w 1858 r. zosta\u0142 dyrygentem, dyrektorem opery i nauczycielem w Instytucie Muzycznym w Warszawie.<br \/>\nAutorski projekt Roberta Grudnia <strong>\u201eMoniuszko i jego czasy\u201d<\/strong>, podobnie jak tw\u00f3rczo\u015b\u0107 wielkiego polskiego kompozytora \u0142\u0105czy patriotyzm ze sztuk\u0105. To wydarzenie odbywa si\u0119 w ramach XXXII Mi\u0119dzynarodowego Festiwalu Muzyki Organowej i Kameralnej Radom-Oro\u0144sko-Warszawa 2019. Projekt to cykl koncert\u00f3w oraz spektakli s\u0142owno-muzycznych, z udzia\u0142em m.in.: m. in. Jerzego Zelnika, Wojciecha Treli, Konstantego Andrzeja Kulki, Georgija Agratiny, Roberta Grudnia, Tamary Remez, Dominika Sutowicza oraz solist\u00f3w oper i teatr\u00f3w muzycznych z \u0141odzi, Lublina, Wroc\u0142awia oraz Warszawy. Obejmuje on tak\u017ce koncertowe wykonania oper Stanis\u0142awa Moniuszki, pie\u015bni, ale tak\u017ce \u201eDziad\u00f3w\u201d Adama Mickiewicza. Projekt opiera si\u0119 nie tylko na muzyce wielkiego polskiego kompozytora, dyrygenta, organisty, dyrektora opery warszawskiej &#8211; ale ukazuje tak\u017ce realia czas\u00f3w, w kt\u00f3rych \u017cy\u0142 i tworzy\u0142, dlatego b\u0119d\u0105 te\u017c wydarzenia towarzysz\u0105ce pokazuj\u0105ce \u00f3wczesn\u0105 mod\u0119, obyczaje czy wystr\u00f3j wn\u0119trz. By\u0142y to bardzo ci\u0119\u017ckie dekady uporczywego wynarodowiania przez rosyjskiego zaborc\u0119 mi\u0119dzy powstaniami listopadowym i styczniowym i bezpo\u015brednio po nim. Stanis\u0142aw Moniuszko obok Fryderyka Chopina to najwi\u0119kszy polski kompozytor, tw\u00f3rca opery narodowej i liryki pie\u015bniarskiej. Bywa nazywany Mickiewiczem polskiej muzyki. Moniuszko dba\u0142 \u2013 podobnie jak Fryderyk Chopin \u2013 by muzyka polska powstawa\u0142a w oparciu o g\u0142\u0119bokie narodowe korzenie, tworz\u0105c prawie 300 pie\u015bni zebranych w \u015bpiewnikach domowych \u2013 zabiega\u0142 o rozw\u00f3j kultury muzycznej w polskich rodzinach. Pie\u015bni te by\u0142y \u015bpiewane zar\u00f3wno przy fortepianie w salonach ziemia\u0144skich jak i domach mieszcza\u0144skich czy wreszcie na wsiach. Tworz\u0105c Towarzystwo Muzyczne im. \u015aw. Cecylii w Wilnie postara\u0142 si\u0119 nie tylko o rozw\u00f3j muzyki sakralnej, ale tak\u017ce popularyzacj\u0119 muzyki klasycznej. Stanis\u0142aw Moniuszko to oddany patriota. Jak sam podkre\u015bla\u0142 pierwsz\u0105 edukacj\u0119 muzyczn\u0105 odebra\u0142 w domu, gdzie matka bardzo cz\u0119sto nuci\u0142a \u201e\u015apiewy Historyczne\u201d Juliana Ursyna Niemcewicza. Jako dojrza\u0142y tw\u00f3rca pisa\u0142 muzyk\u0119 do wierszy Adama Mickiewicza i w ten spos\u00f3b popularyzuj\u0105c poezj\u0119 wieszcza narodowego. Przed powstaniem styczniowym, Stanis\u0142aw Moniuszko wprawdzie formalnie pozostawa\u0142 dyrektorem opery, ale gra\u0142 na organach wy\u0142\u0105cznie w ko\u015bcio\u0142ach, organizowa\u0142 tam akcje na cele charytatywne, bra\u0142 czynny udzia\u0142 w procesjach i manifestacjach poprzedzaj\u0105cych powstanie a jedn\u0105 z nich w Warszawie nawet poprowadzi\u0142.<br \/>\nMoniuszko to tak\u017ce tw\u00f3rca polskiej opery narodowej. Jego \u201eHalka\u201d i \u201eStraszny Dw\u00f3r\u201d s\u0105 uwa\u017cane za najwa\u017cniejsze polskie dzie\u0142a tego gatunku, nios\u0105ce w sobie ogromny \u0142adunek uczu\u0107 patriotycznych, kt\u00f3re w czasach niewoli narodowej podnosi\u0142y na duchu, a dla obywateli \u017cyj\u0105cych w wolnym kraju s\u0105 wa\u017cn\u0105 cz\u0119\u015bci\u0105 kultury narodowej. Szczeg\u00f3lnie to drugie dzie\u0142o od chwili premiery sta\u0142o si\u0119 manifestacj\u0105 uczu\u0107 narodowych, co spowodowa\u0142o zakaz kolejnych spektakli (Straszny Dw\u00f3r by\u0142 grany we Lwowie). Warto te\u017c doda\u0107, \u017ce jedna z pie\u015bni sakralnych rozpocz\u0119\u0142a uroczysto\u015bci ods\u0142oni\u0119cia pomnika pi\u0119ciu poleg\u0142ych patriot\u00f3w w pierwszej manifestacji przed powstaniem styczniowym, a mia\u0142o to miejsce w 1915 roku. To wszystko pokazuje, \u017ce tw\u00f3rczo\u015b\u0107 Stanis\u0142awa Moniuszki przenikni\u0119ta g\u0142\u0119bokim patriotyzmem by\u0142a i jest bliska Polakom kolejnych pokole\u0144. Dlatego projekt Roberta Grudnia \u201eMoniuszko i jego czasy\u201d nie ogranicza si\u0119 do prezentacji tw\u00f3rczo\u015bci wybitnego artysty, ale odwo\u0142uje si\u0119 do p\u00f3\u017aniejszych wydarze\u0144 i rocznic. Chodzi o przypadaj\u0105c\u0105 w tym roku 80. rocznic\u0119 wybuchu drugiej wojny \u015bwiatowej czy 40. rocznic\u0119 pierwszej wizyty papie\u017ca Polaka w Ojczy\u017anie, czyli r\u00f3wnie\u017c czasy gdy potrzeba by\u0142o si\u0142y do podtrzymania ducha narodowego trwania w polsko\u015bci. Projekt Roberta Grudnia \u201eMoniuszko i jego czasy\u201d to tak\u017ce nawi\u0105zanie do wielkiej akcji popularyzatorskiej, podj\u0119tej przez \u015bwiatowej s\u0142awy \u015bpiewaczk\u0119 Mari\u0119 Fo\u0142tyn, kt\u00f3ra od lat 80. przez festiwal, konkursy i koncerty promowa\u0142a tw\u00f3rczo\u015b\u0107 wielkiego kompozytora na ca\u0142ym \u015bwiecie.<\/p>\n<p style=\"text-align: justify;\">W ramach projektu odb\u0119dzie si\u0119 jeszcze kilkana\u015bcie koncert\u00f3w, a terminy wybranych koncert\u00f3w przedstawiono poni\u017cej.<\/p>\n<ul>\n<li>08.2019 Trablice \/Pelag\u00f3w\/, Ko\u015bci\u00f3\u0142 MB Cz\u0119stochowskiej, godz.11.00<\/li>\n<li>08.2019 Wierzbica, ko\u015bci\u00f3\u0142 pw. \u015bw. Stanis\u0142awa Bp M\u0119czennika, niedziela, godz.13.00<\/li>\n<li>09 Jedli\u0144sk, ko\u015bci\u00f3\u0142 pw. \u015bw. Piotra i Paw\u0142a, niedziela, godz.16.00<\/li>\n<li>09.2019 Szyd\u0142owiec, Zamek, 450 lat Unii Lubelskiej<\/li>\n<\/ul>\n<p style=\"text-align: justify;\">Z harmonogramem wszystkich koncert\u00f3w mo\u017cna zapozna\u0107 si\u0119 na afiszu prezentowanym w\u00a0za\u0142\u0105czeniu. Zapraszamy tak\u017ce do obejrzenia galerii zdj\u0119\u0107 z koncertu w Oro\u0144sku.<\/p>\n<p><span style=\"color: #00ffff;\"><strong><span style=\"font-size: 18pt;\"><a style=\"color: #00ffff;\" href=\"http:\/\/oronsko.org\/wp-content\/uploads\/2019\/08\/terminarz-koncertow.pdf\">Terminarz Koncert\u00f3w<\/a><\/span><\/strong><\/span><\/p>\n<p><span style=\"color: #00ffff;\"><strong><span style=\"font-size: 18pt;\"><a style=\"color: #00ffff;\" href=\"http:\/\/oronsko.org\/?page_id=17&amp;album=3&amp;gallery=108\">Galeria<\/a><\/span><\/strong><\/span><\/p>\n<p><a href=\"http:\/\/oronsko.org\/wp-content\/uploads\/2019\/08\/DSC_8586.jpg\" data-rel=\"lightbox-image-0\" data-rl_title=\"\" data-rl_caption=\"\" title=\"\"><img loading=\"lazy\" decoding=\"async\" class=\"wp-image-1731 aligncenter\" src=\"http:\/\/oronsko.org\/wp-content\/uploads\/2019\/08\/DSC_8586-1024x680.jpg\" alt=\"\" width=\"685\" height=\"455\" srcset=\"https:\/\/oronsko.org\/wp-content\/uploads\/2019\/08\/DSC_8586-1024x680.jpg 1024w, https:\/\/oronsko.org\/wp-content\/uploads\/2019\/08\/DSC_8586-300x199.jpg 300w, https:\/\/oronsko.org\/wp-content\/uploads\/2019\/08\/DSC_8586-768x510.jpg 768w, https:\/\/oronsko.org\/wp-content\/uploads\/2019\/08\/DSC_8586-220x145.jpg 220w\" sizes=\"auto, (max-width: 685px) 100vw, 685px\" \/><\/a><\/p>\n","protected":false},"excerpt":{"rendered":"<p>Rok 2019 zosta\u0142 przez Sejm Rzeczypospolitej Polskiej og\u0142oszony rokiem Stanis\u0142awa Moniuszki. Dwusetna rocznica urodzin tego polskiego kompozytora, to znakomita okazja aby nie tylko przypomnie\u0107 posta\u0107 i dzie\u0142a tego tw\u00f3rcy, ale tak\u017ce o\u017cywi\u0107 polskie \u017cycie kulturalne i\u00a0muzyczne.<\/p>\n","protected":false},"author":2,"featured_media":1731,"comment_status":"open","ping_status":"open","sticky":false,"template":"","format":"standard","meta":{"footnotes":""},"categories":[1],"tags":[],"class_list":["post-1729","post","type-post","status-publish","format-standard","has-post-thumbnail","hentry","category-bez-kategorii"],"yoast_head":"<!-- This site is optimized with the Yoast SEO plugin v26.8 - https:\/\/yoast.com\/product\/yoast-seo-wordpress\/ -->\n<title>Koncert \u201eMoniuszko i jego czasy\u201d - Stowarzyszenie Odnowy i Rozwoju Gminy Oro\u0144sko<\/title>\n<meta name=\"robots\" content=\"index, follow, max-snippet:-1, max-image-preview:large, max-video-preview:-1\" \/>\n<link rel=\"canonical\" href=\"https:\/\/oronsko.org\/?p=1729\" \/>\n<meta property=\"og:locale\" content=\"pl_PL\" \/>\n<meta property=\"og:type\" content=\"article\" \/>\n<meta property=\"og:title\" content=\"Koncert \u201eMoniuszko i jego czasy\u201d - Stowarzyszenie Odnowy i Rozwoju Gminy Oro\u0144sko\" \/>\n<meta property=\"og:description\" content=\"Rok 2019 zosta\u0142 przez Sejm Rzeczypospolitej Polskiej og\u0142oszony rokiem Stanis\u0142awa Moniuszki. Dwusetna rocznica urodzin tego polskiego kompozytora, to znakomita okazja aby nie tylko przypomnie\u0107 posta\u0107 i dzie\u0142a tego tw\u00f3rcy, ale tak\u017ce o\u017cywi\u0107 polskie \u017cycie kulturalne i\u00a0muzyczne.\" \/>\n<meta property=\"og:url\" content=\"https:\/\/oronsko.org\/?p=1729\" \/>\n<meta property=\"og:site_name\" content=\"Stowarzyszenie Odnowy i Rozwoju Gminy Oro\u0144sko\" \/>\n<meta property=\"article:published_time\" content=\"2019-08-13T11:03:29+00:00\" \/>\n<meta property=\"og:image\" content=\"https:\/\/oronsko.org\/wp-content\/uploads\/2019\/08\/DSC_8586-1024x680.jpg\" \/>\n\t<meta property=\"og:image:width\" content=\"1024\" \/>\n\t<meta property=\"og:image:height\" content=\"680\" \/>\n\t<meta property=\"og:image:type\" content=\"image\/jpeg\" \/>\n<meta name=\"author\" content=\"oronsko\" \/>\n<meta name=\"twitter:card\" content=\"summary_large_image\" \/>\n<meta name=\"twitter:label1\" content=\"Napisane przez\" \/>\n\t<meta name=\"twitter:data1\" content=\"oronsko\" \/>\n\t<meta name=\"twitter:label2\" content=\"Szacowany czas czytania\" \/>\n\t<meta name=\"twitter:data2\" content=\"4 minuty\" \/>\n<script type=\"application\/ld+json\" class=\"yoast-schema-graph\">{\"@context\":\"https:\/\/schema.org\",\"@graph\":[{\"@type\":\"Article\",\"@id\":\"https:\/\/oronsko.org\/?p=1729#article\",\"isPartOf\":{\"@id\":\"https:\/\/oronsko.org\/?p=1729\"},\"author\":{\"name\":\"oronsko\",\"@id\":\"https:\/\/oronsko.org\/#\/schema\/person\/d008aee7ef8cdc6d72c6dddfa0f6fa6a\"},\"headline\":\"Koncert \u201eMoniuszko i jego czasy\u201d\",\"datePublished\":\"2019-08-13T11:03:29+00:00\",\"mainEntityOfPage\":{\"@id\":\"https:\/\/oronsko.org\/?p=1729\"},\"wordCount\":894,\"commentCount\":0,\"image\":{\"@id\":\"https:\/\/oronsko.org\/?p=1729#primaryimage\"},\"thumbnailUrl\":\"https:\/\/oronsko.org\/wp-content\/uploads\/2019\/08\/DSC_8586.jpg\",\"inLanguage\":\"pl-PL\",\"potentialAction\":[{\"@type\":\"CommentAction\",\"name\":\"Comment\",\"target\":[\"https:\/\/oronsko.org\/?p=1729#respond\"]}]},{\"@type\":\"WebPage\",\"@id\":\"https:\/\/oronsko.org\/?p=1729\",\"url\":\"https:\/\/oronsko.org\/?p=1729\",\"name\":\"Koncert \u201eMoniuszko i jego czasy\u201d - Stowarzyszenie Odnowy i Rozwoju Gminy Oro\u0144sko\",\"isPartOf\":{\"@id\":\"https:\/\/oronsko.org\/#website\"},\"primaryImageOfPage\":{\"@id\":\"https:\/\/oronsko.org\/?p=1729#primaryimage\"},\"image\":{\"@id\":\"https:\/\/oronsko.org\/?p=1729#primaryimage\"},\"thumbnailUrl\":\"https:\/\/oronsko.org\/wp-content\/uploads\/2019\/08\/DSC_8586.jpg\",\"datePublished\":\"2019-08-13T11:03:29+00:00\",\"author\":{\"@id\":\"https:\/\/oronsko.org\/#\/schema\/person\/d008aee7ef8cdc6d72c6dddfa0f6fa6a\"},\"breadcrumb\":{\"@id\":\"https:\/\/oronsko.org\/?p=1729#breadcrumb\"},\"inLanguage\":\"pl-PL\",\"potentialAction\":[{\"@type\":\"ReadAction\",\"target\":[\"https:\/\/oronsko.org\/?p=1729\"]}]},{\"@type\":\"ImageObject\",\"inLanguage\":\"pl-PL\",\"@id\":\"https:\/\/oronsko.org\/?p=1729#primaryimage\",\"url\":\"https:\/\/oronsko.org\/wp-content\/uploads\/2019\/08\/DSC_8586.jpg\",\"contentUrl\":\"https:\/\/oronsko.org\/wp-content\/uploads\/2019\/08\/DSC_8586.jpg\",\"width\":3216,\"height\":2136},{\"@type\":\"BreadcrumbList\",\"@id\":\"https:\/\/oronsko.org\/?p=1729#breadcrumb\",\"itemListElement\":[{\"@type\":\"ListItem\",\"position\":1,\"name\":\"Strona g\u0142\u00f3wna\",\"item\":\"https:\/\/oronsko.org\/\"},{\"@type\":\"ListItem\",\"position\":2,\"name\":\"Koncert \u201eMoniuszko i jego czasy\u201d\"}]},{\"@type\":\"WebSite\",\"@id\":\"https:\/\/oronsko.org\/#website\",\"url\":\"https:\/\/oronsko.org\/\",\"name\":\"Stowarzyszenie Odnowy i Rozwoju Gminy Oro\u0144sko\",\"description\":\"\",\"potentialAction\":[{\"@type\":\"SearchAction\",\"target\":{\"@type\":\"EntryPoint\",\"urlTemplate\":\"https:\/\/oronsko.org\/?s={search_term_string}\"},\"query-input\":{\"@type\":\"PropertyValueSpecification\",\"valueRequired\":true,\"valueName\":\"search_term_string\"}}],\"inLanguage\":\"pl-PL\"},{\"@type\":\"Person\",\"@id\":\"https:\/\/oronsko.org\/#\/schema\/person\/d008aee7ef8cdc6d72c6dddfa0f6fa6a\",\"name\":\"oronsko\",\"image\":{\"@type\":\"ImageObject\",\"inLanguage\":\"pl-PL\",\"@id\":\"https:\/\/oronsko.org\/#\/schema\/person\/image\/\",\"url\":\"https:\/\/secure.gravatar.com\/avatar\/04d4d850872fa512217e3bbde438f64183869a8f4529665ce1917407f81c2c69?s=96&d=mm&r=g\",\"contentUrl\":\"https:\/\/secure.gravatar.com\/avatar\/04d4d850872fa512217e3bbde438f64183869a8f4529665ce1917407f81c2c69?s=96&d=mm&r=g\",\"caption\":\"oronsko\"},\"url\":\"https:\/\/oronsko.org\/?author=2\"}]}<\/script>\n<!-- \/ Yoast SEO plugin. -->","yoast_head_json":{"title":"Koncert \u201eMoniuszko i jego czasy\u201d - Stowarzyszenie Odnowy i Rozwoju Gminy Oro\u0144sko","robots":{"index":"index","follow":"follow","max-snippet":"max-snippet:-1","max-image-preview":"max-image-preview:large","max-video-preview":"max-video-preview:-1"},"canonical":"https:\/\/oronsko.org\/?p=1729","og_locale":"pl_PL","og_type":"article","og_title":"Koncert \u201eMoniuszko i jego czasy\u201d - Stowarzyszenie Odnowy i Rozwoju Gminy Oro\u0144sko","og_description":"Rok 2019 zosta\u0142 przez Sejm Rzeczypospolitej Polskiej og\u0142oszony rokiem Stanis\u0142awa Moniuszki. Dwusetna rocznica urodzin tego polskiego kompozytora, to znakomita okazja aby nie tylko przypomnie\u0107 posta\u0107 i dzie\u0142a tego tw\u00f3rcy, ale tak\u017ce o\u017cywi\u0107 polskie \u017cycie kulturalne i\u00a0muzyczne.","og_url":"https:\/\/oronsko.org\/?p=1729","og_site_name":"Stowarzyszenie Odnowy i Rozwoju Gminy Oro\u0144sko","article_published_time":"2019-08-13T11:03:29+00:00","og_image":[{"width":1024,"height":680,"url":"https:\/\/oronsko.org\/wp-content\/uploads\/2019\/08\/DSC_8586-1024x680.jpg","type":"image\/jpeg"}],"author":"oronsko","twitter_card":"summary_large_image","twitter_misc":{"Napisane przez":"oronsko","Szacowany czas czytania":"4 minuty"},"schema":{"@context":"https:\/\/schema.org","@graph":[{"@type":"Article","@id":"https:\/\/oronsko.org\/?p=1729#article","isPartOf":{"@id":"https:\/\/oronsko.org\/?p=1729"},"author":{"name":"oronsko","@id":"https:\/\/oronsko.org\/#\/schema\/person\/d008aee7ef8cdc6d72c6dddfa0f6fa6a"},"headline":"Koncert \u201eMoniuszko i jego czasy\u201d","datePublished":"2019-08-13T11:03:29+00:00","mainEntityOfPage":{"@id":"https:\/\/oronsko.org\/?p=1729"},"wordCount":894,"commentCount":0,"image":{"@id":"https:\/\/oronsko.org\/?p=1729#primaryimage"},"thumbnailUrl":"https:\/\/oronsko.org\/wp-content\/uploads\/2019\/08\/DSC_8586.jpg","inLanguage":"pl-PL","potentialAction":[{"@type":"CommentAction","name":"Comment","target":["https:\/\/oronsko.org\/?p=1729#respond"]}]},{"@type":"WebPage","@id":"https:\/\/oronsko.org\/?p=1729","url":"https:\/\/oronsko.org\/?p=1729","name":"Koncert \u201eMoniuszko i jego czasy\u201d - Stowarzyszenie Odnowy i Rozwoju Gminy Oro\u0144sko","isPartOf":{"@id":"https:\/\/oronsko.org\/#website"},"primaryImageOfPage":{"@id":"https:\/\/oronsko.org\/?p=1729#primaryimage"},"image":{"@id":"https:\/\/oronsko.org\/?p=1729#primaryimage"},"thumbnailUrl":"https:\/\/oronsko.org\/wp-content\/uploads\/2019\/08\/DSC_8586.jpg","datePublished":"2019-08-13T11:03:29+00:00","author":{"@id":"https:\/\/oronsko.org\/#\/schema\/person\/d008aee7ef8cdc6d72c6dddfa0f6fa6a"},"breadcrumb":{"@id":"https:\/\/oronsko.org\/?p=1729#breadcrumb"},"inLanguage":"pl-PL","potentialAction":[{"@type":"ReadAction","target":["https:\/\/oronsko.org\/?p=1729"]}]},{"@type":"ImageObject","inLanguage":"pl-PL","@id":"https:\/\/oronsko.org\/?p=1729#primaryimage","url":"https:\/\/oronsko.org\/wp-content\/uploads\/2019\/08\/DSC_8586.jpg","contentUrl":"https:\/\/oronsko.org\/wp-content\/uploads\/2019\/08\/DSC_8586.jpg","width":3216,"height":2136},{"@type":"BreadcrumbList","@id":"https:\/\/oronsko.org\/?p=1729#breadcrumb","itemListElement":[{"@type":"ListItem","position":1,"name":"Strona g\u0142\u00f3wna","item":"https:\/\/oronsko.org\/"},{"@type":"ListItem","position":2,"name":"Koncert \u201eMoniuszko i jego czasy\u201d"}]},{"@type":"WebSite","@id":"https:\/\/oronsko.org\/#website","url":"https:\/\/oronsko.org\/","name":"Stowarzyszenie Odnowy i Rozwoju Gminy Oro\u0144sko","description":"","potentialAction":[{"@type":"SearchAction","target":{"@type":"EntryPoint","urlTemplate":"https:\/\/oronsko.org\/?s={search_term_string}"},"query-input":{"@type":"PropertyValueSpecification","valueRequired":true,"valueName":"search_term_string"}}],"inLanguage":"pl-PL"},{"@type":"Person","@id":"https:\/\/oronsko.org\/#\/schema\/person\/d008aee7ef8cdc6d72c6dddfa0f6fa6a","name":"oronsko","image":{"@type":"ImageObject","inLanguage":"pl-PL","@id":"https:\/\/oronsko.org\/#\/schema\/person\/image\/","url":"https:\/\/secure.gravatar.com\/avatar\/04d4d850872fa512217e3bbde438f64183869a8f4529665ce1917407f81c2c69?s=96&d=mm&r=g","contentUrl":"https:\/\/secure.gravatar.com\/avatar\/04d4d850872fa512217e3bbde438f64183869a8f4529665ce1917407f81c2c69?s=96&d=mm&r=g","caption":"oronsko"},"url":"https:\/\/oronsko.org\/?author=2"}]}},"_links":{"self":[{"href":"https:\/\/oronsko.org\/index.php?rest_route=\/wp\/v2\/posts\/1729","targetHints":{"allow":["GET"]}}],"collection":[{"href":"https:\/\/oronsko.org\/index.php?rest_route=\/wp\/v2\/posts"}],"about":[{"href":"https:\/\/oronsko.org\/index.php?rest_route=\/wp\/v2\/types\/post"}],"author":[{"embeddable":true,"href":"https:\/\/oronsko.org\/index.php?rest_route=\/wp\/v2\/users\/2"}],"replies":[{"embeddable":true,"href":"https:\/\/oronsko.org\/index.php?rest_route=%2Fwp%2Fv2%2Fcomments&post=1729"}],"version-history":[{"count":1,"href":"https:\/\/oronsko.org\/index.php?rest_route=\/wp\/v2\/posts\/1729\/revisions"}],"predecessor-version":[{"id":1732,"href":"https:\/\/oronsko.org\/index.php?rest_route=\/wp\/v2\/posts\/1729\/revisions\/1732"}],"wp:featuredmedia":[{"embeddable":true,"href":"https:\/\/oronsko.org\/index.php?rest_route=\/wp\/v2\/media\/1731"}],"wp:attachment":[{"href":"https:\/\/oronsko.org\/index.php?rest_route=%2Fwp%2Fv2%2Fmedia&parent=1729"}],"wp:term":[{"taxonomy":"category","embeddable":true,"href":"https:\/\/oronsko.org\/index.php?rest_route=%2Fwp%2Fv2%2Fcategories&post=1729"},{"taxonomy":"post_tag","embeddable":true,"href":"https:\/\/oronsko.org\/index.php?rest_route=%2Fwp%2Fv2%2Ftags&post=1729"}],"curies":[{"name":"wp","href":"https:\/\/api.w.org\/{rel}","templated":true}]}}