{"id":1724,"date":"2019-08-12T11:01:45","date_gmt":"2019-08-12T09:01:45","guid":{"rendered":"http:\/\/oronsko.org\/?p=1724"},"modified":"2019-09-23T11:42:06","modified_gmt":"2019-09-23T09:42:06","slug":"wyscig-kolarski-i-memorial","status":"publish","type":"post","link":"https:\/\/oronsko.org\/?p=1724","title":{"rendered":"Wy\u015bcig kolarski i memoria\u0142"},"content":{"rendered":"<p style=\"text-align: justify;\">Stowarzyszenie Odnowy i Rozwoju Gminy Oro\u0144sku zaprasza do udzia\u0142u w VII Og\u00f3lnopolskim Wy\u015bcigu Kolarskim \u201eO Konar D\u0119bu Czwartaka\u201d, kt\u00f3ry odb\u0119dzie si\u0119 22 wrze\u015bnia 2019 roku.<!--more--> Wymieniona impreza, o rozpoznawalnej ju\u017c og\u00f3lnopolskiej marce, jest organizowana pod patronatem sportowym zawodowej grupy kolarskiej CCC Sprandi Polkowice i jest obj\u0119ta klasyfikacj\u0105 punktow\u0105 Sekcji Masters Polskiego Zwi\u0105zku Kolarskiego. Trasa w postaci p\u0119tli b\u0119dzie przebiega\u0107 drogami asfaltowymi przez nast\u0119puj\u0105ce miejscowo\u015bci: Oro\u0144sko, \u0141aziska, Ciep\u0142a, \u015awini\u00f3w, Zdziech\u00f3w Kolonia, Chustki, Wa\u0142sn\u00f3w, Dobrut, Oro\u0144sko. Jednocze\u015bnie organizatorzy informuj\u0105, i\u017c w dniu wy\u015bcigu w godzinach od 13.30 do 17.30 wyst\u0105pi\u0105 utrudnienia zwi\u0105zane z zamkni\u0119ciem dr\u00f3g publicznych dla ruchu ko\u0142owego. Po zako\u0144czeniu wy\u015bcigu odb\u0119dzie si\u0119 ceremonia medalowa, podczas kt\u00f3rej planowane jest wr\u0119czanie trofe\u00f3w przez Piotra Bro\u017cyn\u0119 \u2013 utytu\u0142owanego zawodnika grupy CCC. Po zako\u0144czeniu wy\u015bcigu kolarze oraz kibice b\u0119d\u0105 mogli degustowa\u0107 potrawy regionalne, kt\u00f3re b\u0119d\u0105 promowane na stoiskach przygotowanych przez organizacje pozarz\u0105dowe z terenu powiatu szyd\u0142owieckiego.<br \/>\nTegoroczna edycja wy\u015bcigu jest po\u0142\u0105czona z Memoria\u0142em Stanis\u0142awa Che\u0142mi\u0144skiego, zawodnika z naszej gminy, kt\u00f3ry trenowa\u0142 kolarstwo w\u00a0klubie \u201eGranat\u201d Skar\u017cysko. Stanis\u0142aw Che\u0142mi\u0144ski urodzi\u0142 si\u0119 23 sierpnia 1945 roku w B\u0105kowie (powiat szyd\u0142owiecki, Gmina Oro\u0144sko), jako syn W\u0142adys\u0142awy i Antoniego Che\u0142mi\u0144skich. Zatrudniony by\u0142 w Zak\u0142adach Metalowych MESKO w Skar\u017cysku Kamiennej. Niemniej jego g\u0142\u00f3wnym zaj\u0119ciem by\u0142y treningi sportowe w sekcji kolarskiej. Zgodnie z danymi zawartymi w zachowanej ksi\u0105\u017ceczce sportowo-lekarskiej zawodnika, wydanej przez Polski Zwi\u0105zek Kolarski kolarstwo uprawia\u0142 od 1964 roku. Stanis\u0142aw Che\u0142mi\u0144ski po raz ostatni stan\u0105\u0142 na starcie 27 wrze\u015bnia 1970 roku w\u00a0Warszawie w wy\u015bcigu o puchar przewodnicz\u0105cego Prezydium Sto\u0142ecznej Rady Narodowej, zorganizowanym przez AKS \u201eSarmata\u201d z Warszawy. Od startu znajdowa\u0142 si\u0119 w czo\u0142\u00f3wce i mia\u0142 szans\u0119 na zaj\u0119cie dobrego miejsca, a nawet zdobycia pucharu. Na przeszkodzie stan\u0105\u0142 wypadek, kt\u00f3ry nast\u0105pi\u0142 w miejscowo\u015bci Gr\u0105dy (powiat pruszkowski) w wyniku potr\u0105cenia Che\u0142mi\u0144skiego przez m\u0119\u017cczyzn\u0119 znajduj\u0105cego si\u0119 pod wp\u0142ywem alkoholu. Niestety pomoc medyczna, w tym operacja g\u0142owy nie pozwoli\u0142a na uratowanie zawodnika. Zmar\u0142 maj\u0105c jedynie 25 lat i zosta\u0142 pochowany na cmentarzu w Oro\u0144sku w dniu 29 wrze\u015bnia 1970 roku. W latach siedemdziesi\u0105tych ubieg\u0142ego wieku klub \u201eGranat\u201d Skar\u017cysko zorganizowa\u0142 kilka edycji wy\u015bcig\u00f3w memoria\u0142owych. Jednak reorganizacja klubu sportowego \u201eGranat\u201d, prowadz\u0105ca do likwidacji sekcji kolarskiej, a tak\u017ce reforma administracyjna kraju spowodowa\u0142a wycofanie si\u0119 organizator\u00f3w z przygotowywania memoria\u0142u. Tradycj\u0119 t\u0119 reaktywowa\u0142o w tym roku Stowarzyszenie Odnowy i Rozwoju Gminy Oro\u0144sko<\/p>\n<p><a href=\"http:\/\/oronsko.org\/wp-content\/uploads\/2019\/08\/Bez-tytulu.png\" data-rel=\"lightbox-image-0\" data-rl_title=\"\" data-rl_caption=\"\" title=\"\"><img loading=\"lazy\" decoding=\"async\" class=\"wp-image-1725 aligncenter\" src=\"http:\/\/oronsko.org\/wp-content\/uploads\/2019\/08\/Bez-tytulu-1024x707.png\" alt=\"\" width=\"724\" height=\"500\" srcset=\"https:\/\/oronsko.org\/wp-content\/uploads\/2019\/08\/Bez-tytulu-1024x707.png 1024w, https:\/\/oronsko.org\/wp-content\/uploads\/2019\/08\/Bez-tytulu-300x207.png 300w, https:\/\/oronsko.org\/wp-content\/uploads\/2019\/08\/Bez-tytulu-768x530.png 768w, https:\/\/oronsko.org\/wp-content\/uploads\/2019\/08\/Bez-tytulu.png 1131w\" sizes=\"auto, (max-width: 724px) 100vw, 724px\" \/><\/a><\/p>\n","protected":false},"excerpt":{"rendered":"<p>Stowarzyszenie Odnowy i Rozwoju Gminy Oro\u0144sku zaprasza do udzia\u0142u w VII Og\u00f3lnopolskim Wy\u015bcigu Kolarskim \u201eO Konar D\u0119bu Czwartaka\u201d, kt\u00f3ry odb\u0119dzie si\u0119 22 wrze\u015bnia 2019 roku.<\/p>\n","protected":false},"author":2,"featured_media":1725,"comment_status":"open","ping_status":"open","sticky":false,"template":"","format":"standard","meta":{"footnotes":""},"categories":[1],"tags":[],"class_list":["post-1724","post","type-post","status-publish","format-standard","has-post-thumbnail","hentry","category-bez-kategorii"],"yoast_head":"<!-- This site is optimized with the Yoast SEO plugin v26.8 - https:\/\/yoast.com\/product\/yoast-seo-wordpress\/ -->\n<title>Wy\u015bcig kolarski i memoria\u0142 - Stowarzyszenie Odnowy i Rozwoju Gminy Oro\u0144sko<\/title>\n<meta name=\"robots\" content=\"index, follow, max-snippet:-1, max-image-preview:large, max-video-preview:-1\" \/>\n<link rel=\"canonical\" href=\"https:\/\/oronsko.org\/?p=1724\" \/>\n<meta property=\"og:locale\" content=\"pl_PL\" \/>\n<meta property=\"og:type\" content=\"article\" \/>\n<meta property=\"og:title\" content=\"Wy\u015bcig kolarski i memoria\u0142 - Stowarzyszenie Odnowy i Rozwoju Gminy Oro\u0144sko\" \/>\n<meta property=\"og:description\" content=\"Stowarzyszenie Odnowy i Rozwoju Gminy Oro\u0144sku zaprasza do udzia\u0142u w VII Og\u00f3lnopolskim Wy\u015bcigu Kolarskim \u201eO Konar D\u0119bu Czwartaka\u201d, kt\u00f3ry odb\u0119dzie si\u0119 22 wrze\u015bnia 2019 roku.\" \/>\n<meta property=\"og:url\" content=\"https:\/\/oronsko.org\/?p=1724\" \/>\n<meta property=\"og:site_name\" content=\"Stowarzyszenie Odnowy i Rozwoju Gminy Oro\u0144sko\" \/>\n<meta property=\"article:published_time\" content=\"2019-08-12T09:01:45+00:00\" \/>\n<meta property=\"article:modified_time\" content=\"2019-09-23T09:42:06+00:00\" \/>\n<meta property=\"og:image\" content=\"https:\/\/oronsko.org\/wp-content\/uploads\/2019\/08\/Bez-tytulu.png\" \/>\n\t<meta property=\"og:image:width\" content=\"1131\" \/>\n\t<meta property=\"og:image:height\" content=\"781\" \/>\n\t<meta property=\"og:image:type\" content=\"image\/png\" \/>\n<meta name=\"author\" content=\"oronsko\" \/>\n<meta name=\"twitter:card\" content=\"summary_large_image\" \/>\n<meta name=\"twitter:label1\" content=\"Napisane przez\" \/>\n\t<meta name=\"twitter:data1\" content=\"oronsko\" \/>\n\t<meta name=\"twitter:label2\" content=\"Szacowany czas czytania\" \/>\n\t<meta name=\"twitter:data2\" content=\"2 minuty\" \/>\n<script type=\"application\/ld+json\" class=\"yoast-schema-graph\">{\"@context\":\"https:\/\/schema.org\",\"@graph\":[{\"@type\":\"Article\",\"@id\":\"https:\/\/oronsko.org\/?p=1724#article\",\"isPartOf\":{\"@id\":\"https:\/\/oronsko.org\/?p=1724\"},\"author\":{\"name\":\"oronsko\",\"@id\":\"https:\/\/oronsko.org\/#\/schema\/person\/d008aee7ef8cdc6d72c6dddfa0f6fa6a\"},\"headline\":\"Wy\u015bcig kolarski i memoria\u0142\",\"datePublished\":\"2019-08-12T09:01:45+00:00\",\"dateModified\":\"2019-09-23T09:42:06+00:00\",\"mainEntityOfPage\":{\"@id\":\"https:\/\/oronsko.org\/?p=1724\"},\"wordCount\":464,\"commentCount\":0,\"image\":{\"@id\":\"https:\/\/oronsko.org\/?p=1724#primaryimage\"},\"thumbnailUrl\":\"https:\/\/oronsko.org\/wp-content\/uploads\/2019\/08\/Bez-tytulu.png\",\"inLanguage\":\"pl-PL\",\"potentialAction\":[{\"@type\":\"CommentAction\",\"name\":\"Comment\",\"target\":[\"https:\/\/oronsko.org\/?p=1724#respond\"]}]},{\"@type\":\"WebPage\",\"@id\":\"https:\/\/oronsko.org\/?p=1724\",\"url\":\"https:\/\/oronsko.org\/?p=1724\",\"name\":\"Wy\u015bcig kolarski i memoria\u0142 - Stowarzyszenie Odnowy i Rozwoju Gminy Oro\u0144sko\",\"isPartOf\":{\"@id\":\"https:\/\/oronsko.org\/#website\"},\"primaryImageOfPage\":{\"@id\":\"https:\/\/oronsko.org\/?p=1724#primaryimage\"},\"image\":{\"@id\":\"https:\/\/oronsko.org\/?p=1724#primaryimage\"},\"thumbnailUrl\":\"https:\/\/oronsko.org\/wp-content\/uploads\/2019\/08\/Bez-tytulu.png\",\"datePublished\":\"2019-08-12T09:01:45+00:00\",\"dateModified\":\"2019-09-23T09:42:06+00:00\",\"author\":{\"@id\":\"https:\/\/oronsko.org\/#\/schema\/person\/d008aee7ef8cdc6d72c6dddfa0f6fa6a\"},\"breadcrumb\":{\"@id\":\"https:\/\/oronsko.org\/?p=1724#breadcrumb\"},\"inLanguage\":\"pl-PL\",\"potentialAction\":[{\"@type\":\"ReadAction\",\"target\":[\"https:\/\/oronsko.org\/?p=1724\"]}]},{\"@type\":\"ImageObject\",\"inLanguage\":\"pl-PL\",\"@id\":\"https:\/\/oronsko.org\/?p=1724#primaryimage\",\"url\":\"https:\/\/oronsko.org\/wp-content\/uploads\/2019\/08\/Bez-tytulu.png\",\"contentUrl\":\"https:\/\/oronsko.org\/wp-content\/uploads\/2019\/08\/Bez-tytulu.png\",\"width\":1131,\"height\":781},{\"@type\":\"BreadcrumbList\",\"@id\":\"https:\/\/oronsko.org\/?p=1724#breadcrumb\",\"itemListElement\":[{\"@type\":\"ListItem\",\"position\":1,\"name\":\"Strona g\u0142\u00f3wna\",\"item\":\"https:\/\/oronsko.org\/\"},{\"@type\":\"ListItem\",\"position\":2,\"name\":\"Wy\u015bcig kolarski i memoria\u0142\"}]},{\"@type\":\"WebSite\",\"@id\":\"https:\/\/oronsko.org\/#website\",\"url\":\"https:\/\/oronsko.org\/\",\"name\":\"Stowarzyszenie Odnowy i Rozwoju Gminy Oro\u0144sko\",\"description\":\"\",\"potentialAction\":[{\"@type\":\"SearchAction\",\"target\":{\"@type\":\"EntryPoint\",\"urlTemplate\":\"https:\/\/oronsko.org\/?s={search_term_string}\"},\"query-input\":{\"@type\":\"PropertyValueSpecification\",\"valueRequired\":true,\"valueName\":\"search_term_string\"}}],\"inLanguage\":\"pl-PL\"},{\"@type\":\"Person\",\"@id\":\"https:\/\/oronsko.org\/#\/schema\/person\/d008aee7ef8cdc6d72c6dddfa0f6fa6a\",\"name\":\"oronsko\",\"image\":{\"@type\":\"ImageObject\",\"inLanguage\":\"pl-PL\",\"@id\":\"https:\/\/oronsko.org\/#\/schema\/person\/image\/\",\"url\":\"https:\/\/secure.gravatar.com\/avatar\/04d4d850872fa512217e3bbde438f64183869a8f4529665ce1917407f81c2c69?s=96&d=mm&r=g\",\"contentUrl\":\"https:\/\/secure.gravatar.com\/avatar\/04d4d850872fa512217e3bbde438f64183869a8f4529665ce1917407f81c2c69?s=96&d=mm&r=g\",\"caption\":\"oronsko\"},\"url\":\"https:\/\/oronsko.org\/?author=2\"}]}<\/script>\n<!-- \/ Yoast SEO plugin. -->","yoast_head_json":{"title":"Wy\u015bcig kolarski i memoria\u0142 - Stowarzyszenie Odnowy i Rozwoju Gminy Oro\u0144sko","robots":{"index":"index","follow":"follow","max-snippet":"max-snippet:-1","max-image-preview":"max-image-preview:large","max-video-preview":"max-video-preview:-1"},"canonical":"https:\/\/oronsko.org\/?p=1724","og_locale":"pl_PL","og_type":"article","og_title":"Wy\u015bcig kolarski i memoria\u0142 - Stowarzyszenie Odnowy i Rozwoju Gminy Oro\u0144sko","og_description":"Stowarzyszenie Odnowy i Rozwoju Gminy Oro\u0144sku zaprasza do udzia\u0142u w VII Og\u00f3lnopolskim Wy\u015bcigu Kolarskim \u201eO Konar D\u0119bu Czwartaka\u201d, kt\u00f3ry odb\u0119dzie si\u0119 22 wrze\u015bnia 2019 roku.","og_url":"https:\/\/oronsko.org\/?p=1724","og_site_name":"Stowarzyszenie Odnowy i Rozwoju Gminy Oro\u0144sko","article_published_time":"2019-08-12T09:01:45+00:00","article_modified_time":"2019-09-23T09:42:06+00:00","og_image":[{"width":1131,"height":781,"url":"https:\/\/oronsko.org\/wp-content\/uploads\/2019\/08\/Bez-tytulu.png","type":"image\/png"}],"author":"oronsko","twitter_card":"summary_large_image","twitter_misc":{"Napisane przez":"oronsko","Szacowany czas czytania":"2 minuty"},"schema":{"@context":"https:\/\/schema.org","@graph":[{"@type":"Article","@id":"https:\/\/oronsko.org\/?p=1724#article","isPartOf":{"@id":"https:\/\/oronsko.org\/?p=1724"},"author":{"name":"oronsko","@id":"https:\/\/oronsko.org\/#\/schema\/person\/d008aee7ef8cdc6d72c6dddfa0f6fa6a"},"headline":"Wy\u015bcig kolarski i memoria\u0142","datePublished":"2019-08-12T09:01:45+00:00","dateModified":"2019-09-23T09:42:06+00:00","mainEntityOfPage":{"@id":"https:\/\/oronsko.org\/?p=1724"},"wordCount":464,"commentCount":0,"image":{"@id":"https:\/\/oronsko.org\/?p=1724#primaryimage"},"thumbnailUrl":"https:\/\/oronsko.org\/wp-content\/uploads\/2019\/08\/Bez-tytulu.png","inLanguage":"pl-PL","potentialAction":[{"@type":"CommentAction","name":"Comment","target":["https:\/\/oronsko.org\/?p=1724#respond"]}]},{"@type":"WebPage","@id":"https:\/\/oronsko.org\/?p=1724","url":"https:\/\/oronsko.org\/?p=1724","name":"Wy\u015bcig kolarski i memoria\u0142 - Stowarzyszenie Odnowy i Rozwoju Gminy Oro\u0144sko","isPartOf":{"@id":"https:\/\/oronsko.org\/#website"},"primaryImageOfPage":{"@id":"https:\/\/oronsko.org\/?p=1724#primaryimage"},"image":{"@id":"https:\/\/oronsko.org\/?p=1724#primaryimage"},"thumbnailUrl":"https:\/\/oronsko.org\/wp-content\/uploads\/2019\/08\/Bez-tytulu.png","datePublished":"2019-08-12T09:01:45+00:00","dateModified":"2019-09-23T09:42:06+00:00","author":{"@id":"https:\/\/oronsko.org\/#\/schema\/person\/d008aee7ef8cdc6d72c6dddfa0f6fa6a"},"breadcrumb":{"@id":"https:\/\/oronsko.org\/?p=1724#breadcrumb"},"inLanguage":"pl-PL","potentialAction":[{"@type":"ReadAction","target":["https:\/\/oronsko.org\/?p=1724"]}]},{"@type":"ImageObject","inLanguage":"pl-PL","@id":"https:\/\/oronsko.org\/?p=1724#primaryimage","url":"https:\/\/oronsko.org\/wp-content\/uploads\/2019\/08\/Bez-tytulu.png","contentUrl":"https:\/\/oronsko.org\/wp-content\/uploads\/2019\/08\/Bez-tytulu.png","width":1131,"height":781},{"@type":"BreadcrumbList","@id":"https:\/\/oronsko.org\/?p=1724#breadcrumb","itemListElement":[{"@type":"ListItem","position":1,"name":"Strona g\u0142\u00f3wna","item":"https:\/\/oronsko.org\/"},{"@type":"ListItem","position":2,"name":"Wy\u015bcig kolarski i memoria\u0142"}]},{"@type":"WebSite","@id":"https:\/\/oronsko.org\/#website","url":"https:\/\/oronsko.org\/","name":"Stowarzyszenie Odnowy i Rozwoju Gminy Oro\u0144sko","description":"","potentialAction":[{"@type":"SearchAction","target":{"@type":"EntryPoint","urlTemplate":"https:\/\/oronsko.org\/?s={search_term_string}"},"query-input":{"@type":"PropertyValueSpecification","valueRequired":true,"valueName":"search_term_string"}}],"inLanguage":"pl-PL"},{"@type":"Person","@id":"https:\/\/oronsko.org\/#\/schema\/person\/d008aee7ef8cdc6d72c6dddfa0f6fa6a","name":"oronsko","image":{"@type":"ImageObject","inLanguage":"pl-PL","@id":"https:\/\/oronsko.org\/#\/schema\/person\/image\/","url":"https:\/\/secure.gravatar.com\/avatar\/04d4d850872fa512217e3bbde438f64183869a8f4529665ce1917407f81c2c69?s=96&d=mm&r=g","contentUrl":"https:\/\/secure.gravatar.com\/avatar\/04d4d850872fa512217e3bbde438f64183869a8f4529665ce1917407f81c2c69?s=96&d=mm&r=g","caption":"oronsko"},"url":"https:\/\/oronsko.org\/?author=2"}]}},"_links":{"self":[{"href":"https:\/\/oronsko.org\/index.php?rest_route=\/wp\/v2\/posts\/1724","targetHints":{"allow":["GET"]}}],"collection":[{"href":"https:\/\/oronsko.org\/index.php?rest_route=\/wp\/v2\/posts"}],"about":[{"href":"https:\/\/oronsko.org\/index.php?rest_route=\/wp\/v2\/types\/post"}],"author":[{"embeddable":true,"href":"https:\/\/oronsko.org\/index.php?rest_route=\/wp\/v2\/users\/2"}],"replies":[{"embeddable":true,"href":"https:\/\/oronsko.org\/index.php?rest_route=%2Fwp%2Fv2%2Fcomments&post=1724"}],"version-history":[{"count":4,"href":"https:\/\/oronsko.org\/index.php?rest_route=\/wp\/v2\/posts\/1724\/revisions"}],"predecessor-version":[{"id":1819,"href":"https:\/\/oronsko.org\/index.php?rest_route=\/wp\/v2\/posts\/1724\/revisions\/1819"}],"wp:featuredmedia":[{"embeddable":true,"href":"https:\/\/oronsko.org\/index.php?rest_route=\/wp\/v2\/media\/1725"}],"wp:attachment":[{"href":"https:\/\/oronsko.org\/index.php?rest_route=%2Fwp%2Fv2%2Fmedia&parent=1724"}],"wp:term":[{"taxonomy":"category","embeddable":true,"href":"https:\/\/oronsko.org\/index.php?rest_route=%2Fwp%2Fv2%2Fcategories&post=1724"},{"taxonomy":"post_tag","embeddable":true,"href":"https:\/\/oronsko.org\/index.php?rest_route=%2Fwp%2Fv2%2Ftags&post=1724"}],"curies":[{"name":"wp","href":"https:\/\/api.w.org\/{rel}","templated":true}]}}