{"id":1695,"date":"2019-07-24T22:42:13","date_gmt":"2019-07-24T20:42:13","guid":{"rendered":"http:\/\/oronsko.org\/?p=1695"},"modified":"2019-07-25T01:05:42","modified_gmt":"2019-07-24T23:05:42","slug":"rozwoj-ekonomii-spolecznej","status":"publish","type":"post","link":"https:\/\/oronsko.org\/?p=1695","title":{"rendered":"Rozw\u00f3j ekonomii spo\u0142ecznej"},"content":{"rendered":"<p style=\"text-align: justify;\">24 lipca 2019 roku w Szyd\u0142owcu odby\u0142o si\u0119 spotkanie partnerstwa na rzecz rozwoju ekonomii spo\u0142ecznej w powiecie szyd\u0142owieckim. <!--more-->Na spotkanie to zostali zaproszeni w\u00f3jtowie oraz przewodnicz\u0105cy Rad Gmin z powiatu szyd\u0142owieckiego. W wi\u0119kszo\u015bci przypadk\u00f3w osoby zaproszone przyby\u0142y osobi\u015bcie lub desygnowa\u0142y swoich zast\u0119pc\u00f3w. Z Oro\u0144ska w spotkaniu wzi\u0119\u0142a udzia\u0142 wiceprzewodnicz\u0105ca Rady Gminy \u2013 p. Maria Gajewska oraz w\u00f3jt \u2013 p. Henryk Nosowski. Spotkanie mia\u0142o charakter informacyjno-szkoleniowy. Podczas spotkania zosta\u0142y przedstawione dwie prezentacje, przy czym uwarunkowania prawne ekonomii spo\u0142ecznej zosta\u0142y przedstawione przez Wojciecha Jab\u0142o\u0144skiego z Mazowieckiego O\u015brodka Wsparcia Ekonomii Spo\u0142ecznej, a prezentacj\u0119 dotycz\u0105ca mo\u017cliwo\u015bci powo\u0142ywania sp\u00f3\u0142dzielni socjalnych przedstawi\u0142 Jaros\u0142aw Molenda \u2013 wiceprezes Stowarzyszenia Odnowy i Rozwoju Gminy Oro\u0144sko \u2013 lidera partnerstwa. Przedstawi\u0142 on mocne strony dzia\u0142alno\u015bci organizacji i\u00a0instytucji funkcjonuj\u0105cych na terenie powiatu, a tak\u017ce om\u00f3wi\u0142 zidentyfikowane nisze, kt\u00f3re mog\u0105 by\u0107 wype\u0142nione ofert\u0105 dzia\u0142alno\u015bci gospodarczej nowo tworzonych sp\u00f3\u0142dzielni socjalnych. Ponadto, przedstawiono wymagania formalne zwi\u0105zane z tworzeniem sp\u00f3\u0142dzielni socjalnych, a tak\u017ce korzy\u015bci p\u0142yn\u0105ce dla gmin tworz\u0105cych takie podmioty, w tym \u017ar\u00f3d\u0142a i wielko\u015b\u0107 dost\u0119pnych \u015brodk\u00f3w finansowych na uruchomienie takiej dzia\u0142alno\u015bci oraz jej wspieranie w pocz\u0105tkowej fazie funkcjonowania. Przeprowadzona analiza mo\u017cliwo\u015bci powo\u0142ywania sp\u00f3\u0142dzielni socjalnych b\u0105d\u017a przez minimum 5 os\u00f3b fizycznych, b\u0105d\u017a przez minimum 2 osoby prawne wskazuje, i\u017c najwi\u0119kszym prawdopodobie\u0144stwem sukcesu charakteryzuje si\u0119 projekt realizowany przez organizacj\u0119 pozarz\u0105dow\u0105 oraz gmin\u0119 (a wi\u0119c sp\u00f3\u0142dzielnia za\u0142o\u017cona przez dwie osoby prawne).<br \/>\nOm\u00f3wiono tak\u017ce dopuszczalne prawem klauzule spo\u0142eczne, kt\u00f3re umieszczane w r\u00f3\u017cnego typu przetargach i zapytaniach ofertowych wystawianych przez instytucje publiczne maj\u0105 za zadanie promowanie inicjatyw gospodarczych realizowanych przez sp\u00f3\u0142dzielnie socjalne. Prezentacj\u0119 przygotowan\u0105 przez Stowarzyszenie Odnowy i Rozwoju Gminy Oro\u0144sko zamieszczono w za\u0142\u0105czniku. Wskazywano tak\u017ce na du\u017ce zaanga\u017cowanie instytucji Unii Europejskiej w uruchomienie dedykowanych program\u00f3w wspieraj\u0105cych ekonomi\u0119 spo\u0142eczn\u0105, co sprawia, \u017ce\u00a0 rysuje si\u0119 perspektywa dost\u0119pno\u015bci atrakcyjnych \u015brodk\u00f3w finansowych na tworzenie tego typu podmiot\u00f3w. Jednocze\u015bnie przyj\u0119to deklaracj\u0119 uczestnik\u00f3w spotkania o konieczno\u015bci zaanga\u017cowania si\u0119 gmin w rozw\u00f3j ekonomii spo\u0142ecznej, w tym poprzez udzia\u0142 w partnerstwie oraz powo\u0142ania w poszczeg\u00f3lnych gminach osoby odpowiedzialnej za ten obszar dzia\u0142alno\u015bci samorz\u0105du.<\/p>\n<p><strong><span style=\"font-size: 14pt; color: #00ffff;\"><a style=\"color: #00ffff;\" href=\"http:\/\/oronsko.org\/wp-content\/uploads\/2019\/07\/ekonomia-spoleczna.pdf\">Ekonomia Spo\u0142eczna<\/a><\/span><\/strong><\/p>\n<p><a href=\"http:\/\/oronsko.org\/wp-content\/uploads\/2019\/07\/DSC_8362.jpg\" data-rel=\"lightbox-image-0\" data-rl_title=\"\" data-rl_caption=\"\" title=\"\"><img loading=\"lazy\" decoding=\"async\" class=\"wp-image-1704 aligncenter\" src=\"http:\/\/oronsko.org\/wp-content\/uploads\/2019\/07\/DSC_8362-1024x680.jpg\" alt=\"\" width=\"665\" height=\"442\" srcset=\"https:\/\/oronsko.org\/wp-content\/uploads\/2019\/07\/DSC_8362-1024x680.jpg 1024w, https:\/\/oronsko.org\/wp-content\/uploads\/2019\/07\/DSC_8362-300x199.jpg 300w, https:\/\/oronsko.org\/wp-content\/uploads\/2019\/07\/DSC_8362-768x510.jpg 768w, https:\/\/oronsko.org\/wp-content\/uploads\/2019\/07\/DSC_8362-220x145.jpg 220w\" sizes=\"auto, (max-width: 665px) 100vw, 665px\" \/><\/a><\/p>\n<p><a href=\"http:\/\/oronsko.org\/wp-content\/uploads\/2019\/07\/DSC_8359.jpg\" data-rel=\"lightbox-image-1\" data-rl_title=\"\" data-rl_caption=\"\" title=\"\"><img loading=\"lazy\" decoding=\"async\" class=\"wp-image-1701 aligncenter\" src=\"http:\/\/oronsko.org\/wp-content\/uploads\/2019\/07\/DSC_8359-1024x680.jpg\" alt=\"\" width=\"667\" height=\"443\" srcset=\"https:\/\/oronsko.org\/wp-content\/uploads\/2019\/07\/DSC_8359-1024x680.jpg 1024w, https:\/\/oronsko.org\/wp-content\/uploads\/2019\/07\/DSC_8359-300x199.jpg 300w, https:\/\/oronsko.org\/wp-content\/uploads\/2019\/07\/DSC_8359-768x510.jpg 768w, https:\/\/oronsko.org\/wp-content\/uploads\/2019\/07\/DSC_8359-220x145.jpg 220w\" sizes=\"auto, (max-width: 667px) 100vw, 667px\" \/><\/a><\/p>\n<p><a href=\"http:\/\/oronsko.org\/wp-content\/uploads\/2019\/07\/DSC_8360.jpg\" data-rel=\"lightbox-image-2\" data-rl_title=\"\" data-rl_caption=\"\" title=\"\"><img loading=\"lazy\" decoding=\"async\" class=\"wp-image-1702 aligncenter\" src=\"http:\/\/oronsko.org\/wp-content\/uploads\/2019\/07\/DSC_8360-1024x680.jpg\" alt=\"\" width=\"671\" height=\"446\" srcset=\"https:\/\/oronsko.org\/wp-content\/uploads\/2019\/07\/DSC_8360-1024x680.jpg 1024w, https:\/\/oronsko.org\/wp-content\/uploads\/2019\/07\/DSC_8360-300x199.jpg 300w, https:\/\/oronsko.org\/wp-content\/uploads\/2019\/07\/DSC_8360-768x510.jpg 768w, https:\/\/oronsko.org\/wp-content\/uploads\/2019\/07\/DSC_8360-220x145.jpg 220w\" sizes=\"auto, (max-width: 671px) 100vw, 671px\" \/><\/a><\/p>\n<p><a href=\"http:\/\/oronsko.org\/wp-content\/uploads\/2019\/07\/DSC_8361.jpg\" data-rel=\"lightbox-image-3\" data-rl_title=\"\" data-rl_caption=\"\" title=\"\"><img loading=\"lazy\" decoding=\"async\" class=\"wp-image-1703 aligncenter\" src=\"http:\/\/oronsko.org\/wp-content\/uploads\/2019\/07\/DSC_8361-1024x680.jpg\" alt=\"\" width=\"675\" height=\"448\" srcset=\"https:\/\/oronsko.org\/wp-content\/uploads\/2019\/07\/DSC_8361-1024x680.jpg 1024w, https:\/\/oronsko.org\/wp-content\/uploads\/2019\/07\/DSC_8361-300x199.jpg 300w, https:\/\/oronsko.org\/wp-content\/uploads\/2019\/07\/DSC_8361-768x510.jpg 768w, https:\/\/oronsko.org\/wp-content\/uploads\/2019\/07\/DSC_8361-220x145.jpg 220w\" sizes=\"auto, (max-width: 675px) 100vw, 675px\" \/><\/a><\/p>\n<p><a href=\"http:\/\/oronsko.org\/wp-content\/uploads\/2019\/07\/DSC_8358.jpg\" data-rel=\"lightbox-image-4\" data-rl_title=\"\" data-rl_caption=\"\" title=\"\"><img loading=\"lazy\" decoding=\"async\" class=\"wp-image-1699 aligncenter\" src=\"http:\/\/oronsko.org\/wp-content\/uploads\/2019\/07\/DSC_8358-1024x680.jpg\" alt=\"\" width=\"683\" height=\"454\" srcset=\"https:\/\/oronsko.org\/wp-content\/uploads\/2019\/07\/DSC_8358-1024x680.jpg 1024w, https:\/\/oronsko.org\/wp-content\/uploads\/2019\/07\/DSC_8358-300x199.jpg 300w, https:\/\/oronsko.org\/wp-content\/uploads\/2019\/07\/DSC_8358-768x510.jpg 768w, https:\/\/oronsko.org\/wp-content\/uploads\/2019\/07\/DSC_8358-220x145.jpg 220w\" sizes=\"auto, (max-width: 683px) 100vw, 683px\" \/><\/a><\/p>\n","protected":false},"excerpt":{"rendered":"<p>24 lipca 2019 roku w Szyd\u0142owcu odby\u0142o si\u0119 spotkanie partnerstwa na rzecz rozwoju ekonomii spo\u0142ecznej w powiecie szyd\u0142owieckim.<\/p>\n","protected":false},"author":2,"featured_media":1697,"comment_status":"open","ping_status":"open","sticky":false,"template":"","format":"standard","meta":{"footnotes":""},"categories":[1],"tags":[],"class_list":["post-1695","post","type-post","status-publish","format-standard","has-post-thumbnail","hentry","category-bez-kategorii"],"yoast_head":"<!-- This site is optimized with the Yoast SEO plugin v26.8 - https:\/\/yoast.com\/product\/yoast-seo-wordpress\/ -->\n<title>Rozw\u00f3j ekonomii spo\u0142ecznej - Stowarzyszenie Odnowy i Rozwoju Gminy Oro\u0144sko<\/title>\n<meta name=\"robots\" content=\"index, follow, max-snippet:-1, max-image-preview:large, max-video-preview:-1\" \/>\n<link rel=\"canonical\" href=\"https:\/\/oronsko.org\/?p=1695\" \/>\n<meta property=\"og:locale\" content=\"pl_PL\" \/>\n<meta property=\"og:type\" content=\"article\" \/>\n<meta property=\"og:title\" content=\"Rozw\u00f3j ekonomii spo\u0142ecznej - Stowarzyszenie Odnowy i Rozwoju Gminy Oro\u0144sko\" \/>\n<meta property=\"og:description\" content=\"24 lipca 2019 roku w Szyd\u0142owcu odby\u0142o si\u0119 spotkanie partnerstwa na rzecz rozwoju ekonomii spo\u0142ecznej w powiecie szyd\u0142owieckim.\" \/>\n<meta property=\"og:url\" content=\"https:\/\/oronsko.org\/?p=1695\" \/>\n<meta property=\"og:site_name\" content=\"Stowarzyszenie Odnowy i Rozwoju Gminy Oro\u0144sko\" \/>\n<meta property=\"article:published_time\" content=\"2019-07-24T20:42:13+00:00\" \/>\n<meta property=\"article:modified_time\" content=\"2019-07-24T23:05:42+00:00\" \/>\n<meta property=\"og:image\" content=\"https:\/\/oronsko.org\/wp-content\/uploads\/2019\/07\/65_ekonomia.jpg\" \/>\n\t<meta property=\"og:image:width\" content=\"640\" \/>\n\t<meta property=\"og:image:height\" content=\"469\" \/>\n\t<meta property=\"og:image:type\" content=\"image\/jpeg\" \/>\n<meta name=\"author\" content=\"oronsko\" \/>\n<meta name=\"twitter:card\" content=\"summary_large_image\" \/>\n<meta name=\"twitter:label1\" content=\"Napisane przez\" \/>\n\t<meta name=\"twitter:data1\" content=\"oronsko\" \/>\n\t<meta name=\"twitter:label2\" content=\"Szacowany czas czytania\" \/>\n\t<meta name=\"twitter:data2\" content=\"2 minuty\" \/>\n<script type=\"application\/ld+json\" class=\"yoast-schema-graph\">{\"@context\":\"https:\/\/schema.org\",\"@graph\":[{\"@type\":\"Article\",\"@id\":\"https:\/\/oronsko.org\/?p=1695#article\",\"isPartOf\":{\"@id\":\"https:\/\/oronsko.org\/?p=1695\"},\"author\":{\"name\":\"oronsko\",\"@id\":\"https:\/\/oronsko.org\/#\/schema\/person\/d008aee7ef8cdc6d72c6dddfa0f6fa6a\"},\"headline\":\"Rozw\u00f3j ekonomii spo\u0142ecznej\",\"datePublished\":\"2019-07-24T20:42:13+00:00\",\"dateModified\":\"2019-07-24T23:05:42+00:00\",\"mainEntityOfPage\":{\"@id\":\"https:\/\/oronsko.org\/?p=1695\"},\"wordCount\":419,\"commentCount\":0,\"image\":{\"@id\":\"https:\/\/oronsko.org\/?p=1695#primaryimage\"},\"thumbnailUrl\":\"https:\/\/oronsko.org\/wp-content\/uploads\/2019\/07\/65_ekonomia.jpg\",\"inLanguage\":\"pl-PL\",\"potentialAction\":[{\"@type\":\"CommentAction\",\"name\":\"Comment\",\"target\":[\"https:\/\/oronsko.org\/?p=1695#respond\"]}]},{\"@type\":\"WebPage\",\"@id\":\"https:\/\/oronsko.org\/?p=1695\",\"url\":\"https:\/\/oronsko.org\/?p=1695\",\"name\":\"Rozw\u00f3j ekonomii spo\u0142ecznej - Stowarzyszenie Odnowy i Rozwoju Gminy Oro\u0144sko\",\"isPartOf\":{\"@id\":\"https:\/\/oronsko.org\/#website\"},\"primaryImageOfPage\":{\"@id\":\"https:\/\/oronsko.org\/?p=1695#primaryimage\"},\"image\":{\"@id\":\"https:\/\/oronsko.org\/?p=1695#primaryimage\"},\"thumbnailUrl\":\"https:\/\/oronsko.org\/wp-content\/uploads\/2019\/07\/65_ekonomia.jpg\",\"datePublished\":\"2019-07-24T20:42:13+00:00\",\"dateModified\":\"2019-07-24T23:05:42+00:00\",\"author\":{\"@id\":\"https:\/\/oronsko.org\/#\/schema\/person\/d008aee7ef8cdc6d72c6dddfa0f6fa6a\"},\"breadcrumb\":{\"@id\":\"https:\/\/oronsko.org\/?p=1695#breadcrumb\"},\"inLanguage\":\"pl-PL\",\"potentialAction\":[{\"@type\":\"ReadAction\",\"target\":[\"https:\/\/oronsko.org\/?p=1695\"]}]},{\"@type\":\"ImageObject\",\"inLanguage\":\"pl-PL\",\"@id\":\"https:\/\/oronsko.org\/?p=1695#primaryimage\",\"url\":\"https:\/\/oronsko.org\/wp-content\/uploads\/2019\/07\/65_ekonomia.jpg\",\"contentUrl\":\"https:\/\/oronsko.org\/wp-content\/uploads\/2019\/07\/65_ekonomia.jpg\",\"width\":640,\"height\":469},{\"@type\":\"BreadcrumbList\",\"@id\":\"https:\/\/oronsko.org\/?p=1695#breadcrumb\",\"itemListElement\":[{\"@type\":\"ListItem\",\"position\":1,\"name\":\"Strona g\u0142\u00f3wna\",\"item\":\"https:\/\/oronsko.org\/\"},{\"@type\":\"ListItem\",\"position\":2,\"name\":\"Rozw\u00f3j ekonomii spo\u0142ecznej\"}]},{\"@type\":\"WebSite\",\"@id\":\"https:\/\/oronsko.org\/#website\",\"url\":\"https:\/\/oronsko.org\/\",\"name\":\"Stowarzyszenie Odnowy i Rozwoju Gminy Oro\u0144sko\",\"description\":\"\",\"potentialAction\":[{\"@type\":\"SearchAction\",\"target\":{\"@type\":\"EntryPoint\",\"urlTemplate\":\"https:\/\/oronsko.org\/?s={search_term_string}\"},\"query-input\":{\"@type\":\"PropertyValueSpecification\",\"valueRequired\":true,\"valueName\":\"search_term_string\"}}],\"inLanguage\":\"pl-PL\"},{\"@type\":\"Person\",\"@id\":\"https:\/\/oronsko.org\/#\/schema\/person\/d008aee7ef8cdc6d72c6dddfa0f6fa6a\",\"name\":\"oronsko\",\"image\":{\"@type\":\"ImageObject\",\"inLanguage\":\"pl-PL\",\"@id\":\"https:\/\/oronsko.org\/#\/schema\/person\/image\/\",\"url\":\"https:\/\/secure.gravatar.com\/avatar\/04d4d850872fa512217e3bbde438f64183869a8f4529665ce1917407f81c2c69?s=96&d=mm&r=g\",\"contentUrl\":\"https:\/\/secure.gravatar.com\/avatar\/04d4d850872fa512217e3bbde438f64183869a8f4529665ce1917407f81c2c69?s=96&d=mm&r=g\",\"caption\":\"oronsko\"},\"url\":\"https:\/\/oronsko.org\/?author=2\"}]}<\/script>\n<!-- \/ Yoast SEO plugin. -->","yoast_head_json":{"title":"Rozw\u00f3j ekonomii spo\u0142ecznej - Stowarzyszenie Odnowy i Rozwoju Gminy Oro\u0144sko","robots":{"index":"index","follow":"follow","max-snippet":"max-snippet:-1","max-image-preview":"max-image-preview:large","max-video-preview":"max-video-preview:-1"},"canonical":"https:\/\/oronsko.org\/?p=1695","og_locale":"pl_PL","og_type":"article","og_title":"Rozw\u00f3j ekonomii spo\u0142ecznej - Stowarzyszenie Odnowy i Rozwoju Gminy Oro\u0144sko","og_description":"24 lipca 2019 roku w Szyd\u0142owcu odby\u0142o si\u0119 spotkanie partnerstwa na rzecz rozwoju ekonomii spo\u0142ecznej w powiecie szyd\u0142owieckim.","og_url":"https:\/\/oronsko.org\/?p=1695","og_site_name":"Stowarzyszenie Odnowy i Rozwoju Gminy Oro\u0144sko","article_published_time":"2019-07-24T20:42:13+00:00","article_modified_time":"2019-07-24T23:05:42+00:00","og_image":[{"width":640,"height":469,"url":"https:\/\/oronsko.org\/wp-content\/uploads\/2019\/07\/65_ekonomia.jpg","type":"image\/jpeg"}],"author":"oronsko","twitter_card":"summary_large_image","twitter_misc":{"Napisane przez":"oronsko","Szacowany czas czytania":"2 minuty"},"schema":{"@context":"https:\/\/schema.org","@graph":[{"@type":"Article","@id":"https:\/\/oronsko.org\/?p=1695#article","isPartOf":{"@id":"https:\/\/oronsko.org\/?p=1695"},"author":{"name":"oronsko","@id":"https:\/\/oronsko.org\/#\/schema\/person\/d008aee7ef8cdc6d72c6dddfa0f6fa6a"},"headline":"Rozw\u00f3j ekonomii spo\u0142ecznej","datePublished":"2019-07-24T20:42:13+00:00","dateModified":"2019-07-24T23:05:42+00:00","mainEntityOfPage":{"@id":"https:\/\/oronsko.org\/?p=1695"},"wordCount":419,"commentCount":0,"image":{"@id":"https:\/\/oronsko.org\/?p=1695#primaryimage"},"thumbnailUrl":"https:\/\/oronsko.org\/wp-content\/uploads\/2019\/07\/65_ekonomia.jpg","inLanguage":"pl-PL","potentialAction":[{"@type":"CommentAction","name":"Comment","target":["https:\/\/oronsko.org\/?p=1695#respond"]}]},{"@type":"WebPage","@id":"https:\/\/oronsko.org\/?p=1695","url":"https:\/\/oronsko.org\/?p=1695","name":"Rozw\u00f3j ekonomii spo\u0142ecznej - Stowarzyszenie Odnowy i Rozwoju Gminy Oro\u0144sko","isPartOf":{"@id":"https:\/\/oronsko.org\/#website"},"primaryImageOfPage":{"@id":"https:\/\/oronsko.org\/?p=1695#primaryimage"},"image":{"@id":"https:\/\/oronsko.org\/?p=1695#primaryimage"},"thumbnailUrl":"https:\/\/oronsko.org\/wp-content\/uploads\/2019\/07\/65_ekonomia.jpg","datePublished":"2019-07-24T20:42:13+00:00","dateModified":"2019-07-24T23:05:42+00:00","author":{"@id":"https:\/\/oronsko.org\/#\/schema\/person\/d008aee7ef8cdc6d72c6dddfa0f6fa6a"},"breadcrumb":{"@id":"https:\/\/oronsko.org\/?p=1695#breadcrumb"},"inLanguage":"pl-PL","potentialAction":[{"@type":"ReadAction","target":["https:\/\/oronsko.org\/?p=1695"]}]},{"@type":"ImageObject","inLanguage":"pl-PL","@id":"https:\/\/oronsko.org\/?p=1695#primaryimage","url":"https:\/\/oronsko.org\/wp-content\/uploads\/2019\/07\/65_ekonomia.jpg","contentUrl":"https:\/\/oronsko.org\/wp-content\/uploads\/2019\/07\/65_ekonomia.jpg","width":640,"height":469},{"@type":"BreadcrumbList","@id":"https:\/\/oronsko.org\/?p=1695#breadcrumb","itemListElement":[{"@type":"ListItem","position":1,"name":"Strona g\u0142\u00f3wna","item":"https:\/\/oronsko.org\/"},{"@type":"ListItem","position":2,"name":"Rozw\u00f3j ekonomii spo\u0142ecznej"}]},{"@type":"WebSite","@id":"https:\/\/oronsko.org\/#website","url":"https:\/\/oronsko.org\/","name":"Stowarzyszenie Odnowy i Rozwoju Gminy Oro\u0144sko","description":"","potentialAction":[{"@type":"SearchAction","target":{"@type":"EntryPoint","urlTemplate":"https:\/\/oronsko.org\/?s={search_term_string}"},"query-input":{"@type":"PropertyValueSpecification","valueRequired":true,"valueName":"search_term_string"}}],"inLanguage":"pl-PL"},{"@type":"Person","@id":"https:\/\/oronsko.org\/#\/schema\/person\/d008aee7ef8cdc6d72c6dddfa0f6fa6a","name":"oronsko","image":{"@type":"ImageObject","inLanguage":"pl-PL","@id":"https:\/\/oronsko.org\/#\/schema\/person\/image\/","url":"https:\/\/secure.gravatar.com\/avatar\/04d4d850872fa512217e3bbde438f64183869a8f4529665ce1917407f81c2c69?s=96&d=mm&r=g","contentUrl":"https:\/\/secure.gravatar.com\/avatar\/04d4d850872fa512217e3bbde438f64183869a8f4529665ce1917407f81c2c69?s=96&d=mm&r=g","caption":"oronsko"},"url":"https:\/\/oronsko.org\/?author=2"}]}},"_links":{"self":[{"href":"https:\/\/oronsko.org\/index.php?rest_route=\/wp\/v2\/posts\/1695","targetHints":{"allow":["GET"]}}],"collection":[{"href":"https:\/\/oronsko.org\/index.php?rest_route=\/wp\/v2\/posts"}],"about":[{"href":"https:\/\/oronsko.org\/index.php?rest_route=\/wp\/v2\/types\/post"}],"author":[{"embeddable":true,"href":"https:\/\/oronsko.org\/index.php?rest_route=\/wp\/v2\/users\/2"}],"replies":[{"embeddable":true,"href":"https:\/\/oronsko.org\/index.php?rest_route=%2Fwp%2Fv2%2Fcomments&post=1695"}],"version-history":[{"count":3,"href":"https:\/\/oronsko.org\/index.php?rest_route=\/wp\/v2\/posts\/1695\/revisions"}],"predecessor-version":[{"id":1705,"href":"https:\/\/oronsko.org\/index.php?rest_route=\/wp\/v2\/posts\/1695\/revisions\/1705"}],"wp:featuredmedia":[{"embeddable":true,"href":"https:\/\/oronsko.org\/index.php?rest_route=\/wp\/v2\/media\/1697"}],"wp:attachment":[{"href":"https:\/\/oronsko.org\/index.php?rest_route=%2Fwp%2Fv2%2Fmedia&parent=1695"}],"wp:term":[{"taxonomy":"category","embeddable":true,"href":"https:\/\/oronsko.org\/index.php?rest_route=%2Fwp%2Fv2%2Fcategories&post=1695"},{"taxonomy":"post_tag","embeddable":true,"href":"https:\/\/oronsko.org\/index.php?rest_route=%2Fwp%2Fv2%2Ftags&post=1695"}],"curies":[{"name":"wp","href":"https:\/\/api.w.org\/{rel}","templated":true}]}}