{"id":1272,"date":"2018-11-08T09:51:07","date_gmt":"2018-11-08T08:51:07","guid":{"rendered":"http:\/\/oronsko.org\/?p=1272"},"modified":"2018-11-08T09:51:07","modified_gmt":"2018-11-08T08:51:07","slug":"obchody-swieta-niepodleglosci","status":"publish","type":"post","link":"https:\/\/oronsko.org\/?p=1272","title":{"rendered":"Obchody \u015awi\u0119ta Niepodleg\u0142o\u015bci"},"content":{"rendered":"<p style=\"text-align: justify;\">11 listopada 2018 roku w Oro\u0144sku odb\u0119d\u0105 si\u0119 gminne uroczysto\u015bci zwi\u0105zane z obchodami 100 rocznicy odzyskania przez Polsk\u0119 niepodleg\u0142o\u015bci. <!--more-->Zaplanowano cz\u0119\u015b\u0107 oficjaln\u0105, kt\u00f3ra rozpocznie si\u0119 o 10.45 w Sali gimnastycznej Publicznej Szko\u0142y Podstawowej w Oro\u0144sku, nast\u0119pnie o godz. 11.30 zostanie odprawiona Msza \u015awi\u0119ta za Ojczyzn\u0119, po zako\u0144czeniu kt\u00f3rej zostan\u0105 z\u0142o\u017cone kwiaty przed pomnikiem w Oro\u0144sku. Jako imprezy towarzysz\u0105ce zaplanowano monta\u017c s\u0142owno-muzyczny w wykonaniu dzieci z Przedszkola Samorz\u0105dowego, a tak\u017ce rywalizacj\u0119 sportow\u0105 w pi\u0142ce siatkowej oraz konkursy historyczne.<\/p>\n<p style=\"text-align: justify;\">Komitet organizacyjny obchod\u00f3w \u015awi\u0119ta Niepodleg\u0142o\u015bci zaprasza wszystkich mieszka\u0144c\u00f3w gminy do udzia\u0142u\u00a0 w uroczysto\u015bciach g\u0142\u00f3wnych oraz w imprezach towarzysz\u0105cych, a tak\u017ce na wojskow\u0105 groch\u00f3wk\u0119. Dodatkowe informacje mo\u017cna znale\u017a\u0107 na za\u0142\u0105czonym plakacie.<\/p>\n<p><a href=\"http:\/\/oronsko.org\/wp-content\/uploads\/2018\/11\/C_Users_czare_000_Desktop_oronsko-plakatA3-compressed.jpg\" data-rel=\"lightbox-image-0\" data-rl_title=\"\" data-rl_caption=\"\" title=\"\"><img loading=\"lazy\" decoding=\"async\" class=\" wp-image-1273 aligncenter\" src=\"http:\/\/oronsko.org\/wp-content\/uploads\/2018\/11\/C_Users_czare_000_Desktop_oronsko-plakatA3-compressed-727x1024.jpg\" alt=\"\" width=\"539\" height=\"759\" srcset=\"https:\/\/oronsko.org\/wp-content\/uploads\/2018\/11\/C_Users_czare_000_Desktop_oronsko-plakatA3-compressed-727x1024.jpg 727w, https:\/\/oronsko.org\/wp-content\/uploads\/2018\/11\/C_Users_czare_000_Desktop_oronsko-plakatA3-compressed-213x300.jpg 213w, https:\/\/oronsko.org\/wp-content\/uploads\/2018\/11\/C_Users_czare_000_Desktop_oronsko-plakatA3-compressed-768x1082.jpg 768w\" sizes=\"auto, (max-width: 539px) 100vw, 539px\" \/><\/a><\/p>\n","protected":false},"excerpt":{"rendered":"<p>11 listopada 2018 roku w Oro\u0144sku odb\u0119d\u0105 si\u0119 gminne uroczysto\u015bci zwi\u0105zane z obchodami 100 rocznicy odzyskania przez Polsk\u0119 niepodleg\u0142o\u015bci.<\/p>\n","protected":false},"author":2,"featured_media":1273,"comment_status":"open","ping_status":"open","sticky":false,"template":"","format":"standard","meta":{"footnotes":""},"categories":[1],"tags":[],"class_list":["post-1272","post","type-post","status-publish","format-standard","has-post-thumbnail","hentry","category-bez-kategorii"],"yoast_head":"<!-- This site is optimized with the Yoast SEO plugin v26.8 - https:\/\/yoast.com\/product\/yoast-seo-wordpress\/ -->\n<title>Obchody \u015awi\u0119ta Niepodleg\u0142o\u015bci - Stowarzyszenie Odnowy i Rozwoju Gminy Oro\u0144sko<\/title>\n<meta name=\"robots\" content=\"index, follow, max-snippet:-1, max-image-preview:large, max-video-preview:-1\" \/>\n<link rel=\"canonical\" href=\"https:\/\/oronsko.org\/?p=1272\" \/>\n<meta property=\"og:locale\" content=\"pl_PL\" \/>\n<meta property=\"og:type\" content=\"article\" \/>\n<meta property=\"og:title\" content=\"Obchody \u015awi\u0119ta Niepodleg\u0142o\u015bci - Stowarzyszenie Odnowy i Rozwoju Gminy Oro\u0144sko\" \/>\n<meta property=\"og:description\" content=\"11 listopada 2018 roku w Oro\u0144sku odb\u0119d\u0105 si\u0119 gminne uroczysto\u015bci zwi\u0105zane z obchodami 100 rocznicy odzyskania przez Polsk\u0119 niepodleg\u0142o\u015bci.\" \/>\n<meta property=\"og:url\" content=\"https:\/\/oronsko.org\/?p=1272\" \/>\n<meta property=\"og:site_name\" content=\"Stowarzyszenie Odnowy i Rozwoju Gminy Oro\u0144sko\" \/>\n<meta property=\"article:published_time\" content=\"2018-11-08T08:51:07+00:00\" \/>\n<meta property=\"og:image\" content=\"https:\/\/oronsko.org\/wp-content\/uploads\/2018\/11\/C_Users_czare_000_Desktop_oronsko-plakatA3-compressed-727x1024.jpg\" \/>\n\t<meta property=\"og:image:width\" content=\"727\" \/>\n\t<meta property=\"og:image:height\" content=\"1024\" \/>\n\t<meta property=\"og:image:type\" content=\"image\/jpeg\" \/>\n<meta name=\"author\" content=\"oronsko\" \/>\n<meta name=\"twitter:card\" content=\"summary_large_image\" \/>\n<meta name=\"twitter:label1\" content=\"Napisane przez\" \/>\n\t<meta name=\"twitter:data1\" content=\"oronsko\" \/>\n\t<meta name=\"twitter:label2\" content=\"Szacowany czas czytania\" \/>\n\t<meta name=\"twitter:data2\" content=\"1 minuta\" \/>\n<script type=\"application\/ld+json\" class=\"yoast-schema-graph\">{\"@context\":\"https:\/\/schema.org\",\"@graph\":[{\"@type\":\"Article\",\"@id\":\"https:\/\/oronsko.org\/?p=1272#article\",\"isPartOf\":{\"@id\":\"https:\/\/oronsko.org\/?p=1272\"},\"author\":{\"name\":\"oronsko\",\"@id\":\"https:\/\/oronsko.org\/#\/schema\/person\/d008aee7ef8cdc6d72c6dddfa0f6fa6a\"},\"headline\":\"Obchody \u015awi\u0119ta Niepodleg\u0142o\u015bci\",\"datePublished\":\"2018-11-08T08:51:07+00:00\",\"mainEntityOfPage\":{\"@id\":\"https:\/\/oronsko.org\/?p=1272\"},\"wordCount\":143,\"commentCount\":0,\"image\":{\"@id\":\"https:\/\/oronsko.org\/?p=1272#primaryimage\"},\"thumbnailUrl\":\"https:\/\/oronsko.org\/wp-content\/uploads\/2018\/11\/C_Users_czare_000_Desktop_oronsko-plakatA3-compressed.jpg\",\"inLanguage\":\"pl-PL\",\"potentialAction\":[{\"@type\":\"CommentAction\",\"name\":\"Comment\",\"target\":[\"https:\/\/oronsko.org\/?p=1272#respond\"]}]},{\"@type\":\"WebPage\",\"@id\":\"https:\/\/oronsko.org\/?p=1272\",\"url\":\"https:\/\/oronsko.org\/?p=1272\",\"name\":\"Obchody \u015awi\u0119ta Niepodleg\u0142o\u015bci - Stowarzyszenie Odnowy i Rozwoju Gminy Oro\u0144sko\",\"isPartOf\":{\"@id\":\"https:\/\/oronsko.org\/#website\"},\"primaryImageOfPage\":{\"@id\":\"https:\/\/oronsko.org\/?p=1272#primaryimage\"},\"image\":{\"@id\":\"https:\/\/oronsko.org\/?p=1272#primaryimage\"},\"thumbnailUrl\":\"https:\/\/oronsko.org\/wp-content\/uploads\/2018\/11\/C_Users_czare_000_Desktop_oronsko-plakatA3-compressed.jpg\",\"datePublished\":\"2018-11-08T08:51:07+00:00\",\"author\":{\"@id\":\"https:\/\/oronsko.org\/#\/schema\/person\/d008aee7ef8cdc6d72c6dddfa0f6fa6a\"},\"breadcrumb\":{\"@id\":\"https:\/\/oronsko.org\/?p=1272#breadcrumb\"},\"inLanguage\":\"pl-PL\",\"potentialAction\":[{\"@type\":\"ReadAction\",\"target\":[\"https:\/\/oronsko.org\/?p=1272\"]}]},{\"@type\":\"ImageObject\",\"inLanguage\":\"pl-PL\",\"@id\":\"https:\/\/oronsko.org\/?p=1272#primaryimage\",\"url\":\"https:\/\/oronsko.org\/wp-content\/uploads\/2018\/11\/C_Users_czare_000_Desktop_oronsko-plakatA3-compressed.jpg\",\"contentUrl\":\"https:\/\/oronsko.org\/wp-content\/uploads\/2018\/11\/C_Users_czare_000_Desktop_oronsko-plakatA3-compressed.jpg\",\"width\":3555,\"height\":5008},{\"@type\":\"BreadcrumbList\",\"@id\":\"https:\/\/oronsko.org\/?p=1272#breadcrumb\",\"itemListElement\":[{\"@type\":\"ListItem\",\"position\":1,\"name\":\"Strona g\u0142\u00f3wna\",\"item\":\"https:\/\/oronsko.org\/\"},{\"@type\":\"ListItem\",\"position\":2,\"name\":\"Obchody \u015awi\u0119ta Niepodleg\u0142o\u015bci\"}]},{\"@type\":\"WebSite\",\"@id\":\"https:\/\/oronsko.org\/#website\",\"url\":\"https:\/\/oronsko.org\/\",\"name\":\"Stowarzyszenie Odnowy i Rozwoju Gminy Oro\u0144sko\",\"description\":\"\",\"potentialAction\":[{\"@type\":\"SearchAction\",\"target\":{\"@type\":\"EntryPoint\",\"urlTemplate\":\"https:\/\/oronsko.org\/?s={search_term_string}\"},\"query-input\":{\"@type\":\"PropertyValueSpecification\",\"valueRequired\":true,\"valueName\":\"search_term_string\"}}],\"inLanguage\":\"pl-PL\"},{\"@type\":\"Person\",\"@id\":\"https:\/\/oronsko.org\/#\/schema\/person\/d008aee7ef8cdc6d72c6dddfa0f6fa6a\",\"name\":\"oronsko\",\"image\":{\"@type\":\"ImageObject\",\"inLanguage\":\"pl-PL\",\"@id\":\"https:\/\/oronsko.org\/#\/schema\/person\/image\/\",\"url\":\"https:\/\/secure.gravatar.com\/avatar\/04d4d850872fa512217e3bbde438f64183869a8f4529665ce1917407f81c2c69?s=96&d=mm&r=g\",\"contentUrl\":\"https:\/\/secure.gravatar.com\/avatar\/04d4d850872fa512217e3bbde438f64183869a8f4529665ce1917407f81c2c69?s=96&d=mm&r=g\",\"caption\":\"oronsko\"},\"url\":\"https:\/\/oronsko.org\/?author=2\"}]}<\/script>\n<!-- \/ Yoast SEO plugin. -->","yoast_head_json":{"title":"Obchody \u015awi\u0119ta Niepodleg\u0142o\u015bci - Stowarzyszenie Odnowy i Rozwoju Gminy Oro\u0144sko","robots":{"index":"index","follow":"follow","max-snippet":"max-snippet:-1","max-image-preview":"max-image-preview:large","max-video-preview":"max-video-preview:-1"},"canonical":"https:\/\/oronsko.org\/?p=1272","og_locale":"pl_PL","og_type":"article","og_title":"Obchody \u015awi\u0119ta Niepodleg\u0142o\u015bci - Stowarzyszenie Odnowy i Rozwoju Gminy Oro\u0144sko","og_description":"11 listopada 2018 roku w Oro\u0144sku odb\u0119d\u0105 si\u0119 gminne uroczysto\u015bci zwi\u0105zane z obchodami 100 rocznicy odzyskania przez Polsk\u0119 niepodleg\u0142o\u015bci.","og_url":"https:\/\/oronsko.org\/?p=1272","og_site_name":"Stowarzyszenie Odnowy i Rozwoju Gminy Oro\u0144sko","article_published_time":"2018-11-08T08:51:07+00:00","og_image":[{"width":727,"height":1024,"url":"https:\/\/oronsko.org\/wp-content\/uploads\/2018\/11\/C_Users_czare_000_Desktop_oronsko-plakatA3-compressed-727x1024.jpg","type":"image\/jpeg"}],"author":"oronsko","twitter_card":"summary_large_image","twitter_misc":{"Napisane przez":"oronsko","Szacowany czas czytania":"1 minuta"},"schema":{"@context":"https:\/\/schema.org","@graph":[{"@type":"Article","@id":"https:\/\/oronsko.org\/?p=1272#article","isPartOf":{"@id":"https:\/\/oronsko.org\/?p=1272"},"author":{"name":"oronsko","@id":"https:\/\/oronsko.org\/#\/schema\/person\/d008aee7ef8cdc6d72c6dddfa0f6fa6a"},"headline":"Obchody \u015awi\u0119ta Niepodleg\u0142o\u015bci","datePublished":"2018-11-08T08:51:07+00:00","mainEntityOfPage":{"@id":"https:\/\/oronsko.org\/?p=1272"},"wordCount":143,"commentCount":0,"image":{"@id":"https:\/\/oronsko.org\/?p=1272#primaryimage"},"thumbnailUrl":"https:\/\/oronsko.org\/wp-content\/uploads\/2018\/11\/C_Users_czare_000_Desktop_oronsko-plakatA3-compressed.jpg","inLanguage":"pl-PL","potentialAction":[{"@type":"CommentAction","name":"Comment","target":["https:\/\/oronsko.org\/?p=1272#respond"]}]},{"@type":"WebPage","@id":"https:\/\/oronsko.org\/?p=1272","url":"https:\/\/oronsko.org\/?p=1272","name":"Obchody \u015awi\u0119ta Niepodleg\u0142o\u015bci - Stowarzyszenie Odnowy i Rozwoju Gminy Oro\u0144sko","isPartOf":{"@id":"https:\/\/oronsko.org\/#website"},"primaryImageOfPage":{"@id":"https:\/\/oronsko.org\/?p=1272#primaryimage"},"image":{"@id":"https:\/\/oronsko.org\/?p=1272#primaryimage"},"thumbnailUrl":"https:\/\/oronsko.org\/wp-content\/uploads\/2018\/11\/C_Users_czare_000_Desktop_oronsko-plakatA3-compressed.jpg","datePublished":"2018-11-08T08:51:07+00:00","author":{"@id":"https:\/\/oronsko.org\/#\/schema\/person\/d008aee7ef8cdc6d72c6dddfa0f6fa6a"},"breadcrumb":{"@id":"https:\/\/oronsko.org\/?p=1272#breadcrumb"},"inLanguage":"pl-PL","potentialAction":[{"@type":"ReadAction","target":["https:\/\/oronsko.org\/?p=1272"]}]},{"@type":"ImageObject","inLanguage":"pl-PL","@id":"https:\/\/oronsko.org\/?p=1272#primaryimage","url":"https:\/\/oronsko.org\/wp-content\/uploads\/2018\/11\/C_Users_czare_000_Desktop_oronsko-plakatA3-compressed.jpg","contentUrl":"https:\/\/oronsko.org\/wp-content\/uploads\/2018\/11\/C_Users_czare_000_Desktop_oronsko-plakatA3-compressed.jpg","width":3555,"height":5008},{"@type":"BreadcrumbList","@id":"https:\/\/oronsko.org\/?p=1272#breadcrumb","itemListElement":[{"@type":"ListItem","position":1,"name":"Strona g\u0142\u00f3wna","item":"https:\/\/oronsko.org\/"},{"@type":"ListItem","position":2,"name":"Obchody \u015awi\u0119ta Niepodleg\u0142o\u015bci"}]},{"@type":"WebSite","@id":"https:\/\/oronsko.org\/#website","url":"https:\/\/oronsko.org\/","name":"Stowarzyszenie Odnowy i Rozwoju Gminy Oro\u0144sko","description":"","potentialAction":[{"@type":"SearchAction","target":{"@type":"EntryPoint","urlTemplate":"https:\/\/oronsko.org\/?s={search_term_string}"},"query-input":{"@type":"PropertyValueSpecification","valueRequired":true,"valueName":"search_term_string"}}],"inLanguage":"pl-PL"},{"@type":"Person","@id":"https:\/\/oronsko.org\/#\/schema\/person\/d008aee7ef8cdc6d72c6dddfa0f6fa6a","name":"oronsko","image":{"@type":"ImageObject","inLanguage":"pl-PL","@id":"https:\/\/oronsko.org\/#\/schema\/person\/image\/","url":"https:\/\/secure.gravatar.com\/avatar\/04d4d850872fa512217e3bbde438f64183869a8f4529665ce1917407f81c2c69?s=96&d=mm&r=g","contentUrl":"https:\/\/secure.gravatar.com\/avatar\/04d4d850872fa512217e3bbde438f64183869a8f4529665ce1917407f81c2c69?s=96&d=mm&r=g","caption":"oronsko"},"url":"https:\/\/oronsko.org\/?author=2"}]}},"_links":{"self":[{"href":"https:\/\/oronsko.org\/index.php?rest_route=\/wp\/v2\/posts\/1272","targetHints":{"allow":["GET"]}}],"collection":[{"href":"https:\/\/oronsko.org\/index.php?rest_route=\/wp\/v2\/posts"}],"about":[{"href":"https:\/\/oronsko.org\/index.php?rest_route=\/wp\/v2\/types\/post"}],"author":[{"embeddable":true,"href":"https:\/\/oronsko.org\/index.php?rest_route=\/wp\/v2\/users\/2"}],"replies":[{"embeddable":true,"href":"https:\/\/oronsko.org\/index.php?rest_route=%2Fwp%2Fv2%2Fcomments&post=1272"}],"version-history":[{"count":1,"href":"https:\/\/oronsko.org\/index.php?rest_route=\/wp\/v2\/posts\/1272\/revisions"}],"predecessor-version":[{"id":1274,"href":"https:\/\/oronsko.org\/index.php?rest_route=\/wp\/v2\/posts\/1272\/revisions\/1274"}],"wp:featuredmedia":[{"embeddable":true,"href":"https:\/\/oronsko.org\/index.php?rest_route=\/wp\/v2\/media\/1273"}],"wp:attachment":[{"href":"https:\/\/oronsko.org\/index.php?rest_route=%2Fwp%2Fv2%2Fmedia&parent=1272"}],"wp:term":[{"taxonomy":"category","embeddable":true,"href":"https:\/\/oronsko.org\/index.php?rest_route=%2Fwp%2Fv2%2Fcategories&post=1272"},{"taxonomy":"post_tag","embeddable":true,"href":"https:\/\/oronsko.org\/index.php?rest_route=%2Fwp%2Fv2%2Ftags&post=1272"}],"curies":[{"name":"wp","href":"https:\/\/api.w.org\/{rel}","templated":true}]}}