{"id":1196,"date":"2018-08-28T13:57:25","date_gmt":"2018-08-28T11:57:25","guid":{"rendered":"http:\/\/oronsko.org\/?p=1196"},"modified":"2018-08-28T13:57:25","modified_gmt":"2018-08-28T11:57:25","slug":"niespodziewany-poczatek-jesieni-2","status":"publish","type":"post","link":"https:\/\/oronsko.org\/?p=1196","title":{"rendered":"Niespodziewany Pocz\u0105tek Jesieni"},"content":{"rendered":"<p style=\"text-align: justify;\">9 wrze\u015bnia 2018 r. od godz. 12.00 Centrum Rze\u017aby Polskiej w Oro\u0144sku, Ambasada Republiki \u0141otewskiej w Polsce i Fons Projects zapraszaj\u0105 na kolejn\u0105 edycj\u0119 Niespodziewanego Pocz\u0105tku Jesieni. Tradycja organizowania festyn\u00f3w dedykowanych r\u00f3\u017cnym kulturom narodowym ma ju\u017c szesna\u015bcie lat.<!--more--> Bawili\u015bmy si\u0119 na festynach egzotycznych i bli\u017cszych nam kulturowo: niemieckim, ukrai\u0144skim czy w\u0119gierskim. Tegoroczna edycja dedykowana b\u0119dzie kulturze \u0142otewskiej. \u0141otwa, podobnie jak Polska, w tym roku \u015bwi\u0119tuje setn\u0105 rocznic\u0119 odzyskania niepodleg\u0142o\u015bci, ten fakt oraz wiele lat wsp\u00f3lnej bezkonfliktowej historii zadecydowa\u0142y o wyborze w\u0142a\u015bnie tego kraju. Mimo i\u017c wiele nas \u0142\u0105czy, Polacy niewiele wiedz\u0105 o \u0141otwie, tymczasem ma ona bardzo du\u017co do zaoferowania.<\/p>\n<p style=\"text-align: justify;\">G\u0142\u00f3wnymi atrakcjami oro\u0144skiego spotkania b\u0119d\u0105 wyst\u0119py zespo\u0142\u00f3w pie\u015bni i ta\u0144ca \u201eR\u016btoj\u201d i \u201eGauja\u201d oraz Jeleny Matuli &amp; Friends Band Riga. Zesp\u00f3\u0142 \u201eGauja\u201d z Valmiery jest odpowiednikiem naszego \u201eMazowsza\u201d, zaprezentuje muzyk\u0119 oraz ta\u0144ce ludowe na najwy\u017cszym, profesjonalnym poziomie. Jelena Matula, znana w Polsce jako finalistka \u201eThe Voice of Poland\u201d, wykona \u0142otewskie, polskie i \u015bwiatowe przeboje. Z Poznania przyjedzie zesp\u00f3\u0142 \u201eDziwy\u201d, graj\u0105cy muzyk\u0119 rockow\u0105 w oparciu o motywy \u0142otewskie.<\/p>\n<p style=\"text-align: justify;\">Najm\u0142odsi obejrz\u0105 przedstawienie \u201eBajkowa \u0141otwa\u201d, w kt\u00f3rym wyst\u0105pi\u0105 dzieci polskie i \u0142otewskie. Scenografi\u0119 do spektaklu wykonali uczniowie Zespo\u0142u Szk\u00f3\u0142 Plastycznych w Radomiu, ich prace wezm\u0105 udzia\u0142 w konkursie, kt\u00f3ry rozstrzygni\u0119ty zostanie podczas festynu. Nagrody dla zwyci\u0119zc\u00f3w ufundowa\u0142a Ambasada Republiki \u0141otewskiej w Warszawie.<\/p>\n<p style=\"text-align: justify;\">Wiele atrakcji zaplanowano r\u00f3wnie\u017c poza scen\u0105. Przybyli do Oro\u0144ska b\u0119d\u0105 mieli okazj\u0119 wsp\u00f3lnie tka\u0107 megabie\u017cnik o d\u0142ugo\u015bci 15 m lub indywidualnie krajk\u0119 na bardku (rodzaj prostego krosna), ponadto wzi\u0105\u0107 udzia\u0142 w konkursie wiedzy o \u0141otwie czy w grze terenowej. Dla wszystkich uczestnik\u00f3w konkursu i gry przewidziano nagrody!<\/p>\n<p style=\"text-align: justify;\">W przygotowania do festynu aktywnie w\u0142\u0105czy\u0142a si\u0119 szk\u00f3\u0142ka j\u0119zyka i kultury \u0142otewskiej \u201eKodoli\u0146\u0161\u201d w Warszawie. Uczniowie i nauczyciele poprowadz\u0105 zaj\u0119cia plastyczne i lingwistyczne, w ramach kt\u00f3rych ch\u0119tni b\u0119d\u0105 mieli szans\u0119 malowa\u0107 \u0142otewskie symbole na kamieniach z Ba\u0142tyku, za\u015b dzieci poznaj\u0105 zabawy z \u0142otewskich podw\u00f3rek. Przewidziano r\u00f3wnie\u017c prezentacj\u0119 wyj\u0105tkowo pi\u0119knych stroj\u00f3w ludowych.<\/p>\n<p style=\"text-align: justify;\">Co roku festynowi towarzyszy ekspozycja odnosz\u0105ca si\u0119 do tematu wiod\u0105cego. W tym roku b\u0119dzie to wystawa dla dzieci i doros\u0142ych \u201eLalki \u015bwiata\u201d, nawi\u0105zuj\u0105ca do mi\u0119dzynarodowego festiwalu teatr\u00f3w lalkarskich, kt\u00f3ry odbywa si\u0119 w Rydze. W Oro\u0144sku zaprezentowanych b\u0119dzie ok. 120 lalek teatralnych. B\u0119d\u0105 kukie\u0142ki, marionetki i pacynki, jedne ponadnaturalnych rozmiar\u00f3w, inne kilkunastocentymetrowe, wszystkie one gra\u0142y w przedstawieniach opartych na motywach chi\u0144skich, arabskich, francuskich. Dla zainteresowanych Teatr Lalki i Aktora \u201eKubu\u015b\u201d w Kielcach przygotowa\u0142 nie lada niespodziank\u0119 \u2013 warsztaty, podczas kt\u00f3rych dzieci wsp\u00f3lnie z rodzicami b\u0119d\u0105 mog\u0142y wykona\u0107 w\u0142asne lalki.<\/p>\n<p style=\"text-align: justify;\">Tradycyjnie, nie zabraknie konkurs\u00f3w z nagrodami, placu zabaw dla dzieci oraz zaj\u0119\u0107 og\u00f3lnorozrywkowych (kule wodne, zje\u017cd\u017calnia, \u017cyroskop, tarcza strzelecka), jak i typowych dla instytucji\u00a0 \u2013 toczenia na kole i lepienia w glinie.<\/p>\n<p style=\"text-align: justify;\">Jak co roku w programie przewidziano degustacj\u0119 potraw kuchni prezentowanego kraju. Powszechnie znany jest czarny balsam, ale czy kto\u015b jad\u0142 szary groch? B\u0119dzie okazja do spr\u00f3bowania tych i wielu innych specja\u0142\u00f3w kuchni \u0142otewskiej, kt\u00f3re b\u0119d\u0105 serwowane przez \u0141otyszy na kilku stoiskach gastronomicznych. Ci, kt\u00f3rym do gustu przypadn\u0105 smaki \u0142otewskie b\u0119d\u0105 mogli kupi\u0107 produkty spo\u017cywcze, z kt\u00f3rych w domu sami przygotuj\u0105 potrawy typowe dla tego regionu.<\/p>\n<p style=\"text-align: justify;\">Do Oro\u0144ska zawita tego dnia du\u017ca grupa (ponad 30 os\u00f3b) producent\u00f3w wyrob\u00f3w lokalnych i rzemie\u015blnik\u00f3w. Zaprezentuj\u0105 sw\u00f3j kunszt zawodowy oraz wyroby, kt\u00f3re powstaj\u0105 w ich pracowniach. Sw\u00f3j przyjazd zapowiedzieli: kowale, ceramicy, producenci instrument\u00f3w muzycznych, wyrob\u00f3w z drewna, ze sk\u00f3ry, ozd\u00f3b i bi\u017cuterii oraz r\u0119kodzie\u0142a.<\/p>\n<p style=\"text-align: justify;\">M\u0142odzie\u017cowe dru\u017cyny z \u0141otwy i Polski \u2013 JDFS Alberts i \u201eOronka\u201d \u2013 rozegraj\u0105 mi\u0119dzynarodowy mecz na stadionie \u201eOronki\u201d.<\/p>\n<p style=\"text-align: justify;\">Atrakcji nie zabraknie. R\u00f3\u017cnorodny i bogaty program gwarantuje, \u017ce nikt nie b\u0119dzie si\u0119 nudzi\u0142 tego dnia w Oro\u0144sku. Warto wi\u0119c przyjecha\u0107 do CRP, aby przekona\u0107 si\u0119 jak wiele ma do zaoferowania \u0141otwa. Program jest tak r\u00f3\u017cnorodny, \u017ce ka\u017cdy niezale\u017cnie od wieku i zainteresowa\u0144 znajdzie co\u015b dla siebie.<\/p>\n<p style=\"text-align: justify;\">Do Oro\u0144ska mo\u017cna ju\u017c dojecha\u0107 star\u0105 drog\u0105 nr 7, bez konieczno\u015bci objazdu. Na niezmotoryzowanych b\u0119d\u0105 czeka\u0142y autobusy firmy Michalczewski przed dworcem PKP (pod zegarem) o godz. 12:00 i 13:30 oraz powrotne 18:30 i 20:00.<\/p>\n<p style=\"text-align: justify;\">Patronat honorowy na festynem obj\u0105\u0142 Prezydent Miasta Radomia, partnerem wydarzenia jest Teatr Lalki i Aktora \u201eKubu\u015b\u201d z Kielc.<\/p>\n<p style=\"text-align: right;\"><em><span style=\"font-size: 8pt;\">\u0179r\u00f3d\u0142o: Centrum Rze\u017aby Polskiej w Oro\u0144sku<\/span><\/em><\/p>\n<p style=\"text-align: left;\"><em><span style=\"font-size: 8pt;\"><a href=\"http:\/\/oronsko.org\/wp-content\/uploads\/2018\/08\/NPJ-2018-B1-www.jpg\" data-rel=\"lightbox-image-0\" data-rl_title=\"\" data-rl_caption=\"\" title=\"\"><img loading=\"lazy\" decoding=\"async\" class=\" wp-image-1197 aligncenter\" src=\"http:\/\/oronsko.org\/wp-content\/uploads\/2018\/08\/NPJ-2018-B1-www-711x1024.jpg\" alt=\"\" width=\"592\" height=\"853\" srcset=\"https:\/\/oronsko.org\/wp-content\/uploads\/2018\/08\/NPJ-2018-B1-www-711x1024.jpg 711w, https:\/\/oronsko.org\/wp-content\/uploads\/2018\/08\/NPJ-2018-B1-www-208x300.jpg 208w, https:\/\/oronsko.org\/wp-content\/uploads\/2018\/08\/NPJ-2018-B1-www-768x1106.jpg 768w, https:\/\/oronsko.org\/wp-content\/uploads\/2018\/08\/NPJ-2018-B1-www.jpg 889w\" sizes=\"auto, (max-width: 592px) 100vw, 592px\" \/><\/a>\u00a0<\/span><\/em><\/p>\n","protected":false},"excerpt":{"rendered":"<p>9 wrze\u015bnia 2018 r. od godz. 12.00 Centrum Rze\u017aby Polskiej w Oro\u0144sku, Ambasada Republiki \u0141otewskiej w Polsce i Fons Projects zapraszaj\u0105 na kolejn\u0105 edycj\u0119 Niespodziewanego Pocz\u0105tku Jesieni. Tradycja organizowania festyn\u00f3w dedykowanych r\u00f3\u017cnym kulturom narodowym ma ju\u017c szesna\u015bcie lat.<\/p>\n","protected":false},"author":2,"featured_media":1197,"comment_status":"open","ping_status":"open","sticky":false,"template":"","format":"standard","meta":{"footnotes":""},"categories":[1],"tags":[],"class_list":["post-1196","post","type-post","status-publish","format-standard","has-post-thumbnail","hentry","category-bez-kategorii"],"yoast_head":"<!-- This site is optimized with the Yoast SEO plugin v26.8 - https:\/\/yoast.com\/product\/yoast-seo-wordpress\/ -->\n<title>Niespodziewany Pocz\u0105tek Jesieni - Stowarzyszenie Odnowy i Rozwoju Gminy Oro\u0144sko<\/title>\n<meta name=\"robots\" content=\"index, follow, max-snippet:-1, max-image-preview:large, max-video-preview:-1\" \/>\n<link rel=\"canonical\" href=\"https:\/\/oronsko.org\/?p=1196\" \/>\n<meta property=\"og:locale\" content=\"pl_PL\" \/>\n<meta property=\"og:type\" content=\"article\" \/>\n<meta property=\"og:title\" content=\"Niespodziewany Pocz\u0105tek Jesieni - Stowarzyszenie Odnowy i Rozwoju Gminy Oro\u0144sko\" \/>\n<meta property=\"og:description\" content=\"9 wrze\u015bnia 2018 r. od godz. 12.00 Centrum Rze\u017aby Polskiej w Oro\u0144sku, Ambasada Republiki \u0141otewskiej w Polsce i Fons Projects zapraszaj\u0105 na kolejn\u0105 edycj\u0119 Niespodziewanego Pocz\u0105tku Jesieni. Tradycja organizowania festyn\u00f3w dedykowanych r\u00f3\u017cnym kulturom narodowym ma ju\u017c szesna\u015bcie lat.\" \/>\n<meta property=\"og:url\" content=\"https:\/\/oronsko.org\/?p=1196\" \/>\n<meta property=\"og:site_name\" content=\"Stowarzyszenie Odnowy i Rozwoju Gminy Oro\u0144sko\" \/>\n<meta property=\"article:published_time\" content=\"2018-08-28T11:57:25+00:00\" \/>\n<meta property=\"og:image\" content=\"https:\/\/oronsko.org\/wp-content\/uploads\/2018\/08\/NPJ-2018-B1-www.jpg\" \/>\n\t<meta property=\"og:image:width\" content=\"889\" \/>\n\t<meta property=\"og:image:height\" content=\"1280\" \/>\n\t<meta property=\"og:image:type\" content=\"image\/jpeg\" \/>\n<meta name=\"author\" content=\"oronsko\" \/>\n<meta name=\"twitter:card\" content=\"summary_large_image\" \/>\n<meta name=\"twitter:label1\" content=\"Napisane przez\" \/>\n\t<meta name=\"twitter:data1\" content=\"oronsko\" \/>\n\t<meta name=\"twitter:label2\" content=\"Szacowany czas czytania\" \/>\n\t<meta name=\"twitter:data2\" content=\"4 minuty\" \/>\n<script type=\"application\/ld+json\" class=\"yoast-schema-graph\">{\"@context\":\"https:\/\/schema.org\",\"@graph\":[{\"@type\":\"Article\",\"@id\":\"https:\/\/oronsko.org\/?p=1196#article\",\"isPartOf\":{\"@id\":\"https:\/\/oronsko.org\/?p=1196\"},\"author\":{\"name\":\"oronsko\",\"@id\":\"https:\/\/oronsko.org\/#\/schema\/person\/d008aee7ef8cdc6d72c6dddfa0f6fa6a\"},\"headline\":\"Niespodziewany Pocz\u0105tek Jesieni\",\"datePublished\":\"2018-08-28T11:57:25+00:00\",\"mainEntityOfPage\":{\"@id\":\"https:\/\/oronsko.org\/?p=1196\"},\"wordCount\":781,\"commentCount\":0,\"image\":{\"@id\":\"https:\/\/oronsko.org\/?p=1196#primaryimage\"},\"thumbnailUrl\":\"https:\/\/oronsko.org\/wp-content\/uploads\/2018\/08\/NPJ-2018-B1-www.jpg\",\"inLanguage\":\"pl-PL\",\"potentialAction\":[{\"@type\":\"CommentAction\",\"name\":\"Comment\",\"target\":[\"https:\/\/oronsko.org\/?p=1196#respond\"]}]},{\"@type\":\"WebPage\",\"@id\":\"https:\/\/oronsko.org\/?p=1196\",\"url\":\"https:\/\/oronsko.org\/?p=1196\",\"name\":\"Niespodziewany Pocz\u0105tek Jesieni - Stowarzyszenie Odnowy i Rozwoju Gminy Oro\u0144sko\",\"isPartOf\":{\"@id\":\"https:\/\/oronsko.org\/#website\"},\"primaryImageOfPage\":{\"@id\":\"https:\/\/oronsko.org\/?p=1196#primaryimage\"},\"image\":{\"@id\":\"https:\/\/oronsko.org\/?p=1196#primaryimage\"},\"thumbnailUrl\":\"https:\/\/oronsko.org\/wp-content\/uploads\/2018\/08\/NPJ-2018-B1-www.jpg\",\"datePublished\":\"2018-08-28T11:57:25+00:00\",\"author\":{\"@id\":\"https:\/\/oronsko.org\/#\/schema\/person\/d008aee7ef8cdc6d72c6dddfa0f6fa6a\"},\"breadcrumb\":{\"@id\":\"https:\/\/oronsko.org\/?p=1196#breadcrumb\"},\"inLanguage\":\"pl-PL\",\"potentialAction\":[{\"@type\":\"ReadAction\",\"target\":[\"https:\/\/oronsko.org\/?p=1196\"]}]},{\"@type\":\"ImageObject\",\"inLanguage\":\"pl-PL\",\"@id\":\"https:\/\/oronsko.org\/?p=1196#primaryimage\",\"url\":\"https:\/\/oronsko.org\/wp-content\/uploads\/2018\/08\/NPJ-2018-B1-www.jpg\",\"contentUrl\":\"https:\/\/oronsko.org\/wp-content\/uploads\/2018\/08\/NPJ-2018-B1-www.jpg\",\"width\":889,\"height\":1280},{\"@type\":\"BreadcrumbList\",\"@id\":\"https:\/\/oronsko.org\/?p=1196#breadcrumb\",\"itemListElement\":[{\"@type\":\"ListItem\",\"position\":1,\"name\":\"Strona g\u0142\u00f3wna\",\"item\":\"https:\/\/oronsko.org\/\"},{\"@type\":\"ListItem\",\"position\":2,\"name\":\"Niespodziewany Pocz\u0105tek Jesieni\"}]},{\"@type\":\"WebSite\",\"@id\":\"https:\/\/oronsko.org\/#website\",\"url\":\"https:\/\/oronsko.org\/\",\"name\":\"Stowarzyszenie Odnowy i Rozwoju Gminy Oro\u0144sko\",\"description\":\"\",\"potentialAction\":[{\"@type\":\"SearchAction\",\"target\":{\"@type\":\"EntryPoint\",\"urlTemplate\":\"https:\/\/oronsko.org\/?s={search_term_string}\"},\"query-input\":{\"@type\":\"PropertyValueSpecification\",\"valueRequired\":true,\"valueName\":\"search_term_string\"}}],\"inLanguage\":\"pl-PL\"},{\"@type\":\"Person\",\"@id\":\"https:\/\/oronsko.org\/#\/schema\/person\/d008aee7ef8cdc6d72c6dddfa0f6fa6a\",\"name\":\"oronsko\",\"image\":{\"@type\":\"ImageObject\",\"inLanguage\":\"pl-PL\",\"@id\":\"https:\/\/oronsko.org\/#\/schema\/person\/image\/\",\"url\":\"https:\/\/secure.gravatar.com\/avatar\/04d4d850872fa512217e3bbde438f64183869a8f4529665ce1917407f81c2c69?s=96&d=mm&r=g\",\"contentUrl\":\"https:\/\/secure.gravatar.com\/avatar\/04d4d850872fa512217e3bbde438f64183869a8f4529665ce1917407f81c2c69?s=96&d=mm&r=g\",\"caption\":\"oronsko\"},\"url\":\"https:\/\/oronsko.org\/?author=2\"}]}<\/script>\n<!-- \/ Yoast SEO plugin. -->","yoast_head_json":{"title":"Niespodziewany Pocz\u0105tek Jesieni - Stowarzyszenie Odnowy i Rozwoju Gminy Oro\u0144sko","robots":{"index":"index","follow":"follow","max-snippet":"max-snippet:-1","max-image-preview":"max-image-preview:large","max-video-preview":"max-video-preview:-1"},"canonical":"https:\/\/oronsko.org\/?p=1196","og_locale":"pl_PL","og_type":"article","og_title":"Niespodziewany Pocz\u0105tek Jesieni - Stowarzyszenie Odnowy i Rozwoju Gminy Oro\u0144sko","og_description":"9 wrze\u015bnia 2018 r. od godz. 12.00 Centrum Rze\u017aby Polskiej w Oro\u0144sku, Ambasada Republiki \u0141otewskiej w Polsce i Fons Projects zapraszaj\u0105 na kolejn\u0105 edycj\u0119 Niespodziewanego Pocz\u0105tku Jesieni. Tradycja organizowania festyn\u00f3w dedykowanych r\u00f3\u017cnym kulturom narodowym ma ju\u017c szesna\u015bcie lat.","og_url":"https:\/\/oronsko.org\/?p=1196","og_site_name":"Stowarzyszenie Odnowy i Rozwoju Gminy Oro\u0144sko","article_published_time":"2018-08-28T11:57:25+00:00","og_image":[{"width":889,"height":1280,"url":"https:\/\/oronsko.org\/wp-content\/uploads\/2018\/08\/NPJ-2018-B1-www.jpg","type":"image\/jpeg"}],"author":"oronsko","twitter_card":"summary_large_image","twitter_misc":{"Napisane przez":"oronsko","Szacowany czas czytania":"4 minuty"},"schema":{"@context":"https:\/\/schema.org","@graph":[{"@type":"Article","@id":"https:\/\/oronsko.org\/?p=1196#article","isPartOf":{"@id":"https:\/\/oronsko.org\/?p=1196"},"author":{"name":"oronsko","@id":"https:\/\/oronsko.org\/#\/schema\/person\/d008aee7ef8cdc6d72c6dddfa0f6fa6a"},"headline":"Niespodziewany Pocz\u0105tek Jesieni","datePublished":"2018-08-28T11:57:25+00:00","mainEntityOfPage":{"@id":"https:\/\/oronsko.org\/?p=1196"},"wordCount":781,"commentCount":0,"image":{"@id":"https:\/\/oronsko.org\/?p=1196#primaryimage"},"thumbnailUrl":"https:\/\/oronsko.org\/wp-content\/uploads\/2018\/08\/NPJ-2018-B1-www.jpg","inLanguage":"pl-PL","potentialAction":[{"@type":"CommentAction","name":"Comment","target":["https:\/\/oronsko.org\/?p=1196#respond"]}]},{"@type":"WebPage","@id":"https:\/\/oronsko.org\/?p=1196","url":"https:\/\/oronsko.org\/?p=1196","name":"Niespodziewany Pocz\u0105tek Jesieni - Stowarzyszenie Odnowy i Rozwoju Gminy Oro\u0144sko","isPartOf":{"@id":"https:\/\/oronsko.org\/#website"},"primaryImageOfPage":{"@id":"https:\/\/oronsko.org\/?p=1196#primaryimage"},"image":{"@id":"https:\/\/oronsko.org\/?p=1196#primaryimage"},"thumbnailUrl":"https:\/\/oronsko.org\/wp-content\/uploads\/2018\/08\/NPJ-2018-B1-www.jpg","datePublished":"2018-08-28T11:57:25+00:00","author":{"@id":"https:\/\/oronsko.org\/#\/schema\/person\/d008aee7ef8cdc6d72c6dddfa0f6fa6a"},"breadcrumb":{"@id":"https:\/\/oronsko.org\/?p=1196#breadcrumb"},"inLanguage":"pl-PL","potentialAction":[{"@type":"ReadAction","target":["https:\/\/oronsko.org\/?p=1196"]}]},{"@type":"ImageObject","inLanguage":"pl-PL","@id":"https:\/\/oronsko.org\/?p=1196#primaryimage","url":"https:\/\/oronsko.org\/wp-content\/uploads\/2018\/08\/NPJ-2018-B1-www.jpg","contentUrl":"https:\/\/oronsko.org\/wp-content\/uploads\/2018\/08\/NPJ-2018-B1-www.jpg","width":889,"height":1280},{"@type":"BreadcrumbList","@id":"https:\/\/oronsko.org\/?p=1196#breadcrumb","itemListElement":[{"@type":"ListItem","position":1,"name":"Strona g\u0142\u00f3wna","item":"https:\/\/oronsko.org\/"},{"@type":"ListItem","position":2,"name":"Niespodziewany Pocz\u0105tek Jesieni"}]},{"@type":"WebSite","@id":"https:\/\/oronsko.org\/#website","url":"https:\/\/oronsko.org\/","name":"Stowarzyszenie Odnowy i Rozwoju Gminy Oro\u0144sko","description":"","potentialAction":[{"@type":"SearchAction","target":{"@type":"EntryPoint","urlTemplate":"https:\/\/oronsko.org\/?s={search_term_string}"},"query-input":{"@type":"PropertyValueSpecification","valueRequired":true,"valueName":"search_term_string"}}],"inLanguage":"pl-PL"},{"@type":"Person","@id":"https:\/\/oronsko.org\/#\/schema\/person\/d008aee7ef8cdc6d72c6dddfa0f6fa6a","name":"oronsko","image":{"@type":"ImageObject","inLanguage":"pl-PL","@id":"https:\/\/oronsko.org\/#\/schema\/person\/image\/","url":"https:\/\/secure.gravatar.com\/avatar\/04d4d850872fa512217e3bbde438f64183869a8f4529665ce1917407f81c2c69?s=96&d=mm&r=g","contentUrl":"https:\/\/secure.gravatar.com\/avatar\/04d4d850872fa512217e3bbde438f64183869a8f4529665ce1917407f81c2c69?s=96&d=mm&r=g","caption":"oronsko"},"url":"https:\/\/oronsko.org\/?author=2"}]}},"_links":{"self":[{"href":"https:\/\/oronsko.org\/index.php?rest_route=\/wp\/v2\/posts\/1196","targetHints":{"allow":["GET"]}}],"collection":[{"href":"https:\/\/oronsko.org\/index.php?rest_route=\/wp\/v2\/posts"}],"about":[{"href":"https:\/\/oronsko.org\/index.php?rest_route=\/wp\/v2\/types\/post"}],"author":[{"embeddable":true,"href":"https:\/\/oronsko.org\/index.php?rest_route=\/wp\/v2\/users\/2"}],"replies":[{"embeddable":true,"href":"https:\/\/oronsko.org\/index.php?rest_route=%2Fwp%2Fv2%2Fcomments&post=1196"}],"version-history":[{"count":1,"href":"https:\/\/oronsko.org\/index.php?rest_route=\/wp\/v2\/posts\/1196\/revisions"}],"predecessor-version":[{"id":1198,"href":"https:\/\/oronsko.org\/index.php?rest_route=\/wp\/v2\/posts\/1196\/revisions\/1198"}],"wp:featuredmedia":[{"embeddable":true,"href":"https:\/\/oronsko.org\/index.php?rest_route=\/wp\/v2\/media\/1197"}],"wp:attachment":[{"href":"https:\/\/oronsko.org\/index.php?rest_route=%2Fwp%2Fv2%2Fmedia&parent=1196"}],"wp:term":[{"taxonomy":"category","embeddable":true,"href":"https:\/\/oronsko.org\/index.php?rest_route=%2Fwp%2Fv2%2Fcategories&post=1196"},{"taxonomy":"post_tag","embeddable":true,"href":"https:\/\/oronsko.org\/index.php?rest_route=%2Fwp%2Fv2%2Ftags&post=1196"}],"curies":[{"name":"wp","href":"https:\/\/api.w.org\/{rel}","templated":true}]}}