{"id":1183,"date":"2018-08-25T19:49:10","date_gmt":"2018-08-25T17:49:10","guid":{"rendered":"http:\/\/oronsko.org\/?p=1183"},"modified":"2018-08-25T20:03:52","modified_gmt":"2018-08-25T18:03:52","slug":"zaproszenie-na-koncert-choru-marianskiego","status":"publish","type":"post","link":"https:\/\/oronsko.org\/?p=1183","title":{"rendered":"Zapraszamy na koncert Ch\u00f3ru Maria\u0144skiego"},"content":{"rendered":"<p style=\"text-align: justify;\">Stowarzyszenie Odnowy i Rozwoju Gminy Oro\u0144sko wraz z Parafi\u0105 w Oro\u0144sku zapraszaj\u0105 na koncert Ch\u00f3ru Maria\u0144skiego z Krakowa pod dyrekcj\u0105 Maestro dr Jana Rybarskiego, zatytu\u0142owany \u201eLaudate Libertas \u2013 Chwalmy Wolno\u015b\u0107\u201d.<strong> Koncert odb\u0119dzie si\u0119 23 wrze\u015bnia 2018 roku o godzinie 12.30 w ko\u015bciele pw. Wniebowzi\u0119cia Naj\u015bwi\u0119tszej Maryi Panny w\u00a0Oro\u0144sku.<\/strong> <strong>Wst\u0119p na koncert jest bezp\u0142atny. <\/strong><!--more--><\/p>\n<p style=\"text-align: justify;\">Ch\u00f3r o \u015bwiatowej renomie i ponad pi\u0119\u0107dziesi\u0119cioletniej tradycji u\u015bwietni r\u00f3wnie\u017c celebr\u0119 Mszy \u015bwi\u0119tej o godzinie 11.30. Ch\u00f3r prezentuje bogaty repertuar muzyki sakralnej, a\u00a0tak\u017ce muzyki klasycznej r\u00f3\u017cnych epok &#8211; \u015bredniowiecza, renesansu, baroku, jak r\u00f3wnie\u017c kompozytor\u00f3w wsp\u00f3\u0142czesnych. Podczas koncertu w Oro\u0144sku zostan\u0105 wykonane utwory autorstwa m.in. Norwida, S\u0142owackiego, Baczy\u0144skiego, Jana Paw\u0142a II, a w szczeg\u00f3lno\u015bci: Moja Piosnka, Wszystko co Polsk\u0119 stanowi, Ave Maria, Czego chcesz od nas Panie, Alleluja, a tak\u017ce Gaude Mater Polonia. Utw\u00f3r Gaude Mater Polonia (Raduj si\u0119 Matko Polsko) jest jednym z najstarszych utwor\u00f3w liryki polsko-\u0142aci\u0144skiej i stanowi\u0142 polski \u015bredniowieczny hymn ku czci \u015bw. Stanis\u0142awa ze Szczepanowa. Pie\u015b\u0144 t\u0105 \u015bpiewa\u0142o rycerstwo polskie po odniesionym zwyci\u0119stwie. P\u00f3\u017aniej towarzyszy\u0142a uroczysto\u015bciom narodowym.<\/p>\n<p style=\"text-align: justify;\">Mieszany Ch\u00f3r Maria\u0144ski poszczyci\u0107 si\u0119 mo\u017ce licznymi nagrodami i\u00a0wyr\u00f3\u017cnieniami w\u00a0presti\u017cowych konkursach muzyki ch\u00f3ralnej, w tym ostatnio zdobytym w\u00a0bie\u017c\u0105cym roku wyr\u00f3\u017cnieniem na IX Krakowskim Mi\u0119dzynarodowym Festiwalu Ch\u00f3ralnym \u201eCracovia Cantans\u201d, a tak\u017ce sze\u015bcioma nagranymi p\u0142ytami. Ch\u00f3r koncertowa\u0142 w wielu zak\u0105tkach\u00a0 globu mi\u0119dzy innymi w: Nowym Jorku, Pary\u017cu, Wersalu, Nicei, Brukseli, Wiedniu, Zagrzebiu, Rzymie, Marsylii, San Sebastian, Oslo, Amsterdamie, Norymberdze, Berlinie, Monachium, Lwowie, Wilnie, Budapeszcie oraz Pradze.<\/p>\n<p style=\"text-align: justify;\">Koncert jest przygotowywany z okazji 100-lecia odzyskania przez Polsk\u0119 niepodleg\u0142o\u015bci, a jego organizacja jest dofinansowana przez Zarz\u0105d Wojew\u00f3dztwa Mazowieckiego.<\/p>\n<p><a href=\"http:\/\/oronsko.org\/wp-content\/uploads\/2018\/08\/plakat_koncert.jpg\" data-rel=\"lightbox-image-0\" data-rl_title=\"\" data-rl_caption=\"\" title=\"\"><img loading=\"lazy\" decoding=\"async\" class=\"wp-image-1184 aligncenter\" src=\"http:\/\/oronsko.org\/wp-content\/uploads\/2018\/08\/plakat_koncert-714x1024.jpg\" alt=\"\" width=\"551\" height=\"790\" srcset=\"https:\/\/oronsko.org\/wp-content\/uploads\/2018\/08\/plakat_koncert-714x1024.jpg 714w, https:\/\/oronsko.org\/wp-content\/uploads\/2018\/08\/plakat_koncert-209x300.jpg 209w, https:\/\/oronsko.org\/wp-content\/uploads\/2018\/08\/plakat_koncert-768x1101.jpg 768w\" sizes=\"auto, (max-width: 551px) 100vw, 551px\" \/><\/a><\/p>\n<p>&nbsp;<\/p>\n","protected":false},"excerpt":{"rendered":"<p>Stowarzyszenie Odnowy i Rozwoju Gminy Oro\u0144sko wraz z Parafi\u0105 w Oro\u0144sku zapraszaj\u0105 na koncert Ch\u00f3ru Maria\u0144skiego z Krakowa pod dyrekcj\u0105 Maestro dr Jana Rybarskiego, zatytu\u0142owany \u201eLaudate Libertas \u2013 Chwalmy Wolno\u015b\u0107\u201d. Koncert odb\u0119dzie si\u0119 23 wrze\u015bnia 2018 roku o godzinie 12.30 w ko\u015bciele pw. Wniebowzi\u0119cia Naj\u015bwi\u0119tszej Maryi Panny w\u00a0Oro\u0144sku. Wst\u0119p na koncert jest bezp\u0142atny.<\/p>\n","protected":false},"author":2,"featured_media":1184,"comment_status":"open","ping_status":"open","sticky":false,"template":"","format":"standard","meta":{"footnotes":""},"categories":[1],"tags":[],"class_list":["post-1183","post","type-post","status-publish","format-standard","has-post-thumbnail","hentry","category-bez-kategorii"],"yoast_head":"<!-- This site is optimized with the Yoast SEO plugin v26.8 - https:\/\/yoast.com\/product\/yoast-seo-wordpress\/ -->\n<title>Zapraszamy na koncert Ch\u00f3ru Maria\u0144skiego - Stowarzyszenie Odnowy i Rozwoju Gminy Oro\u0144sko<\/title>\n<meta name=\"robots\" content=\"index, follow, max-snippet:-1, max-image-preview:large, max-video-preview:-1\" \/>\n<link rel=\"canonical\" href=\"https:\/\/oronsko.org\/?p=1183\" \/>\n<meta property=\"og:locale\" content=\"pl_PL\" \/>\n<meta property=\"og:type\" content=\"article\" \/>\n<meta property=\"og:title\" content=\"Zapraszamy na koncert Ch\u00f3ru Maria\u0144skiego - Stowarzyszenie Odnowy i Rozwoju Gminy Oro\u0144sko\" \/>\n<meta property=\"og:description\" content=\"Stowarzyszenie Odnowy i Rozwoju Gminy Oro\u0144sko wraz z Parafi\u0105 w Oro\u0144sku zapraszaj\u0105 na koncert Ch\u00f3ru Maria\u0144skiego z Krakowa pod dyrekcj\u0105 Maestro dr Jana Rybarskiego, zatytu\u0142owany \u201eLaudate Libertas \u2013 Chwalmy Wolno\u015b\u0107\u201d. Koncert odb\u0119dzie si\u0119 23 wrze\u015bnia 2018 roku o godzinie 12.30 w ko\u015bciele pw. Wniebowzi\u0119cia Naj\u015bwi\u0119tszej Maryi Panny w\u00a0Oro\u0144sku. Wst\u0119p na koncert jest bezp\u0142atny.\" \/>\n<meta property=\"og:url\" content=\"https:\/\/oronsko.org\/?p=1183\" \/>\n<meta property=\"og:site_name\" content=\"Stowarzyszenie Odnowy i Rozwoju Gminy Oro\u0144sko\" \/>\n<meta property=\"article:published_time\" content=\"2018-08-25T17:49:10+00:00\" \/>\n<meta property=\"article:modified_time\" content=\"2018-08-25T18:03:52+00:00\" \/>\n<meta property=\"og:image\" content=\"https:\/\/oronsko.org\/wp-content\/uploads\/2018\/08\/plakat_koncert-714x1024.jpg\" \/>\n\t<meta property=\"og:image:width\" content=\"714\" \/>\n\t<meta property=\"og:image:height\" content=\"1024\" \/>\n\t<meta property=\"og:image:type\" content=\"image\/jpeg\" \/>\n<meta name=\"author\" content=\"oronsko\" \/>\n<meta name=\"twitter:card\" content=\"summary_large_image\" \/>\n<meta name=\"twitter:label1\" content=\"Napisane przez\" \/>\n\t<meta name=\"twitter:data1\" content=\"oronsko\" \/>\n\t<meta name=\"twitter:label2\" content=\"Szacowany czas czytania\" \/>\n\t<meta name=\"twitter:data2\" content=\"2 minuty\" \/>\n<script type=\"application\/ld+json\" class=\"yoast-schema-graph\">{\"@context\":\"https:\/\/schema.org\",\"@graph\":[{\"@type\":\"Article\",\"@id\":\"https:\/\/oronsko.org\/?p=1183#article\",\"isPartOf\":{\"@id\":\"https:\/\/oronsko.org\/?p=1183\"},\"author\":{\"name\":\"oronsko\",\"@id\":\"https:\/\/oronsko.org\/#\/schema\/person\/d008aee7ef8cdc6d72c6dddfa0f6fa6a\"},\"headline\":\"Zapraszamy na koncert Ch\u00f3ru Maria\u0144skiego\",\"datePublished\":\"2018-08-25T17:49:10+00:00\",\"dateModified\":\"2018-08-25T18:03:52+00:00\",\"mainEntityOfPage\":{\"@id\":\"https:\/\/oronsko.org\/?p=1183\"},\"wordCount\":319,\"commentCount\":0,\"image\":{\"@id\":\"https:\/\/oronsko.org\/?p=1183#primaryimage\"},\"thumbnailUrl\":\"https:\/\/oronsko.org\/wp-content\/uploads\/2018\/08\/plakat_koncert.jpg\",\"inLanguage\":\"pl-PL\",\"potentialAction\":[{\"@type\":\"CommentAction\",\"name\":\"Comment\",\"target\":[\"https:\/\/oronsko.org\/?p=1183#respond\"]}]},{\"@type\":\"WebPage\",\"@id\":\"https:\/\/oronsko.org\/?p=1183\",\"url\":\"https:\/\/oronsko.org\/?p=1183\",\"name\":\"Zapraszamy na koncert Ch\u00f3ru Maria\u0144skiego - Stowarzyszenie Odnowy i Rozwoju Gminy Oro\u0144sko\",\"isPartOf\":{\"@id\":\"https:\/\/oronsko.org\/#website\"},\"primaryImageOfPage\":{\"@id\":\"https:\/\/oronsko.org\/?p=1183#primaryimage\"},\"image\":{\"@id\":\"https:\/\/oronsko.org\/?p=1183#primaryimage\"},\"thumbnailUrl\":\"https:\/\/oronsko.org\/wp-content\/uploads\/2018\/08\/plakat_koncert.jpg\",\"datePublished\":\"2018-08-25T17:49:10+00:00\",\"dateModified\":\"2018-08-25T18:03:52+00:00\",\"author\":{\"@id\":\"https:\/\/oronsko.org\/#\/schema\/person\/d008aee7ef8cdc6d72c6dddfa0f6fa6a\"},\"breadcrumb\":{\"@id\":\"https:\/\/oronsko.org\/?p=1183#breadcrumb\"},\"inLanguage\":\"pl-PL\",\"potentialAction\":[{\"@type\":\"ReadAction\",\"target\":[\"https:\/\/oronsko.org\/?p=1183\"]}]},{\"@type\":\"ImageObject\",\"inLanguage\":\"pl-PL\",\"@id\":\"https:\/\/oronsko.org\/?p=1183#primaryimage\",\"url\":\"https:\/\/oronsko.org\/wp-content\/uploads\/2018\/08\/plakat_koncert.jpg\",\"contentUrl\":\"https:\/\/oronsko.org\/wp-content\/uploads\/2018\/08\/plakat_koncert.jpg\",\"width\":7087,\"height\":10157},{\"@type\":\"BreadcrumbList\",\"@id\":\"https:\/\/oronsko.org\/?p=1183#breadcrumb\",\"itemListElement\":[{\"@type\":\"ListItem\",\"position\":1,\"name\":\"Strona g\u0142\u00f3wna\",\"item\":\"https:\/\/oronsko.org\/\"},{\"@type\":\"ListItem\",\"position\":2,\"name\":\"Zapraszamy na koncert Ch\u00f3ru Maria\u0144skiego\"}]},{\"@type\":\"WebSite\",\"@id\":\"https:\/\/oronsko.org\/#website\",\"url\":\"https:\/\/oronsko.org\/\",\"name\":\"Stowarzyszenie Odnowy i Rozwoju Gminy Oro\u0144sko\",\"description\":\"\",\"potentialAction\":[{\"@type\":\"SearchAction\",\"target\":{\"@type\":\"EntryPoint\",\"urlTemplate\":\"https:\/\/oronsko.org\/?s={search_term_string}\"},\"query-input\":{\"@type\":\"PropertyValueSpecification\",\"valueRequired\":true,\"valueName\":\"search_term_string\"}}],\"inLanguage\":\"pl-PL\"},{\"@type\":\"Person\",\"@id\":\"https:\/\/oronsko.org\/#\/schema\/person\/d008aee7ef8cdc6d72c6dddfa0f6fa6a\",\"name\":\"oronsko\",\"image\":{\"@type\":\"ImageObject\",\"inLanguage\":\"pl-PL\",\"@id\":\"https:\/\/oronsko.org\/#\/schema\/person\/image\/\",\"url\":\"https:\/\/secure.gravatar.com\/avatar\/04d4d850872fa512217e3bbde438f64183869a8f4529665ce1917407f81c2c69?s=96&d=mm&r=g\",\"contentUrl\":\"https:\/\/secure.gravatar.com\/avatar\/04d4d850872fa512217e3bbde438f64183869a8f4529665ce1917407f81c2c69?s=96&d=mm&r=g\",\"caption\":\"oronsko\"},\"url\":\"https:\/\/oronsko.org\/?author=2\"}]}<\/script>\n<!-- \/ Yoast SEO plugin. -->","yoast_head_json":{"title":"Zapraszamy na koncert Ch\u00f3ru Maria\u0144skiego - Stowarzyszenie Odnowy i Rozwoju Gminy Oro\u0144sko","robots":{"index":"index","follow":"follow","max-snippet":"max-snippet:-1","max-image-preview":"max-image-preview:large","max-video-preview":"max-video-preview:-1"},"canonical":"https:\/\/oronsko.org\/?p=1183","og_locale":"pl_PL","og_type":"article","og_title":"Zapraszamy na koncert Ch\u00f3ru Maria\u0144skiego - Stowarzyszenie Odnowy i Rozwoju Gminy Oro\u0144sko","og_description":"Stowarzyszenie Odnowy i Rozwoju Gminy Oro\u0144sko wraz z Parafi\u0105 w Oro\u0144sku zapraszaj\u0105 na koncert Ch\u00f3ru Maria\u0144skiego z Krakowa pod dyrekcj\u0105 Maestro dr Jana Rybarskiego, zatytu\u0142owany \u201eLaudate Libertas \u2013 Chwalmy Wolno\u015b\u0107\u201d. Koncert odb\u0119dzie si\u0119 23 wrze\u015bnia 2018 roku o godzinie 12.30 w ko\u015bciele pw. Wniebowzi\u0119cia Naj\u015bwi\u0119tszej Maryi Panny w\u00a0Oro\u0144sku. Wst\u0119p na koncert jest bezp\u0142atny.","og_url":"https:\/\/oronsko.org\/?p=1183","og_site_name":"Stowarzyszenie Odnowy i Rozwoju Gminy Oro\u0144sko","article_published_time":"2018-08-25T17:49:10+00:00","article_modified_time":"2018-08-25T18:03:52+00:00","og_image":[{"width":714,"height":1024,"url":"https:\/\/oronsko.org\/wp-content\/uploads\/2018\/08\/plakat_koncert-714x1024.jpg","type":"image\/jpeg"}],"author":"oronsko","twitter_card":"summary_large_image","twitter_misc":{"Napisane przez":"oronsko","Szacowany czas czytania":"2 minuty"},"schema":{"@context":"https:\/\/schema.org","@graph":[{"@type":"Article","@id":"https:\/\/oronsko.org\/?p=1183#article","isPartOf":{"@id":"https:\/\/oronsko.org\/?p=1183"},"author":{"name":"oronsko","@id":"https:\/\/oronsko.org\/#\/schema\/person\/d008aee7ef8cdc6d72c6dddfa0f6fa6a"},"headline":"Zapraszamy na koncert Ch\u00f3ru Maria\u0144skiego","datePublished":"2018-08-25T17:49:10+00:00","dateModified":"2018-08-25T18:03:52+00:00","mainEntityOfPage":{"@id":"https:\/\/oronsko.org\/?p=1183"},"wordCount":319,"commentCount":0,"image":{"@id":"https:\/\/oronsko.org\/?p=1183#primaryimage"},"thumbnailUrl":"https:\/\/oronsko.org\/wp-content\/uploads\/2018\/08\/plakat_koncert.jpg","inLanguage":"pl-PL","potentialAction":[{"@type":"CommentAction","name":"Comment","target":["https:\/\/oronsko.org\/?p=1183#respond"]}]},{"@type":"WebPage","@id":"https:\/\/oronsko.org\/?p=1183","url":"https:\/\/oronsko.org\/?p=1183","name":"Zapraszamy na koncert Ch\u00f3ru Maria\u0144skiego - Stowarzyszenie Odnowy i Rozwoju Gminy Oro\u0144sko","isPartOf":{"@id":"https:\/\/oronsko.org\/#website"},"primaryImageOfPage":{"@id":"https:\/\/oronsko.org\/?p=1183#primaryimage"},"image":{"@id":"https:\/\/oronsko.org\/?p=1183#primaryimage"},"thumbnailUrl":"https:\/\/oronsko.org\/wp-content\/uploads\/2018\/08\/plakat_koncert.jpg","datePublished":"2018-08-25T17:49:10+00:00","dateModified":"2018-08-25T18:03:52+00:00","author":{"@id":"https:\/\/oronsko.org\/#\/schema\/person\/d008aee7ef8cdc6d72c6dddfa0f6fa6a"},"breadcrumb":{"@id":"https:\/\/oronsko.org\/?p=1183#breadcrumb"},"inLanguage":"pl-PL","potentialAction":[{"@type":"ReadAction","target":["https:\/\/oronsko.org\/?p=1183"]}]},{"@type":"ImageObject","inLanguage":"pl-PL","@id":"https:\/\/oronsko.org\/?p=1183#primaryimage","url":"https:\/\/oronsko.org\/wp-content\/uploads\/2018\/08\/plakat_koncert.jpg","contentUrl":"https:\/\/oronsko.org\/wp-content\/uploads\/2018\/08\/plakat_koncert.jpg","width":7087,"height":10157},{"@type":"BreadcrumbList","@id":"https:\/\/oronsko.org\/?p=1183#breadcrumb","itemListElement":[{"@type":"ListItem","position":1,"name":"Strona g\u0142\u00f3wna","item":"https:\/\/oronsko.org\/"},{"@type":"ListItem","position":2,"name":"Zapraszamy na koncert Ch\u00f3ru Maria\u0144skiego"}]},{"@type":"WebSite","@id":"https:\/\/oronsko.org\/#website","url":"https:\/\/oronsko.org\/","name":"Stowarzyszenie Odnowy i Rozwoju Gminy Oro\u0144sko","description":"","potentialAction":[{"@type":"SearchAction","target":{"@type":"EntryPoint","urlTemplate":"https:\/\/oronsko.org\/?s={search_term_string}"},"query-input":{"@type":"PropertyValueSpecification","valueRequired":true,"valueName":"search_term_string"}}],"inLanguage":"pl-PL"},{"@type":"Person","@id":"https:\/\/oronsko.org\/#\/schema\/person\/d008aee7ef8cdc6d72c6dddfa0f6fa6a","name":"oronsko","image":{"@type":"ImageObject","inLanguage":"pl-PL","@id":"https:\/\/oronsko.org\/#\/schema\/person\/image\/","url":"https:\/\/secure.gravatar.com\/avatar\/04d4d850872fa512217e3bbde438f64183869a8f4529665ce1917407f81c2c69?s=96&d=mm&r=g","contentUrl":"https:\/\/secure.gravatar.com\/avatar\/04d4d850872fa512217e3bbde438f64183869a8f4529665ce1917407f81c2c69?s=96&d=mm&r=g","caption":"oronsko"},"url":"https:\/\/oronsko.org\/?author=2"}]}},"_links":{"self":[{"href":"https:\/\/oronsko.org\/index.php?rest_route=\/wp\/v2\/posts\/1183","targetHints":{"allow":["GET"]}}],"collection":[{"href":"https:\/\/oronsko.org\/index.php?rest_route=\/wp\/v2\/posts"}],"about":[{"href":"https:\/\/oronsko.org\/index.php?rest_route=\/wp\/v2\/types\/post"}],"author":[{"embeddable":true,"href":"https:\/\/oronsko.org\/index.php?rest_route=\/wp\/v2\/users\/2"}],"replies":[{"embeddable":true,"href":"https:\/\/oronsko.org\/index.php?rest_route=%2Fwp%2Fv2%2Fcomments&post=1183"}],"version-history":[{"count":3,"href":"https:\/\/oronsko.org\/index.php?rest_route=\/wp\/v2\/posts\/1183\/revisions"}],"predecessor-version":[{"id":1191,"href":"https:\/\/oronsko.org\/index.php?rest_route=\/wp\/v2\/posts\/1183\/revisions\/1191"}],"wp:featuredmedia":[{"embeddable":true,"href":"https:\/\/oronsko.org\/index.php?rest_route=\/wp\/v2\/media\/1184"}],"wp:attachment":[{"href":"https:\/\/oronsko.org\/index.php?rest_route=%2Fwp%2Fv2%2Fmedia&parent=1183"}],"wp:term":[{"taxonomy":"category","embeddable":true,"href":"https:\/\/oronsko.org\/index.php?rest_route=%2Fwp%2Fv2%2Fcategories&post=1183"},{"taxonomy":"post_tag","embeddable":true,"href":"https:\/\/oronsko.org\/index.php?rest_route=%2Fwp%2Fv2%2Ftags&post=1183"}],"curies":[{"name":"wp","href":"https:\/\/api.w.org\/{rel}","templated":true}]}}