{"id":1171,"date":"2018-08-20T00:55:02","date_gmt":"2018-08-19T22:55:02","guid":{"rendered":"http:\/\/oronsko.org\/?p=1171"},"modified":"2018-08-20T20:52:48","modified_gmt":"2018-08-20T18:52:48","slug":"wyscig-kolarski-o-konar-debu-czwartaka","status":"publish","type":"post","link":"https:\/\/oronsko.org\/?p=1171","title":{"rendered":"Wy\u015bcig Kolarski o Konar D\u0119bu Czwartaka"},"content":{"rendered":"<p style=\"text-align: justify;\">W dniu 19 sierpnia 2018 roku odby\u0142a si\u0119 sz\u00f3sta edycja szosowego wy\u015bcigu kolarskiego \u201eO\u00a0Konar D\u0119bu Czwartaka\u201d. Organizatorem wy\u015bcigu by\u0142o Stowarzyszenie Odnowy i\u00a0Rozwoju Gminy Oro\u0144sko, a dofinansowanie imprezy zapewni\u0142o Starostwo Powiatowe w Szyd\u0142owcu, wsparcie finansowe przekaza\u0142a tak\u017ce Gmina Oro\u0144sko oraz prywatni sponsorzy (Kubimex oraz firma Wasik). <!--more-->W wy\u015bcigu wzi\u0119\u0142o udzia\u0142 blisko 100 uczestnik\u00f3w, z ca\u0142ej Polski, a w szczeg\u00f3lno\u015bci z: Oro\u0144ska, Radomia, Bia\u0142obrzeg\u00f3w, Zakrzewa, Skar\u017cyska Kamiennej, Ostrowca \u015awi\u0119tokrzyskiego, Piaseczna, Bli\u017cyna, Ciecierzyna, Grzybowej G\u00f3ry, Jedlni Letnisko, Wohunia, \u015awidnika, Cerekwi, Szyd\u0142owca, Pionek, Wieniawy, Wierzbicy, Jastrz\u0119bia, Garwolina, \u0141\u0105cznej, Warki, Kielc, Suchedniowa, Pu\u0142aw, Starachowic,\u00a0 Opoczna, Lublina, Warszawy, Bia\u0142egostoku, Krakowa oraz Tarnowskich G\u00f3r. Otwarcia imprezy dokona\u0142 prezes Stowarzyszenia Odnowy i Rozwoju Gminy Oro\u0144sku \u2013 Sylwester R\u00f3\u017cycki oraz Starosta Powiatu Szyd\u0142owieckiego \u2013 W\u0142odzimierz G\u00f3rlicki. Trasa wy\u015bcigu by\u0142a zabezpieczona przez stra\u017cak\u00f3w jednostek Ochotniczej Stra\u017cy Po\u017carnej z terenu Gminy Wysoka oraz z Gminy Oro\u0144sko. Poza tym peleton by\u0142 pilotowany i zamykany przez Policjant\u00f3w z Komendy Powiatowej Policji w Szyd\u0142owcu, a zabezpieczeniem medycznym zaj\u0119li si\u0119 ratownicy\u00a0 z firmy RatMed-Pol ze Skaryszewa. Podczas wy\u015bcigu przeprowadzono klasyfikacj\u0119 w sze\u015bciu kategoriach wiekowych, z podzia\u0142em na kobiety (K) i m\u0119\u017cczyzn (M), a\u00a0tak\u017ce przeprowadzono klasyfikacj\u0119 uczestnik\u00f3w z Oro\u0144ska. W ramach poszczeg\u00f3lnych kategorii wiekowych uczestnicy przejechali nast\u0119puj\u0105ce dystanse: M\/K 10 \u2013 2 okr\u0105\u017cenia, M 20 \u2013 cztery okr\u0105\u017cenia, K20 \u2013 trzy okr\u0105\u017cenia, M30 \u2013 cztery okr\u0105\u017cenia, K 30 trzy okr\u0105\u017cenia, M 40 \u2013 cztery okr\u0105\u017cenia, K 40 \u2013 trzy okr\u0105\u017cenia, M 50 \u2013 trzy okr\u0105\u017cenia, K 50 \u2013 trzy okr\u0105\u017cenia, M 60 \u2013 i K 60 \u2013 trzy okr\u0105\u017cenia. Jedno okr\u0105\u017cenie mia\u0142o dystans 14,2 km. Wszystkie wyniki s\u0105 dost\u0119pne na stronie internetowej <a href=\"http:\/\/www.pomiaryczasu.pl\">www.pomiaryczasu.pl<\/a>. Przyk\u0142adowo, w kategorii. M30 na podium stan\u0119li: B\u0142\u0105dek Tomasz, Ko\u0142aska Bart\u0142omiej oraz Ole\u015b Rafa\u0142.. Natomiast w\u015br\u00f3d kobiet w kategorii K20 dominowa\u0142y Kinga Lisiewska oraz Nikola Bujak, a w kategorii K30 Bonasek Anna oraz Rokita Izabela. Po zako\u0144czeniu rywalizacji Zaborowianki przygotowa\u0142y dla uczestnik\u00f3w pocz\u0119stunek sk\u0142adaj\u0105cy si\u0119 z regionalnych potraw. Pomiary czasu by\u0142y prowadzone elektronicznie we wsp\u00f3\u0142pracy z firm\u0105 pomiaryczasu.pl. Dyplomy, medale oraz nagrody pieni\u0119\u017cne wr\u0119cza\u0142 Piotr Bro\u017cyna- reprezentant Polski w kolarstwie szosowym, utytu\u0142owany zawodnik zawodowej grupy kolarskiej CCC Sprandi Polkowice, kt\u00f3ra obj\u0119\u0142a patronat nad wy\u015bcigami organizowanymi przez Stowarzyszenie Odnowy i Rozwoju Gminy Oro\u0144sko oraz nad sekcj\u0105 kolarsk\u0105 prowadzon\u0105 przez to stowarzyszenie. Zapraszamy do odwiedzenia galerii zdj\u0119\u0107 z tej imprezy sportowej.<\/p>\n<p><strong><span style=\"color: #00ffff; font-size: 14pt;\"><a style=\"color: #00ffff;\" href=\"http:\/\/www.pomiaryczasu.pl\/event\/wyscig_kolarski_o_konar_debu_czwartaka\/wyniki\/\">WYNIKI<\/a><\/span><\/strong><\/p>\n<p><strong><span style=\"font-size: 14pt; color: #00ffff;\"><a style=\"color: #00ffff;\" href=\"http:\/\/oronsko.org\/?page_id=17&amp;album=3&amp;gallery=77\">GALERIA<\/a><\/span><\/strong><\/p>\n<p><a href=\"http:\/\/oronsko.org\/wp-content\/uploads\/2018\/08\/DSC_0261.jpg\" data-rel=\"lightbox-image-0\" data-rl_title=\"\" data-rl_caption=\"\" title=\"\"><img loading=\"lazy\" decoding=\"async\" class=\"wp-image-1172 aligncenter\" src=\"http:\/\/oronsko.org\/wp-content\/uploads\/2018\/08\/DSC_0261-1024x681.jpg\" alt=\"\" width=\"644\" height=\"429\" srcset=\"https:\/\/oronsko.org\/wp-content\/uploads\/2018\/08\/DSC_0261-1024x681.jpg 1024w, https:\/\/oronsko.org\/wp-content\/uploads\/2018\/08\/DSC_0261-300x199.jpg 300w, https:\/\/oronsko.org\/wp-content\/uploads\/2018\/08\/DSC_0261-768x511.jpg 768w\" sizes=\"auto, (max-width: 644px) 100vw, 644px\" \/><\/a><\/p>\n<p>&nbsp;<\/p>\n","protected":false},"excerpt":{"rendered":"<p>W dniu 19 sierpnia 2018 roku odby\u0142a si\u0119 sz\u00f3sta edycja szosowego wy\u015bcigu kolarskiego \u201eO\u00a0Konar D\u0119bu Czwartaka\u201d. Organizatorem wy\u015bcigu by\u0142o Stowarzyszenie Odnowy i\u00a0Rozwoju Gminy Oro\u0144sko, a dofinansowanie imprezy zapewni\u0142o Starostwo Powiatowe w Szyd\u0142owcu, wsparcie finansowe przekaza\u0142a tak\u017ce Gmina Oro\u0144sko oraz prywatni sponsorzy (Kubimex oraz firma Wasik).<\/p>\n","protected":false},"author":2,"featured_media":1172,"comment_status":"open","ping_status":"open","sticky":false,"template":"","format":"standard","meta":{"footnotes":""},"categories":[1],"tags":[],"class_list":["post-1171","post","type-post","status-publish","format-standard","has-post-thumbnail","hentry","category-bez-kategorii"],"yoast_head":"<!-- This site is optimized with the Yoast SEO plugin v26.8 - https:\/\/yoast.com\/product\/yoast-seo-wordpress\/ -->\n<title>Wy\u015bcig Kolarski o Konar D\u0119bu Czwartaka - Stowarzyszenie Odnowy i Rozwoju Gminy Oro\u0144sko<\/title>\n<meta name=\"robots\" content=\"index, follow, max-snippet:-1, max-image-preview:large, max-video-preview:-1\" \/>\n<link rel=\"canonical\" href=\"https:\/\/oronsko.org\/?p=1171\" \/>\n<meta property=\"og:locale\" content=\"pl_PL\" \/>\n<meta property=\"og:type\" content=\"article\" \/>\n<meta property=\"og:title\" content=\"Wy\u015bcig Kolarski o Konar D\u0119bu Czwartaka - Stowarzyszenie Odnowy i Rozwoju Gminy Oro\u0144sko\" \/>\n<meta property=\"og:description\" content=\"W dniu 19 sierpnia 2018 roku odby\u0142a si\u0119 sz\u00f3sta edycja szosowego wy\u015bcigu kolarskiego \u201eO\u00a0Konar D\u0119bu Czwartaka\u201d. Organizatorem wy\u015bcigu by\u0142o Stowarzyszenie Odnowy i\u00a0Rozwoju Gminy Oro\u0144sko, a dofinansowanie imprezy zapewni\u0142o Starostwo Powiatowe w Szyd\u0142owcu, wsparcie finansowe przekaza\u0142a tak\u017ce Gmina Oro\u0144sko oraz prywatni sponsorzy (Kubimex oraz firma Wasik).\" \/>\n<meta property=\"og:url\" content=\"https:\/\/oronsko.org\/?p=1171\" \/>\n<meta property=\"og:site_name\" content=\"Stowarzyszenie Odnowy i Rozwoju Gminy Oro\u0144sko\" \/>\n<meta property=\"article:published_time\" content=\"2018-08-19T22:55:02+00:00\" \/>\n<meta property=\"article:modified_time\" content=\"2018-08-20T18:52:48+00:00\" \/>\n<meta property=\"og:image\" content=\"https:\/\/oronsko.org\/wp-content\/uploads\/2018\/08\/DSC_0261.jpg\" \/>\n\t<meta property=\"og:image:width\" content=\"3008\" \/>\n\t<meta property=\"og:image:height\" content=\"2000\" \/>\n\t<meta property=\"og:image:type\" content=\"image\/jpeg\" \/>\n<meta name=\"author\" content=\"oronsko\" \/>\n<meta name=\"twitter:card\" content=\"summary_large_image\" \/>\n<meta name=\"twitter:label1\" content=\"Napisane przez\" \/>\n\t<meta name=\"twitter:data1\" content=\"oronsko\" \/>\n\t<meta name=\"twitter:label2\" content=\"Szacowany czas czytania\" \/>\n\t<meta name=\"twitter:data2\" content=\"2 minuty\" \/>\n<script type=\"application\/ld+json\" class=\"yoast-schema-graph\">{\"@context\":\"https:\/\/schema.org\",\"@graph\":[{\"@type\":\"Article\",\"@id\":\"https:\/\/oronsko.org\/?p=1171#article\",\"isPartOf\":{\"@id\":\"https:\/\/oronsko.org\/?p=1171\"},\"author\":{\"name\":\"oronsko\",\"@id\":\"https:\/\/oronsko.org\/#\/schema\/person\/d008aee7ef8cdc6d72c6dddfa0f6fa6a\"},\"headline\":\"Wy\u015bcig Kolarski o Konar D\u0119bu Czwartaka\",\"datePublished\":\"2018-08-19T22:55:02+00:00\",\"dateModified\":\"2018-08-20T18:52:48+00:00\",\"mainEntityOfPage\":{\"@id\":\"https:\/\/oronsko.org\/?p=1171\"},\"wordCount\":450,\"commentCount\":0,\"image\":{\"@id\":\"https:\/\/oronsko.org\/?p=1171#primaryimage\"},\"thumbnailUrl\":\"https:\/\/oronsko.org\/wp-content\/uploads\/2018\/08\/DSC_0261.jpg\",\"inLanguage\":\"pl-PL\",\"potentialAction\":[{\"@type\":\"CommentAction\",\"name\":\"Comment\",\"target\":[\"https:\/\/oronsko.org\/?p=1171#respond\"]}]},{\"@type\":\"WebPage\",\"@id\":\"https:\/\/oronsko.org\/?p=1171\",\"url\":\"https:\/\/oronsko.org\/?p=1171\",\"name\":\"Wy\u015bcig Kolarski o Konar D\u0119bu Czwartaka - Stowarzyszenie Odnowy i Rozwoju Gminy Oro\u0144sko\",\"isPartOf\":{\"@id\":\"https:\/\/oronsko.org\/#website\"},\"primaryImageOfPage\":{\"@id\":\"https:\/\/oronsko.org\/?p=1171#primaryimage\"},\"image\":{\"@id\":\"https:\/\/oronsko.org\/?p=1171#primaryimage\"},\"thumbnailUrl\":\"https:\/\/oronsko.org\/wp-content\/uploads\/2018\/08\/DSC_0261.jpg\",\"datePublished\":\"2018-08-19T22:55:02+00:00\",\"dateModified\":\"2018-08-20T18:52:48+00:00\",\"author\":{\"@id\":\"https:\/\/oronsko.org\/#\/schema\/person\/d008aee7ef8cdc6d72c6dddfa0f6fa6a\"},\"breadcrumb\":{\"@id\":\"https:\/\/oronsko.org\/?p=1171#breadcrumb\"},\"inLanguage\":\"pl-PL\",\"potentialAction\":[{\"@type\":\"ReadAction\",\"target\":[\"https:\/\/oronsko.org\/?p=1171\"]}]},{\"@type\":\"ImageObject\",\"inLanguage\":\"pl-PL\",\"@id\":\"https:\/\/oronsko.org\/?p=1171#primaryimage\",\"url\":\"https:\/\/oronsko.org\/wp-content\/uploads\/2018\/08\/DSC_0261.jpg\",\"contentUrl\":\"https:\/\/oronsko.org\/wp-content\/uploads\/2018\/08\/DSC_0261.jpg\",\"width\":3008,\"height\":2000},{\"@type\":\"BreadcrumbList\",\"@id\":\"https:\/\/oronsko.org\/?p=1171#breadcrumb\",\"itemListElement\":[{\"@type\":\"ListItem\",\"position\":1,\"name\":\"Strona g\u0142\u00f3wna\",\"item\":\"https:\/\/oronsko.org\/\"},{\"@type\":\"ListItem\",\"position\":2,\"name\":\"Wy\u015bcig Kolarski o Konar D\u0119bu Czwartaka\"}]},{\"@type\":\"WebSite\",\"@id\":\"https:\/\/oronsko.org\/#website\",\"url\":\"https:\/\/oronsko.org\/\",\"name\":\"Stowarzyszenie Odnowy i Rozwoju Gminy Oro\u0144sko\",\"description\":\"\",\"potentialAction\":[{\"@type\":\"SearchAction\",\"target\":{\"@type\":\"EntryPoint\",\"urlTemplate\":\"https:\/\/oronsko.org\/?s={search_term_string}\"},\"query-input\":{\"@type\":\"PropertyValueSpecification\",\"valueRequired\":true,\"valueName\":\"search_term_string\"}}],\"inLanguage\":\"pl-PL\"},{\"@type\":\"Person\",\"@id\":\"https:\/\/oronsko.org\/#\/schema\/person\/d008aee7ef8cdc6d72c6dddfa0f6fa6a\",\"name\":\"oronsko\",\"image\":{\"@type\":\"ImageObject\",\"inLanguage\":\"pl-PL\",\"@id\":\"https:\/\/oronsko.org\/#\/schema\/person\/image\/\",\"url\":\"https:\/\/secure.gravatar.com\/avatar\/04d4d850872fa512217e3bbde438f64183869a8f4529665ce1917407f81c2c69?s=96&d=mm&r=g\",\"contentUrl\":\"https:\/\/secure.gravatar.com\/avatar\/04d4d850872fa512217e3bbde438f64183869a8f4529665ce1917407f81c2c69?s=96&d=mm&r=g\",\"caption\":\"oronsko\"},\"url\":\"https:\/\/oronsko.org\/?author=2\"}]}<\/script>\n<!-- \/ Yoast SEO plugin. -->","yoast_head_json":{"title":"Wy\u015bcig Kolarski o Konar D\u0119bu Czwartaka - Stowarzyszenie Odnowy i Rozwoju Gminy Oro\u0144sko","robots":{"index":"index","follow":"follow","max-snippet":"max-snippet:-1","max-image-preview":"max-image-preview:large","max-video-preview":"max-video-preview:-1"},"canonical":"https:\/\/oronsko.org\/?p=1171","og_locale":"pl_PL","og_type":"article","og_title":"Wy\u015bcig Kolarski o Konar D\u0119bu Czwartaka - Stowarzyszenie Odnowy i Rozwoju Gminy Oro\u0144sko","og_description":"W dniu 19 sierpnia 2018 roku odby\u0142a si\u0119 sz\u00f3sta edycja szosowego wy\u015bcigu kolarskiego \u201eO\u00a0Konar D\u0119bu Czwartaka\u201d. Organizatorem wy\u015bcigu by\u0142o Stowarzyszenie Odnowy i\u00a0Rozwoju Gminy Oro\u0144sko, a dofinansowanie imprezy zapewni\u0142o Starostwo Powiatowe w Szyd\u0142owcu, wsparcie finansowe przekaza\u0142a tak\u017ce Gmina Oro\u0144sko oraz prywatni sponsorzy (Kubimex oraz firma Wasik).","og_url":"https:\/\/oronsko.org\/?p=1171","og_site_name":"Stowarzyszenie Odnowy i Rozwoju Gminy Oro\u0144sko","article_published_time":"2018-08-19T22:55:02+00:00","article_modified_time":"2018-08-20T18:52:48+00:00","og_image":[{"width":3008,"height":2000,"url":"https:\/\/oronsko.org\/wp-content\/uploads\/2018\/08\/DSC_0261.jpg","type":"image\/jpeg"}],"author":"oronsko","twitter_card":"summary_large_image","twitter_misc":{"Napisane przez":"oronsko","Szacowany czas czytania":"2 minuty"},"schema":{"@context":"https:\/\/schema.org","@graph":[{"@type":"Article","@id":"https:\/\/oronsko.org\/?p=1171#article","isPartOf":{"@id":"https:\/\/oronsko.org\/?p=1171"},"author":{"name":"oronsko","@id":"https:\/\/oronsko.org\/#\/schema\/person\/d008aee7ef8cdc6d72c6dddfa0f6fa6a"},"headline":"Wy\u015bcig Kolarski o Konar D\u0119bu Czwartaka","datePublished":"2018-08-19T22:55:02+00:00","dateModified":"2018-08-20T18:52:48+00:00","mainEntityOfPage":{"@id":"https:\/\/oronsko.org\/?p=1171"},"wordCount":450,"commentCount":0,"image":{"@id":"https:\/\/oronsko.org\/?p=1171#primaryimage"},"thumbnailUrl":"https:\/\/oronsko.org\/wp-content\/uploads\/2018\/08\/DSC_0261.jpg","inLanguage":"pl-PL","potentialAction":[{"@type":"CommentAction","name":"Comment","target":["https:\/\/oronsko.org\/?p=1171#respond"]}]},{"@type":"WebPage","@id":"https:\/\/oronsko.org\/?p=1171","url":"https:\/\/oronsko.org\/?p=1171","name":"Wy\u015bcig Kolarski o Konar D\u0119bu Czwartaka - Stowarzyszenie Odnowy i Rozwoju Gminy Oro\u0144sko","isPartOf":{"@id":"https:\/\/oronsko.org\/#website"},"primaryImageOfPage":{"@id":"https:\/\/oronsko.org\/?p=1171#primaryimage"},"image":{"@id":"https:\/\/oronsko.org\/?p=1171#primaryimage"},"thumbnailUrl":"https:\/\/oronsko.org\/wp-content\/uploads\/2018\/08\/DSC_0261.jpg","datePublished":"2018-08-19T22:55:02+00:00","dateModified":"2018-08-20T18:52:48+00:00","author":{"@id":"https:\/\/oronsko.org\/#\/schema\/person\/d008aee7ef8cdc6d72c6dddfa0f6fa6a"},"breadcrumb":{"@id":"https:\/\/oronsko.org\/?p=1171#breadcrumb"},"inLanguage":"pl-PL","potentialAction":[{"@type":"ReadAction","target":["https:\/\/oronsko.org\/?p=1171"]}]},{"@type":"ImageObject","inLanguage":"pl-PL","@id":"https:\/\/oronsko.org\/?p=1171#primaryimage","url":"https:\/\/oronsko.org\/wp-content\/uploads\/2018\/08\/DSC_0261.jpg","contentUrl":"https:\/\/oronsko.org\/wp-content\/uploads\/2018\/08\/DSC_0261.jpg","width":3008,"height":2000},{"@type":"BreadcrumbList","@id":"https:\/\/oronsko.org\/?p=1171#breadcrumb","itemListElement":[{"@type":"ListItem","position":1,"name":"Strona g\u0142\u00f3wna","item":"https:\/\/oronsko.org\/"},{"@type":"ListItem","position":2,"name":"Wy\u015bcig Kolarski o Konar D\u0119bu Czwartaka"}]},{"@type":"WebSite","@id":"https:\/\/oronsko.org\/#website","url":"https:\/\/oronsko.org\/","name":"Stowarzyszenie Odnowy i Rozwoju Gminy Oro\u0144sko","description":"","potentialAction":[{"@type":"SearchAction","target":{"@type":"EntryPoint","urlTemplate":"https:\/\/oronsko.org\/?s={search_term_string}"},"query-input":{"@type":"PropertyValueSpecification","valueRequired":true,"valueName":"search_term_string"}}],"inLanguage":"pl-PL"},{"@type":"Person","@id":"https:\/\/oronsko.org\/#\/schema\/person\/d008aee7ef8cdc6d72c6dddfa0f6fa6a","name":"oronsko","image":{"@type":"ImageObject","inLanguage":"pl-PL","@id":"https:\/\/oronsko.org\/#\/schema\/person\/image\/","url":"https:\/\/secure.gravatar.com\/avatar\/04d4d850872fa512217e3bbde438f64183869a8f4529665ce1917407f81c2c69?s=96&d=mm&r=g","contentUrl":"https:\/\/secure.gravatar.com\/avatar\/04d4d850872fa512217e3bbde438f64183869a8f4529665ce1917407f81c2c69?s=96&d=mm&r=g","caption":"oronsko"},"url":"https:\/\/oronsko.org\/?author=2"}]}},"_links":{"self":[{"href":"https:\/\/oronsko.org\/index.php?rest_route=\/wp\/v2\/posts\/1171","targetHints":{"allow":["GET"]}}],"collection":[{"href":"https:\/\/oronsko.org\/index.php?rest_route=\/wp\/v2\/posts"}],"about":[{"href":"https:\/\/oronsko.org\/index.php?rest_route=\/wp\/v2\/types\/post"}],"author":[{"embeddable":true,"href":"https:\/\/oronsko.org\/index.php?rest_route=\/wp\/v2\/users\/2"}],"replies":[{"embeddable":true,"href":"https:\/\/oronsko.org\/index.php?rest_route=%2Fwp%2Fv2%2Fcomments&post=1171"}],"version-history":[{"count":6,"href":"https:\/\/oronsko.org\/index.php?rest_route=\/wp\/v2\/posts\/1171\/revisions"}],"predecessor-version":[{"id":1181,"href":"https:\/\/oronsko.org\/index.php?rest_route=\/wp\/v2\/posts\/1171\/revisions\/1181"}],"wp:featuredmedia":[{"embeddable":true,"href":"https:\/\/oronsko.org\/index.php?rest_route=\/wp\/v2\/media\/1172"}],"wp:attachment":[{"href":"https:\/\/oronsko.org\/index.php?rest_route=%2Fwp%2Fv2%2Fmedia&parent=1171"}],"wp:term":[{"taxonomy":"category","embeddable":true,"href":"https:\/\/oronsko.org\/index.php?rest_route=%2Fwp%2Fv2%2Fcategories&post=1171"},{"taxonomy":"post_tag","embeddable":true,"href":"https:\/\/oronsko.org\/index.php?rest_route=%2Fwp%2Fv2%2Ftags&post=1171"}],"curies":[{"name":"wp","href":"https:\/\/api.w.org\/{rel}","templated":true}]}}