{"id":1166,"date":"2018-08-16T00:05:53","date_gmt":"2018-08-15T22:05:53","guid":{"rendered":"http:\/\/oronsko.org\/?p=1166"},"modified":"2018-08-16T00:05:53","modified_gmt":"2018-08-15T22:05:53","slug":"uroczystosc-odpustowa-w-oronsku","status":"publish","type":"post","link":"https:\/\/oronsko.org\/?p=1166","title":{"rendered":"Uroczysto\u015b\u0107 odpustowa w Oro\u0144sku"},"content":{"rendered":"<p style=\"text-align: justify;\">15 sierpnia 2018 roku w Ko\u015bciele Parafialnym w Oro\u0144sku celebrowano uroczyst\u0105 sum\u0119 odpustow\u0105, kt\u00f3rej przewodniczy\u0142 ks. Przemys\u0142aw W\u00f3jcik \u2013 diecezjalny moderator ruchu Domowego Ko\u015bcio\u0142a. <!--more-->Na zako\u0144czenie uroczystej Mszy \u015bwi\u0119tej zosta\u0142a ods\u0142oni\u0119ta i po\u015bwi\u0119cona tablica pami\u0105tkowa, ku czci \u015bw. pami\u0119ci ks. Zbigniewa Zasonia \u2013 budowniczego ko\u015bcio\u0142a parafialnego. Na tablicy, kt\u00f3r\u0105\u00a0 umieszczono w ko\u015bciele obok konfesjona\u0142u, w kt\u00f3rym przez 30 lat, jako proboszcz Parafii w Oro\u0144sku spowiada\u0142 ks. Zaso\u0144, znajduje si\u0119 inskrypcja o nast\u0119puj\u0105cej tre\u015bci:<\/p>\n<p>&nbsp;<\/p>\n<p style=\"text-align: center;\">\u201eW ho\u0142dzie Ksi\u0119dzu Kanonikowi Zbigniewowi Zasoniowi<\/p>\n<p style=\"text-align: center;\">Cz\u0142owiekowi Wielkiego Serca i Umys\u0142u, gorliwemu i pobo\u017cnemu kap\u0142anowi, wytrwale s\u0142u\u017c\u0105cemu Bogu i ludziom, proboszczowi Parafii w Oro\u0144sku w latach 1972-2002, budowniczemu tej \u015awi\u0105tyni. Wsp\u00f3lnota Parafialna, Oro\u0144sko, A.D. 2018\u201d<\/p>\n<p><span style=\"color: #00ffff;\"><strong><span style=\"font-size: 14pt;\"><a style=\"color: #00ffff;\" href=\"http:\/\/oronsko.org\/?page_id=17&amp;album=3&amp;gallery=76\">Galeria<\/a><\/span><\/strong><\/span><\/p>\n<p><a href=\"http:\/\/oronsko.org\/wp-content\/uploads\/2018\/08\/DSC_2070.jpg\" data-rel=\"lightbox-image-0\" data-rl_title=\"\" data-rl_caption=\"\" title=\"\"><img loading=\"lazy\" decoding=\"async\" class=\"wp-image-1167 aligncenter\" src=\"http:\/\/oronsko.org\/wp-content\/uploads\/2018\/08\/DSC_2070-1024x680.jpg\" alt=\"\" width=\"610\" height=\"405\" srcset=\"https:\/\/oronsko.org\/wp-content\/uploads\/2018\/08\/DSC_2070-1024x680.jpg 1024w, https:\/\/oronsko.org\/wp-content\/uploads\/2018\/08\/DSC_2070-300x199.jpg 300w, https:\/\/oronsko.org\/wp-content\/uploads\/2018\/08\/DSC_2070-768x510.jpg 768w, https:\/\/oronsko.org\/wp-content\/uploads\/2018\/08\/DSC_2070-220x145.jpg 220w\" sizes=\"auto, (max-width: 610px) 100vw, 610px\" \/><\/a><\/p>\n","protected":false},"excerpt":{"rendered":"<p>15 sierpnia 2018 roku w Ko\u015bciele Parafialnym w Oro\u0144sku celebrowano uroczyst\u0105 sum\u0119 odpustow\u0105, kt\u00f3rej przewodniczy\u0142 ks. Przemys\u0142aw W\u00f3jcik \u2013 diecezjalny moderator ruchu Domowego Ko\u015bcio\u0142a.<\/p>\n","protected":false},"author":2,"featured_media":1167,"comment_status":"open","ping_status":"open","sticky":false,"template":"","format":"standard","meta":{"footnotes":""},"categories":[1],"tags":[],"class_list":["post-1166","post","type-post","status-publish","format-standard","has-post-thumbnail","hentry","category-bez-kategorii"],"yoast_head":"<!-- This site is optimized with the Yoast SEO plugin v26.8 - https:\/\/yoast.com\/product\/yoast-seo-wordpress\/ -->\n<title>Uroczysto\u015b\u0107 odpustowa w Oro\u0144sku - Stowarzyszenie Odnowy i Rozwoju Gminy Oro\u0144sko<\/title>\n<meta name=\"robots\" content=\"index, follow, max-snippet:-1, max-image-preview:large, max-video-preview:-1\" \/>\n<link rel=\"canonical\" href=\"https:\/\/oronsko.org\/?p=1166\" \/>\n<meta property=\"og:locale\" content=\"pl_PL\" \/>\n<meta property=\"og:type\" content=\"article\" \/>\n<meta property=\"og:title\" content=\"Uroczysto\u015b\u0107 odpustowa w Oro\u0144sku - Stowarzyszenie Odnowy i Rozwoju Gminy Oro\u0144sko\" \/>\n<meta property=\"og:description\" content=\"15 sierpnia 2018 roku w Ko\u015bciele Parafialnym w Oro\u0144sku celebrowano uroczyst\u0105 sum\u0119 odpustow\u0105, kt\u00f3rej przewodniczy\u0142 ks. Przemys\u0142aw W\u00f3jcik \u2013 diecezjalny moderator ruchu Domowego Ko\u015bcio\u0142a.\" \/>\n<meta property=\"og:url\" content=\"https:\/\/oronsko.org\/?p=1166\" \/>\n<meta property=\"og:site_name\" content=\"Stowarzyszenie Odnowy i Rozwoju Gminy Oro\u0144sko\" \/>\n<meta property=\"article:published_time\" content=\"2018-08-15T22:05:53+00:00\" \/>\n<meta property=\"og:image\" content=\"https:\/\/oronsko.org\/wp-content\/uploads\/2018\/08\/DSC_2070-1024x680.jpg\" \/>\n\t<meta property=\"og:image:width\" content=\"1024\" \/>\n\t<meta property=\"og:image:height\" content=\"680\" \/>\n\t<meta property=\"og:image:type\" content=\"image\/jpeg\" \/>\n<meta name=\"author\" content=\"oronsko\" \/>\n<meta name=\"twitter:card\" content=\"summary_large_image\" \/>\n<meta name=\"twitter:label1\" content=\"Napisane przez\" \/>\n\t<meta name=\"twitter:data1\" content=\"oronsko\" \/>\n\t<meta name=\"twitter:label2\" content=\"Szacowany czas czytania\" \/>\n\t<meta name=\"twitter:data2\" content=\"1 minuta\" \/>\n<script type=\"application\/ld+json\" class=\"yoast-schema-graph\">{\"@context\":\"https:\/\/schema.org\",\"@graph\":[{\"@type\":\"Article\",\"@id\":\"https:\/\/oronsko.org\/?p=1166#article\",\"isPartOf\":{\"@id\":\"https:\/\/oronsko.org\/?p=1166\"},\"author\":{\"name\":\"oronsko\",\"@id\":\"https:\/\/oronsko.org\/#\/schema\/person\/d008aee7ef8cdc6d72c6dddfa0f6fa6a\"},\"headline\":\"Uroczysto\u015b\u0107 odpustowa w Oro\u0144sku\",\"datePublished\":\"2018-08-15T22:05:53+00:00\",\"mainEntityOfPage\":{\"@id\":\"https:\/\/oronsko.org\/?p=1166\"},\"wordCount\":148,\"commentCount\":0,\"image\":{\"@id\":\"https:\/\/oronsko.org\/?p=1166#primaryimage\"},\"thumbnailUrl\":\"https:\/\/oronsko.org\/wp-content\/uploads\/2018\/08\/DSC_2070.jpg\",\"inLanguage\":\"pl-PL\",\"potentialAction\":[{\"@type\":\"CommentAction\",\"name\":\"Comment\",\"target\":[\"https:\/\/oronsko.org\/?p=1166#respond\"]}]},{\"@type\":\"WebPage\",\"@id\":\"https:\/\/oronsko.org\/?p=1166\",\"url\":\"https:\/\/oronsko.org\/?p=1166\",\"name\":\"Uroczysto\u015b\u0107 odpustowa w Oro\u0144sku - Stowarzyszenie Odnowy i Rozwoju Gminy Oro\u0144sko\",\"isPartOf\":{\"@id\":\"https:\/\/oronsko.org\/#website\"},\"primaryImageOfPage\":{\"@id\":\"https:\/\/oronsko.org\/?p=1166#primaryimage\"},\"image\":{\"@id\":\"https:\/\/oronsko.org\/?p=1166#primaryimage\"},\"thumbnailUrl\":\"https:\/\/oronsko.org\/wp-content\/uploads\/2018\/08\/DSC_2070.jpg\",\"datePublished\":\"2018-08-15T22:05:53+00:00\",\"author\":{\"@id\":\"https:\/\/oronsko.org\/#\/schema\/person\/d008aee7ef8cdc6d72c6dddfa0f6fa6a\"},\"breadcrumb\":{\"@id\":\"https:\/\/oronsko.org\/?p=1166#breadcrumb\"},\"inLanguage\":\"pl-PL\",\"potentialAction\":[{\"@type\":\"ReadAction\",\"target\":[\"https:\/\/oronsko.org\/?p=1166\"]}]},{\"@type\":\"ImageObject\",\"inLanguage\":\"pl-PL\",\"@id\":\"https:\/\/oronsko.org\/?p=1166#primaryimage\",\"url\":\"https:\/\/oronsko.org\/wp-content\/uploads\/2018\/08\/DSC_2070.jpg\",\"contentUrl\":\"https:\/\/oronsko.org\/wp-content\/uploads\/2018\/08\/DSC_2070.jpg\",\"width\":3216,\"height\":2136},{\"@type\":\"BreadcrumbList\",\"@id\":\"https:\/\/oronsko.org\/?p=1166#breadcrumb\",\"itemListElement\":[{\"@type\":\"ListItem\",\"position\":1,\"name\":\"Strona g\u0142\u00f3wna\",\"item\":\"https:\/\/oronsko.org\/\"},{\"@type\":\"ListItem\",\"position\":2,\"name\":\"Uroczysto\u015b\u0107 odpustowa w Oro\u0144sku\"}]},{\"@type\":\"WebSite\",\"@id\":\"https:\/\/oronsko.org\/#website\",\"url\":\"https:\/\/oronsko.org\/\",\"name\":\"Stowarzyszenie Odnowy i Rozwoju Gminy Oro\u0144sko\",\"description\":\"\",\"potentialAction\":[{\"@type\":\"SearchAction\",\"target\":{\"@type\":\"EntryPoint\",\"urlTemplate\":\"https:\/\/oronsko.org\/?s={search_term_string}\"},\"query-input\":{\"@type\":\"PropertyValueSpecification\",\"valueRequired\":true,\"valueName\":\"search_term_string\"}}],\"inLanguage\":\"pl-PL\"},{\"@type\":\"Person\",\"@id\":\"https:\/\/oronsko.org\/#\/schema\/person\/d008aee7ef8cdc6d72c6dddfa0f6fa6a\",\"name\":\"oronsko\",\"image\":{\"@type\":\"ImageObject\",\"inLanguage\":\"pl-PL\",\"@id\":\"https:\/\/oronsko.org\/#\/schema\/person\/image\/\",\"url\":\"https:\/\/secure.gravatar.com\/avatar\/04d4d850872fa512217e3bbde438f64183869a8f4529665ce1917407f81c2c69?s=96&d=mm&r=g\",\"contentUrl\":\"https:\/\/secure.gravatar.com\/avatar\/04d4d850872fa512217e3bbde438f64183869a8f4529665ce1917407f81c2c69?s=96&d=mm&r=g\",\"caption\":\"oronsko\"},\"url\":\"https:\/\/oronsko.org\/?author=2\"}]}<\/script>\n<!-- \/ Yoast SEO plugin. -->","yoast_head_json":{"title":"Uroczysto\u015b\u0107 odpustowa w Oro\u0144sku - Stowarzyszenie Odnowy i Rozwoju Gminy Oro\u0144sko","robots":{"index":"index","follow":"follow","max-snippet":"max-snippet:-1","max-image-preview":"max-image-preview:large","max-video-preview":"max-video-preview:-1"},"canonical":"https:\/\/oronsko.org\/?p=1166","og_locale":"pl_PL","og_type":"article","og_title":"Uroczysto\u015b\u0107 odpustowa w Oro\u0144sku - Stowarzyszenie Odnowy i Rozwoju Gminy Oro\u0144sko","og_description":"15 sierpnia 2018 roku w Ko\u015bciele Parafialnym w Oro\u0144sku celebrowano uroczyst\u0105 sum\u0119 odpustow\u0105, kt\u00f3rej przewodniczy\u0142 ks. Przemys\u0142aw W\u00f3jcik \u2013 diecezjalny moderator ruchu Domowego Ko\u015bcio\u0142a.","og_url":"https:\/\/oronsko.org\/?p=1166","og_site_name":"Stowarzyszenie Odnowy i Rozwoju Gminy Oro\u0144sko","article_published_time":"2018-08-15T22:05:53+00:00","og_image":[{"width":1024,"height":680,"url":"https:\/\/oronsko.org\/wp-content\/uploads\/2018\/08\/DSC_2070-1024x680.jpg","type":"image\/jpeg"}],"author":"oronsko","twitter_card":"summary_large_image","twitter_misc":{"Napisane przez":"oronsko","Szacowany czas czytania":"1 minuta"},"schema":{"@context":"https:\/\/schema.org","@graph":[{"@type":"Article","@id":"https:\/\/oronsko.org\/?p=1166#article","isPartOf":{"@id":"https:\/\/oronsko.org\/?p=1166"},"author":{"name":"oronsko","@id":"https:\/\/oronsko.org\/#\/schema\/person\/d008aee7ef8cdc6d72c6dddfa0f6fa6a"},"headline":"Uroczysto\u015b\u0107 odpustowa w Oro\u0144sku","datePublished":"2018-08-15T22:05:53+00:00","mainEntityOfPage":{"@id":"https:\/\/oronsko.org\/?p=1166"},"wordCount":148,"commentCount":0,"image":{"@id":"https:\/\/oronsko.org\/?p=1166#primaryimage"},"thumbnailUrl":"https:\/\/oronsko.org\/wp-content\/uploads\/2018\/08\/DSC_2070.jpg","inLanguage":"pl-PL","potentialAction":[{"@type":"CommentAction","name":"Comment","target":["https:\/\/oronsko.org\/?p=1166#respond"]}]},{"@type":"WebPage","@id":"https:\/\/oronsko.org\/?p=1166","url":"https:\/\/oronsko.org\/?p=1166","name":"Uroczysto\u015b\u0107 odpustowa w Oro\u0144sku - Stowarzyszenie Odnowy i Rozwoju Gminy Oro\u0144sko","isPartOf":{"@id":"https:\/\/oronsko.org\/#website"},"primaryImageOfPage":{"@id":"https:\/\/oronsko.org\/?p=1166#primaryimage"},"image":{"@id":"https:\/\/oronsko.org\/?p=1166#primaryimage"},"thumbnailUrl":"https:\/\/oronsko.org\/wp-content\/uploads\/2018\/08\/DSC_2070.jpg","datePublished":"2018-08-15T22:05:53+00:00","author":{"@id":"https:\/\/oronsko.org\/#\/schema\/person\/d008aee7ef8cdc6d72c6dddfa0f6fa6a"},"breadcrumb":{"@id":"https:\/\/oronsko.org\/?p=1166#breadcrumb"},"inLanguage":"pl-PL","potentialAction":[{"@type":"ReadAction","target":["https:\/\/oronsko.org\/?p=1166"]}]},{"@type":"ImageObject","inLanguage":"pl-PL","@id":"https:\/\/oronsko.org\/?p=1166#primaryimage","url":"https:\/\/oronsko.org\/wp-content\/uploads\/2018\/08\/DSC_2070.jpg","contentUrl":"https:\/\/oronsko.org\/wp-content\/uploads\/2018\/08\/DSC_2070.jpg","width":3216,"height":2136},{"@type":"BreadcrumbList","@id":"https:\/\/oronsko.org\/?p=1166#breadcrumb","itemListElement":[{"@type":"ListItem","position":1,"name":"Strona g\u0142\u00f3wna","item":"https:\/\/oronsko.org\/"},{"@type":"ListItem","position":2,"name":"Uroczysto\u015b\u0107 odpustowa w Oro\u0144sku"}]},{"@type":"WebSite","@id":"https:\/\/oronsko.org\/#website","url":"https:\/\/oronsko.org\/","name":"Stowarzyszenie Odnowy i Rozwoju Gminy Oro\u0144sko","description":"","potentialAction":[{"@type":"SearchAction","target":{"@type":"EntryPoint","urlTemplate":"https:\/\/oronsko.org\/?s={search_term_string}"},"query-input":{"@type":"PropertyValueSpecification","valueRequired":true,"valueName":"search_term_string"}}],"inLanguage":"pl-PL"},{"@type":"Person","@id":"https:\/\/oronsko.org\/#\/schema\/person\/d008aee7ef8cdc6d72c6dddfa0f6fa6a","name":"oronsko","image":{"@type":"ImageObject","inLanguage":"pl-PL","@id":"https:\/\/oronsko.org\/#\/schema\/person\/image\/","url":"https:\/\/secure.gravatar.com\/avatar\/04d4d850872fa512217e3bbde438f64183869a8f4529665ce1917407f81c2c69?s=96&d=mm&r=g","contentUrl":"https:\/\/secure.gravatar.com\/avatar\/04d4d850872fa512217e3bbde438f64183869a8f4529665ce1917407f81c2c69?s=96&d=mm&r=g","caption":"oronsko"},"url":"https:\/\/oronsko.org\/?author=2"}]}},"_links":{"self":[{"href":"https:\/\/oronsko.org\/index.php?rest_route=\/wp\/v2\/posts\/1166","targetHints":{"allow":["GET"]}}],"collection":[{"href":"https:\/\/oronsko.org\/index.php?rest_route=\/wp\/v2\/posts"}],"about":[{"href":"https:\/\/oronsko.org\/index.php?rest_route=\/wp\/v2\/types\/post"}],"author":[{"embeddable":true,"href":"https:\/\/oronsko.org\/index.php?rest_route=\/wp\/v2\/users\/2"}],"replies":[{"embeddable":true,"href":"https:\/\/oronsko.org\/index.php?rest_route=%2Fwp%2Fv2%2Fcomments&post=1166"}],"version-history":[{"count":1,"href":"https:\/\/oronsko.org\/index.php?rest_route=\/wp\/v2\/posts\/1166\/revisions"}],"predecessor-version":[{"id":1168,"href":"https:\/\/oronsko.org\/index.php?rest_route=\/wp\/v2\/posts\/1166\/revisions\/1168"}],"wp:featuredmedia":[{"embeddable":true,"href":"https:\/\/oronsko.org\/index.php?rest_route=\/wp\/v2\/media\/1167"}],"wp:attachment":[{"href":"https:\/\/oronsko.org\/index.php?rest_route=%2Fwp%2Fv2%2Fmedia&parent=1166"}],"wp:term":[{"taxonomy":"category","embeddable":true,"href":"https:\/\/oronsko.org\/index.php?rest_route=%2Fwp%2Fv2%2Fcategories&post=1166"},{"taxonomy":"post_tag","embeddable":true,"href":"https:\/\/oronsko.org\/index.php?rest_route=%2Fwp%2Fv2%2Ftags&post=1166"}],"curies":[{"name":"wp","href":"https:\/\/api.w.org\/{rel}","templated":true}]}}