{"id":1149,"date":"2018-07-09T21:59:11","date_gmt":"2018-07-09T19:59:11","guid":{"rendered":"http:\/\/oronsko.org\/?p=1149"},"modified":"2018-07-16T11:59:00","modified_gmt":"2018-07-16T09:59:00","slug":"festiwal-w-zaborowiu","status":"publish","type":"post","link":"https:\/\/oronsko.org\/?p=1149","title":{"rendered":"Festiwal w Zaborowiu"},"content":{"rendered":"<p style=\"text-align: justify;\">8 lipca 2018 roku w Zaborowiu odby\u0142 si\u0119 XXII Wojew\u00f3dzki Przegl\u0105d Zespo\u0142\u00f3w Ludowych Prezentuj\u0105cych Zwyczaje i Obrz\u0119dy. <!--more-->Organizatorem festiwalu by\u0142a Gmina Oro\u0144sko przy wsp\u00f3\u0142pracy Stowarzyszenia \u201eWszyscy Razem dla Zaborowia\u201d. Imprez\u0119 otworzy\u0142 W\u00f3jt Gminy, witaj\u0105c r\u00f3wnocze\u015bnie przyby\u0142ych go\u015bci, w tym Starost\u0119 Powiatu Szyd\u0142owieckiego oraz radnych powiatowych i gminnych. Imprez\u0105 towarzysz\u0105c\u0105 festiwalowi by\u0142a wystawa grafik Nino Aydinowicza, prezentuj\u0105cych najciekawsze zak\u0105tki Oro\u0144ska i okolic, kt\u00f3re jednocze\u015bnie stanowi\u0105 ilustracje do przygotowywanego albumu o historii gminy. Wystaw\u0119 ods\u0142onili W\u00f3jt Gminy Oro\u0144sko oraz Przewodnicz\u0105ca Rady Gminy.<br \/>\nPrzegl\u0105d Zespo\u0142\u00f3w zosta\u0142 zainaugurowany pozakonkursowym wyst\u0119pem M\u0142odzie\u017cowego Zespo\u0142u Ludowego \u201eGuzowianki\u201d, po kt\u00f3rym odby\u0142y si\u0119 pokazy konkursowe. Jury wy\u0142oni\u0142o cztery najlepsze prezentacje: pierwsze miejsce zaj\u0105\u0142 zesp\u00f3\u0142 \u201eZaborowianki\u201d, drugie &#8211; \u201eMirowianki\u201d, trzecie zesp\u00f3\u0142 z Ga\u0142ek Rusinowskich, a czwarte \u201eG\u0105sawianki\u201d.<\/p>\n<p><span style=\"color: #00ffff;\"><strong><span style=\"font-size: 18pt;\"><a style=\"color: #00ffff;\" href=\"http:\/\/oronsko.org\/?page_id=17&amp;album=3&amp;gallery=75\">Galeria<\/a><\/span><\/strong><\/span><\/p>\n<p><a href=\"http:\/\/oronsko.org\/wp-content\/uploads\/2018\/07\/DSC_1569.jpg\" data-rel=\"lightbox-image-0\" data-rl_title=\"\" data-rl_caption=\"\" title=\"\"><img loading=\"lazy\" decoding=\"async\" class=\" wp-image-1150 aligncenter\" src=\"http:\/\/oronsko.org\/wp-content\/uploads\/2018\/07\/DSC_1569-1024x680.jpg\" alt=\"\" width=\"543\" height=\"361\" srcset=\"https:\/\/oronsko.org\/wp-content\/uploads\/2018\/07\/DSC_1569-1024x680.jpg 1024w, https:\/\/oronsko.org\/wp-content\/uploads\/2018\/07\/DSC_1569-300x199.jpg 300w, https:\/\/oronsko.org\/wp-content\/uploads\/2018\/07\/DSC_1569-768x510.jpg 768w, https:\/\/oronsko.org\/wp-content\/uploads\/2018\/07\/DSC_1569-220x145.jpg 220w\" sizes=\"auto, (max-width: 543px) 100vw, 543px\" \/><\/a><\/p>\n<p style=\"text-align: justify;\">\u00a0<\/p>\n","protected":false},"excerpt":{"rendered":"<p>8 lipca 2018 roku w Zaborowiu odby\u0142 si\u0119 XXII Wojew\u00f3dzki Przegl\u0105d Zespo\u0142\u00f3w Ludowych Prezentuj\u0105cych Zwyczaje i Obrz\u0119dy.<\/p>\n","protected":false},"author":2,"featured_media":1152,"comment_status":"open","ping_status":"open","sticky":false,"template":"","format":"standard","meta":{"footnotes":""},"categories":[1],"tags":[],"class_list":["post-1149","post","type-post","status-publish","format-standard","has-post-thumbnail","hentry","category-bez-kategorii"],"yoast_head":"<!-- This site is optimized with the Yoast SEO plugin v26.8 - https:\/\/yoast.com\/product\/yoast-seo-wordpress\/ -->\n<title>Festiwal w Zaborowiu - Stowarzyszenie Odnowy i Rozwoju Gminy Oro\u0144sko<\/title>\n<meta name=\"robots\" content=\"index, follow, max-snippet:-1, max-image-preview:large, max-video-preview:-1\" \/>\n<link rel=\"canonical\" href=\"https:\/\/oronsko.org\/?p=1149\" \/>\n<meta property=\"og:locale\" content=\"pl_PL\" \/>\n<meta property=\"og:type\" content=\"article\" \/>\n<meta property=\"og:title\" content=\"Festiwal w Zaborowiu - Stowarzyszenie Odnowy i Rozwoju Gminy Oro\u0144sko\" \/>\n<meta property=\"og:description\" content=\"8 lipca 2018 roku w Zaborowiu odby\u0142 si\u0119 XXII Wojew\u00f3dzki Przegl\u0105d Zespo\u0142\u00f3w Ludowych Prezentuj\u0105cych Zwyczaje i Obrz\u0119dy.\" \/>\n<meta property=\"og:url\" content=\"https:\/\/oronsko.org\/?p=1149\" \/>\n<meta property=\"og:site_name\" content=\"Stowarzyszenie Odnowy i Rozwoju Gminy Oro\u0144sko\" \/>\n<meta property=\"article:published_time\" content=\"2018-07-09T19:59:11+00:00\" \/>\n<meta property=\"article:modified_time\" content=\"2018-07-16T09:59:00+00:00\" \/>\n<meta property=\"og:image\" content=\"https:\/\/oronsko.org\/wp-content\/uploads\/2018\/07\/DSC_1590-1024x680.jpg\" \/>\n\t<meta property=\"og:image:width\" content=\"1024\" \/>\n\t<meta property=\"og:image:height\" content=\"680\" \/>\n\t<meta property=\"og:image:type\" content=\"image\/jpeg\" \/>\n<meta name=\"author\" content=\"oronsko\" \/>\n<meta name=\"twitter:card\" content=\"summary_large_image\" \/>\n<meta name=\"twitter:label1\" content=\"Napisane przez\" \/>\n\t<meta name=\"twitter:data1\" content=\"oronsko\" \/>\n\t<meta name=\"twitter:label2\" content=\"Szacowany czas czytania\" \/>\n\t<meta name=\"twitter:data2\" content=\"1 minuta\" \/>\n<script type=\"application\/ld+json\" class=\"yoast-schema-graph\">{\"@context\":\"https:\/\/schema.org\",\"@graph\":[{\"@type\":\"Article\",\"@id\":\"https:\/\/oronsko.org\/?p=1149#article\",\"isPartOf\":{\"@id\":\"https:\/\/oronsko.org\/?p=1149\"},\"author\":{\"name\":\"oronsko\",\"@id\":\"https:\/\/oronsko.org\/#\/schema\/person\/d008aee7ef8cdc6d72c6dddfa0f6fa6a\"},\"headline\":\"Festiwal w Zaborowiu\",\"datePublished\":\"2018-07-09T19:59:11+00:00\",\"dateModified\":\"2018-07-16T09:59:00+00:00\",\"mainEntityOfPage\":{\"@id\":\"https:\/\/oronsko.org\/?p=1149\"},\"wordCount\":157,\"commentCount\":0,\"image\":{\"@id\":\"https:\/\/oronsko.org\/?p=1149#primaryimage\"},\"thumbnailUrl\":\"https:\/\/oronsko.org\/wp-content\/uploads\/2018\/07\/DSC_1590.jpg\",\"inLanguage\":\"pl-PL\",\"potentialAction\":[{\"@type\":\"CommentAction\",\"name\":\"Comment\",\"target\":[\"https:\/\/oronsko.org\/?p=1149#respond\"]}]},{\"@type\":\"WebPage\",\"@id\":\"https:\/\/oronsko.org\/?p=1149\",\"url\":\"https:\/\/oronsko.org\/?p=1149\",\"name\":\"Festiwal w Zaborowiu - Stowarzyszenie Odnowy i Rozwoju Gminy Oro\u0144sko\",\"isPartOf\":{\"@id\":\"https:\/\/oronsko.org\/#website\"},\"primaryImageOfPage\":{\"@id\":\"https:\/\/oronsko.org\/?p=1149#primaryimage\"},\"image\":{\"@id\":\"https:\/\/oronsko.org\/?p=1149#primaryimage\"},\"thumbnailUrl\":\"https:\/\/oronsko.org\/wp-content\/uploads\/2018\/07\/DSC_1590.jpg\",\"datePublished\":\"2018-07-09T19:59:11+00:00\",\"dateModified\":\"2018-07-16T09:59:00+00:00\",\"author\":{\"@id\":\"https:\/\/oronsko.org\/#\/schema\/person\/d008aee7ef8cdc6d72c6dddfa0f6fa6a\"},\"breadcrumb\":{\"@id\":\"https:\/\/oronsko.org\/?p=1149#breadcrumb\"},\"inLanguage\":\"pl-PL\",\"potentialAction\":[{\"@type\":\"ReadAction\",\"target\":[\"https:\/\/oronsko.org\/?p=1149\"]}]},{\"@type\":\"ImageObject\",\"inLanguage\":\"pl-PL\",\"@id\":\"https:\/\/oronsko.org\/?p=1149#primaryimage\",\"url\":\"https:\/\/oronsko.org\/wp-content\/uploads\/2018\/07\/DSC_1590.jpg\",\"contentUrl\":\"https:\/\/oronsko.org\/wp-content\/uploads\/2018\/07\/DSC_1590.jpg\",\"width\":3216,\"height\":2136},{\"@type\":\"BreadcrumbList\",\"@id\":\"https:\/\/oronsko.org\/?p=1149#breadcrumb\",\"itemListElement\":[{\"@type\":\"ListItem\",\"position\":1,\"name\":\"Strona g\u0142\u00f3wna\",\"item\":\"https:\/\/oronsko.org\/\"},{\"@type\":\"ListItem\",\"position\":2,\"name\":\"Festiwal w Zaborowiu\"}]},{\"@type\":\"WebSite\",\"@id\":\"https:\/\/oronsko.org\/#website\",\"url\":\"https:\/\/oronsko.org\/\",\"name\":\"Stowarzyszenie Odnowy i Rozwoju Gminy Oro\u0144sko\",\"description\":\"\",\"potentialAction\":[{\"@type\":\"SearchAction\",\"target\":{\"@type\":\"EntryPoint\",\"urlTemplate\":\"https:\/\/oronsko.org\/?s={search_term_string}\"},\"query-input\":{\"@type\":\"PropertyValueSpecification\",\"valueRequired\":true,\"valueName\":\"search_term_string\"}}],\"inLanguage\":\"pl-PL\"},{\"@type\":\"Person\",\"@id\":\"https:\/\/oronsko.org\/#\/schema\/person\/d008aee7ef8cdc6d72c6dddfa0f6fa6a\",\"name\":\"oronsko\",\"image\":{\"@type\":\"ImageObject\",\"inLanguage\":\"pl-PL\",\"@id\":\"https:\/\/oronsko.org\/#\/schema\/person\/image\/\",\"url\":\"https:\/\/secure.gravatar.com\/avatar\/04d4d850872fa512217e3bbde438f64183869a8f4529665ce1917407f81c2c69?s=96&d=mm&r=g\",\"contentUrl\":\"https:\/\/secure.gravatar.com\/avatar\/04d4d850872fa512217e3bbde438f64183869a8f4529665ce1917407f81c2c69?s=96&d=mm&r=g\",\"caption\":\"oronsko\"},\"url\":\"https:\/\/oronsko.org\/?author=2\"}]}<\/script>\n<!-- \/ Yoast SEO plugin. -->","yoast_head_json":{"title":"Festiwal w Zaborowiu - Stowarzyszenie Odnowy i Rozwoju Gminy Oro\u0144sko","robots":{"index":"index","follow":"follow","max-snippet":"max-snippet:-1","max-image-preview":"max-image-preview:large","max-video-preview":"max-video-preview:-1"},"canonical":"https:\/\/oronsko.org\/?p=1149","og_locale":"pl_PL","og_type":"article","og_title":"Festiwal w Zaborowiu - Stowarzyszenie Odnowy i Rozwoju Gminy Oro\u0144sko","og_description":"8 lipca 2018 roku w Zaborowiu odby\u0142 si\u0119 XXII Wojew\u00f3dzki Przegl\u0105d Zespo\u0142\u00f3w Ludowych Prezentuj\u0105cych Zwyczaje i Obrz\u0119dy.","og_url":"https:\/\/oronsko.org\/?p=1149","og_site_name":"Stowarzyszenie Odnowy i Rozwoju Gminy Oro\u0144sko","article_published_time":"2018-07-09T19:59:11+00:00","article_modified_time":"2018-07-16T09:59:00+00:00","og_image":[{"width":1024,"height":680,"url":"https:\/\/oronsko.org\/wp-content\/uploads\/2018\/07\/DSC_1590-1024x680.jpg","type":"image\/jpeg"}],"author":"oronsko","twitter_card":"summary_large_image","twitter_misc":{"Napisane przez":"oronsko","Szacowany czas czytania":"1 minuta"},"schema":{"@context":"https:\/\/schema.org","@graph":[{"@type":"Article","@id":"https:\/\/oronsko.org\/?p=1149#article","isPartOf":{"@id":"https:\/\/oronsko.org\/?p=1149"},"author":{"name":"oronsko","@id":"https:\/\/oronsko.org\/#\/schema\/person\/d008aee7ef8cdc6d72c6dddfa0f6fa6a"},"headline":"Festiwal w Zaborowiu","datePublished":"2018-07-09T19:59:11+00:00","dateModified":"2018-07-16T09:59:00+00:00","mainEntityOfPage":{"@id":"https:\/\/oronsko.org\/?p=1149"},"wordCount":157,"commentCount":0,"image":{"@id":"https:\/\/oronsko.org\/?p=1149#primaryimage"},"thumbnailUrl":"https:\/\/oronsko.org\/wp-content\/uploads\/2018\/07\/DSC_1590.jpg","inLanguage":"pl-PL","potentialAction":[{"@type":"CommentAction","name":"Comment","target":["https:\/\/oronsko.org\/?p=1149#respond"]}]},{"@type":"WebPage","@id":"https:\/\/oronsko.org\/?p=1149","url":"https:\/\/oronsko.org\/?p=1149","name":"Festiwal w Zaborowiu - Stowarzyszenie Odnowy i Rozwoju Gminy Oro\u0144sko","isPartOf":{"@id":"https:\/\/oronsko.org\/#website"},"primaryImageOfPage":{"@id":"https:\/\/oronsko.org\/?p=1149#primaryimage"},"image":{"@id":"https:\/\/oronsko.org\/?p=1149#primaryimage"},"thumbnailUrl":"https:\/\/oronsko.org\/wp-content\/uploads\/2018\/07\/DSC_1590.jpg","datePublished":"2018-07-09T19:59:11+00:00","dateModified":"2018-07-16T09:59:00+00:00","author":{"@id":"https:\/\/oronsko.org\/#\/schema\/person\/d008aee7ef8cdc6d72c6dddfa0f6fa6a"},"breadcrumb":{"@id":"https:\/\/oronsko.org\/?p=1149#breadcrumb"},"inLanguage":"pl-PL","potentialAction":[{"@type":"ReadAction","target":["https:\/\/oronsko.org\/?p=1149"]}]},{"@type":"ImageObject","inLanguage":"pl-PL","@id":"https:\/\/oronsko.org\/?p=1149#primaryimage","url":"https:\/\/oronsko.org\/wp-content\/uploads\/2018\/07\/DSC_1590.jpg","contentUrl":"https:\/\/oronsko.org\/wp-content\/uploads\/2018\/07\/DSC_1590.jpg","width":3216,"height":2136},{"@type":"BreadcrumbList","@id":"https:\/\/oronsko.org\/?p=1149#breadcrumb","itemListElement":[{"@type":"ListItem","position":1,"name":"Strona g\u0142\u00f3wna","item":"https:\/\/oronsko.org\/"},{"@type":"ListItem","position":2,"name":"Festiwal w Zaborowiu"}]},{"@type":"WebSite","@id":"https:\/\/oronsko.org\/#website","url":"https:\/\/oronsko.org\/","name":"Stowarzyszenie Odnowy i Rozwoju Gminy Oro\u0144sko","description":"","potentialAction":[{"@type":"SearchAction","target":{"@type":"EntryPoint","urlTemplate":"https:\/\/oronsko.org\/?s={search_term_string}"},"query-input":{"@type":"PropertyValueSpecification","valueRequired":true,"valueName":"search_term_string"}}],"inLanguage":"pl-PL"},{"@type":"Person","@id":"https:\/\/oronsko.org\/#\/schema\/person\/d008aee7ef8cdc6d72c6dddfa0f6fa6a","name":"oronsko","image":{"@type":"ImageObject","inLanguage":"pl-PL","@id":"https:\/\/oronsko.org\/#\/schema\/person\/image\/","url":"https:\/\/secure.gravatar.com\/avatar\/04d4d850872fa512217e3bbde438f64183869a8f4529665ce1917407f81c2c69?s=96&d=mm&r=g","contentUrl":"https:\/\/secure.gravatar.com\/avatar\/04d4d850872fa512217e3bbde438f64183869a8f4529665ce1917407f81c2c69?s=96&d=mm&r=g","caption":"oronsko"},"url":"https:\/\/oronsko.org\/?author=2"}]}},"_links":{"self":[{"href":"https:\/\/oronsko.org\/index.php?rest_route=\/wp\/v2\/posts\/1149","targetHints":{"allow":["GET"]}}],"collection":[{"href":"https:\/\/oronsko.org\/index.php?rest_route=\/wp\/v2\/posts"}],"about":[{"href":"https:\/\/oronsko.org\/index.php?rest_route=\/wp\/v2\/types\/post"}],"author":[{"embeddable":true,"href":"https:\/\/oronsko.org\/index.php?rest_route=\/wp\/v2\/users\/2"}],"replies":[{"embeddable":true,"href":"https:\/\/oronsko.org\/index.php?rest_route=%2Fwp%2Fv2%2Fcomments&post=1149"}],"version-history":[{"count":3,"href":"https:\/\/oronsko.org\/index.php?rest_route=\/wp\/v2\/posts\/1149\/revisions"}],"predecessor-version":[{"id":1156,"href":"https:\/\/oronsko.org\/index.php?rest_route=\/wp\/v2\/posts\/1149\/revisions\/1156"}],"wp:featuredmedia":[{"embeddable":true,"href":"https:\/\/oronsko.org\/index.php?rest_route=\/wp\/v2\/media\/1152"}],"wp:attachment":[{"href":"https:\/\/oronsko.org\/index.php?rest_route=%2Fwp%2Fv2%2Fmedia&parent=1149"}],"wp:term":[{"taxonomy":"category","embeddable":true,"href":"https:\/\/oronsko.org\/index.php?rest_route=%2Fwp%2Fv2%2Fcategories&post=1149"},{"taxonomy":"post_tag","embeddable":true,"href":"https:\/\/oronsko.org\/index.php?rest_route=%2Fwp%2Fv2%2Ftags&post=1149"}],"curies":[{"name":"wp","href":"https:\/\/api.w.org\/{rel}","templated":true}]}}