{"id":1137,"date":"2018-07-07T13:27:28","date_gmt":"2018-07-07T11:27:28","guid":{"rendered":"http:\/\/oronsko.org\/?p=1137"},"modified":"2018-08-18T10:17:28","modified_gmt":"2018-08-18T08:17:28","slug":"wyscig-o-konar-debu-czwartaka-zaproszenie","status":"publish","type":"post","link":"https:\/\/oronsko.org\/?p=1137","title":{"rendered":"Wy\u015bcig o Konar D\u0119bu Czwartaka"},"content":{"rendered":"<p style=\"text-align: justify;\"><strong>19 sierpnia 2018 roku (niedziela) odb\u0119dzie si\u0119 kolejna edycja Og\u00f3lnopolskiego Wy\u015bcigu kolarskiego \u201eO Konar D\u0119by Czwartaka\u201d. <\/strong>W tym roku patronat nad imprez\u0105 obj\u0119li Starosta Szyd\u0142owiecki oraz zawodowa grupa kolarska CCC Sprandi Polkowice. <!--more-->Tradycyjnie organizator, tj. Stowarzyszenie Odnowy i Rozwoju Gminy Oro\u0144sko, przewidzia\u0142 trasy punktowane jak r\u00f3wnie\u017c tras\u0119 przejazdu rekreacyjnego.<\/p>\n<p style=\"text-align: justify;\"><strong>Start wy\u015bcigu w miejscowo\u015bci \u0141aziska (gm. Oro\u0144sko) o godz. 15.00. <\/strong>Uczestnicy b\u0119d\u0105 pokonywali p\u0119tle o d\u0142ugo\u015bci 14,2 km, kt\u00f3rych liczba b\u0119dzie uzale\u017cniona od kategorii wiekowej. Tym samym zaplanowano nast\u0119puj\u0105ce dystanse:<\/p>\n<ul>\n<li>1 okr\u0105\u017cenie: 14,2 km<\/li>\n<li>2 okr\u0105\u017cenia: 28,4 km<\/li>\n<li>3 okr\u0105\u017cenia: 42,6 km<\/li>\n<li>4 okr\u0105\u017cenia: 56,8 km<\/li>\n<\/ul>\n<p style=\"text-align: justify;\">Klasyfikacja b\u0119dzie prowadzona osobno w\u015br\u00f3d m\u0119\u017cczyzn i kobiet. Organizatorzy przewidzieli\u00a0 nast\u0119puj\u0105ce kategorie:<\/p>\n<ul>\n<li>M10 \u2013 10-18 2 okr\u0105\u017cenia 28,4 M\/K<\/li>\n<li>M20 \u2013 18-29 Mx4, Kx3<\/li>\n<li>M30 \u2013 30-39 Mx4, Kx3<\/li>\n<li>M40 \u2013 40-49 Mx4, Kx3<\/li>\n<li>M50 &#8211;\u00a0 50-59 Mx3, Kx3<\/li>\n<li>M60 \u2013 60+\u00a0\u00a0\u00a0 Mx3, Kx3<\/li>\n<\/ul>\n<p style=\"text-align: justify;\">Pomiar czasu b\u0119dzie prowadzony elektronicznie przy udziale firmy zewn\u0119trznej. Organizatorzy zapraszaj\u0105 do elektronicznej rejestracji uczestnictwa na stronie internetowej <a href=\"http:\/\/www.pomiaryczasu.pl\"><span style=\"color: #00ffff;\">www.pomiaryczasu.pl<\/span><\/a>.<\/p>\n<p style=\"text-align: justify;\">Ze wzgl\u0119du na istotny wzrost koszt\u00f3w organizacji imprezy w tym roku wprowadzono konieczno\u015b\u0107 uiszczenia wpisowego, kt\u00f3re w kwocie 25 z\u0142 nale\u017cy wp\u0142aci\u0107 do dnia 16 sierpnia 2018 roku na konto stowarzyszenia podane w regulaminie wy\u015bcigu lub w kwocie 30 z\u0142 bezpo\u015brednio w dniu wy\u015bcigu w biurze zawod\u00f3w, kt\u00f3re b\u0119dzie czynne od godz. 12.30. <strong>Uczestnicy przejazdu rekreacyjnego oraz uczestnicy do lat 18 bior\u0105 udzia\u0142 w imprezie bezp\u0142atnie.<\/strong><strong>\u00a0<\/strong><\/p>\n<p>Szczeg\u00f3\u0142owe informacje dotycz\u0105ce imprezy zamieszczone s\u0105 w za\u0142\u0105czonym regulaminie wy\u015bcigu.<\/p>\n<p><span style=\"color: #00ffff;\"><strong><span style=\"font-size: 18pt;\"><a style=\"color: #00ffff;\" href=\"http:\/\/oronsko.org\/wp-content\/uploads\/2018\/07\/Regulamin_2018.pdf\">Regulamin Wy\u015bcigu<\/a><\/span><\/strong><\/span><\/p>\n<p><a href=\"http:\/\/oronsko.org\/wp-content\/uploads\/2018\/07\/mapa-p-1.pdf\"><strong><span style=\"font-size: 14pt;\"><span style=\"color: #00ffff;\">Mapa trasy przejazdu<\/span><\/span><\/strong><\/a><\/p>\n<p><span style=\"color: #00ffff; font-size: 14pt;\"><strong><a style=\"color: #00ffff;\" href=\"http:\/\/oronsko.org\/wp-content\/uploads\/2018\/07\/Karta-Zgloszeniowa.pdf\">Karta Zg\u0142oszeniowa<\/a><\/strong><\/span><\/p>\n<p><a href=\"http:\/\/oronsko.org\/wp-content\/uploads\/2018\/07\/C_Users_czare_000_Desktop_Plakat_WOKDC_2018.jpg\" data-rel=\"lightbox-image-0\" data-rl_title=\"\" data-rl_caption=\"\" title=\"\"><img loading=\"lazy\" decoding=\"async\" class=\" wp-image-1158 aligncenter\" src=\"http:\/\/oronsko.org\/wp-content\/uploads\/2018\/07\/C_Users_czare_000_Desktop_Plakat_WOKDC_2018-724x1024.jpg\" alt=\"\" width=\"592\" height=\"838\" srcset=\"https:\/\/oronsko.org\/wp-content\/uploads\/2018\/07\/C_Users_czare_000_Desktop_Plakat_WOKDC_2018-724x1024.jpg 724w, https:\/\/oronsko.org\/wp-content\/uploads\/2018\/07\/C_Users_czare_000_Desktop_Plakat_WOKDC_2018-212x300.jpg 212w, https:\/\/oronsko.org\/wp-content\/uploads\/2018\/07\/C_Users_czare_000_Desktop_Plakat_WOKDC_2018-768x1086.jpg 768w\" sizes=\"auto, (max-width: 592px) 100vw, 592px\" \/><\/a><\/p>\n<p>&nbsp;<\/p>\n","protected":false},"excerpt":{"rendered":"<p>19 sierpnia 2018 roku (niedziela) odb\u0119dzie si\u0119 kolejna edycja Og\u00f3lnopolskiego Wy\u015bcigu kolarskiego \u201eO Konar D\u0119by Czwartaka\u201d. W tym roku patronat nad imprez\u0105 obj\u0119li Starosta Szyd\u0142owiecki oraz zawodowa grupa kolarska CCC Sprandi Polkowice.<\/p>\n","protected":false},"author":2,"featured_media":1158,"comment_status":"open","ping_status":"open","sticky":false,"template":"","format":"standard","meta":{"footnotes":""},"categories":[1],"tags":[],"class_list":["post-1137","post","type-post","status-publish","format-standard","has-post-thumbnail","hentry","category-bez-kategorii"],"yoast_head":"<!-- This site is optimized with the Yoast SEO plugin v26.8 - https:\/\/yoast.com\/product\/yoast-seo-wordpress\/ -->\n<title>Wy\u015bcig o Konar D\u0119bu Czwartaka - Stowarzyszenie Odnowy i Rozwoju Gminy Oro\u0144sko<\/title>\n<meta name=\"robots\" content=\"index, follow, max-snippet:-1, max-image-preview:large, max-video-preview:-1\" \/>\n<link rel=\"canonical\" href=\"https:\/\/oronsko.org\/?p=1137\" \/>\n<meta property=\"og:locale\" content=\"pl_PL\" \/>\n<meta property=\"og:type\" content=\"article\" \/>\n<meta property=\"og:title\" content=\"Wy\u015bcig o Konar D\u0119bu Czwartaka - Stowarzyszenie Odnowy i Rozwoju Gminy Oro\u0144sko\" \/>\n<meta property=\"og:description\" content=\"19 sierpnia 2018 roku (niedziela) odb\u0119dzie si\u0119 kolejna edycja Og\u00f3lnopolskiego Wy\u015bcigu kolarskiego \u201eO Konar D\u0119by Czwartaka\u201d. W tym roku patronat nad imprez\u0105 obj\u0119li Starosta Szyd\u0142owiecki oraz zawodowa grupa kolarska CCC Sprandi Polkowice.\" \/>\n<meta property=\"og:url\" content=\"https:\/\/oronsko.org\/?p=1137\" \/>\n<meta property=\"og:site_name\" content=\"Stowarzyszenie Odnowy i Rozwoju Gminy Oro\u0144sko\" \/>\n<meta property=\"article:published_time\" content=\"2018-07-07T11:27:28+00:00\" \/>\n<meta property=\"article:modified_time\" content=\"2018-08-18T08:17:28+00:00\" \/>\n<meta property=\"og:image\" content=\"https:\/\/oronsko.org\/wp-content\/uploads\/2018\/07\/C_Users_czare_000_Desktop_Plakat_WOKDC_2018-724x1024.jpg\" \/>\n\t<meta property=\"og:image:width\" content=\"724\" \/>\n\t<meta property=\"og:image:height\" content=\"1024\" \/>\n\t<meta property=\"og:image:type\" content=\"image\/jpeg\" \/>\n<meta name=\"author\" content=\"oronsko\" \/>\n<meta name=\"twitter:card\" content=\"summary_large_image\" \/>\n<meta name=\"twitter:label1\" content=\"Napisane przez\" \/>\n\t<meta name=\"twitter:data1\" content=\"oronsko\" \/>\n\t<meta name=\"twitter:label2\" content=\"Szacowany czas czytania\" \/>\n\t<meta name=\"twitter:data2\" content=\"1 minuta\" \/>\n<script type=\"application\/ld+json\" class=\"yoast-schema-graph\">{\"@context\":\"https:\/\/schema.org\",\"@graph\":[{\"@type\":\"Article\",\"@id\":\"https:\/\/oronsko.org\/?p=1137#article\",\"isPartOf\":{\"@id\":\"https:\/\/oronsko.org\/?p=1137\"},\"author\":{\"name\":\"oronsko\",\"@id\":\"https:\/\/oronsko.org\/#\/schema\/person\/d008aee7ef8cdc6d72c6dddfa0f6fa6a\"},\"headline\":\"Wy\u015bcig o Konar D\u0119bu Czwartaka\",\"datePublished\":\"2018-07-07T11:27:28+00:00\",\"dateModified\":\"2018-08-18T08:17:28+00:00\",\"mainEntityOfPage\":{\"@id\":\"https:\/\/oronsko.org\/?p=1137\"},\"wordCount\":277,\"commentCount\":0,\"image\":{\"@id\":\"https:\/\/oronsko.org\/?p=1137#primaryimage\"},\"thumbnailUrl\":\"https:\/\/oronsko.org\/wp-content\/uploads\/2018\/07\/C_Users_czare_000_Desktop_Plakat_WOKDC_2018.jpg\",\"inLanguage\":\"pl-PL\",\"potentialAction\":[{\"@type\":\"CommentAction\",\"name\":\"Comment\",\"target\":[\"https:\/\/oronsko.org\/?p=1137#respond\"]}]},{\"@type\":\"WebPage\",\"@id\":\"https:\/\/oronsko.org\/?p=1137\",\"url\":\"https:\/\/oronsko.org\/?p=1137\",\"name\":\"Wy\u015bcig o Konar D\u0119bu Czwartaka - Stowarzyszenie Odnowy i Rozwoju Gminy Oro\u0144sko\",\"isPartOf\":{\"@id\":\"https:\/\/oronsko.org\/#website\"},\"primaryImageOfPage\":{\"@id\":\"https:\/\/oronsko.org\/?p=1137#primaryimage\"},\"image\":{\"@id\":\"https:\/\/oronsko.org\/?p=1137#primaryimage\"},\"thumbnailUrl\":\"https:\/\/oronsko.org\/wp-content\/uploads\/2018\/07\/C_Users_czare_000_Desktop_Plakat_WOKDC_2018.jpg\",\"datePublished\":\"2018-07-07T11:27:28+00:00\",\"dateModified\":\"2018-08-18T08:17:28+00:00\",\"author\":{\"@id\":\"https:\/\/oronsko.org\/#\/schema\/person\/d008aee7ef8cdc6d72c6dddfa0f6fa6a\"},\"breadcrumb\":{\"@id\":\"https:\/\/oronsko.org\/?p=1137#breadcrumb\"},\"inLanguage\":\"pl-PL\",\"potentialAction\":[{\"@type\":\"ReadAction\",\"target\":[\"https:\/\/oronsko.org\/?p=1137\"]}]},{\"@type\":\"ImageObject\",\"inLanguage\":\"pl-PL\",\"@id\":\"https:\/\/oronsko.org\/?p=1137#primaryimage\",\"url\":\"https:\/\/oronsko.org\/wp-content\/uploads\/2018\/07\/C_Users_czare_000_Desktop_Plakat_WOKDC_2018.jpg\",\"contentUrl\":\"https:\/\/oronsko.org\/wp-content\/uploads\/2018\/07\/C_Users_czare_000_Desktop_Plakat_WOKDC_2018.jpg\",\"width\":3508,\"height\":4961},{\"@type\":\"BreadcrumbList\",\"@id\":\"https:\/\/oronsko.org\/?p=1137#breadcrumb\",\"itemListElement\":[{\"@type\":\"ListItem\",\"position\":1,\"name\":\"Strona g\u0142\u00f3wna\",\"item\":\"https:\/\/oronsko.org\/\"},{\"@type\":\"ListItem\",\"position\":2,\"name\":\"Wy\u015bcig o Konar D\u0119bu Czwartaka\"}]},{\"@type\":\"WebSite\",\"@id\":\"https:\/\/oronsko.org\/#website\",\"url\":\"https:\/\/oronsko.org\/\",\"name\":\"Stowarzyszenie Odnowy i Rozwoju Gminy Oro\u0144sko\",\"description\":\"\",\"potentialAction\":[{\"@type\":\"SearchAction\",\"target\":{\"@type\":\"EntryPoint\",\"urlTemplate\":\"https:\/\/oronsko.org\/?s={search_term_string}\"},\"query-input\":{\"@type\":\"PropertyValueSpecification\",\"valueRequired\":true,\"valueName\":\"search_term_string\"}}],\"inLanguage\":\"pl-PL\"},{\"@type\":\"Person\",\"@id\":\"https:\/\/oronsko.org\/#\/schema\/person\/d008aee7ef8cdc6d72c6dddfa0f6fa6a\",\"name\":\"oronsko\",\"image\":{\"@type\":\"ImageObject\",\"inLanguage\":\"pl-PL\",\"@id\":\"https:\/\/oronsko.org\/#\/schema\/person\/image\/\",\"url\":\"https:\/\/secure.gravatar.com\/avatar\/04d4d850872fa512217e3bbde438f64183869a8f4529665ce1917407f81c2c69?s=96&d=mm&r=g\",\"contentUrl\":\"https:\/\/secure.gravatar.com\/avatar\/04d4d850872fa512217e3bbde438f64183869a8f4529665ce1917407f81c2c69?s=96&d=mm&r=g\",\"caption\":\"oronsko\"},\"url\":\"https:\/\/oronsko.org\/?author=2\"}]}<\/script>\n<!-- \/ Yoast SEO plugin. -->","yoast_head_json":{"title":"Wy\u015bcig o Konar D\u0119bu Czwartaka - Stowarzyszenie Odnowy i Rozwoju Gminy Oro\u0144sko","robots":{"index":"index","follow":"follow","max-snippet":"max-snippet:-1","max-image-preview":"max-image-preview:large","max-video-preview":"max-video-preview:-1"},"canonical":"https:\/\/oronsko.org\/?p=1137","og_locale":"pl_PL","og_type":"article","og_title":"Wy\u015bcig o Konar D\u0119bu Czwartaka - Stowarzyszenie Odnowy i Rozwoju Gminy Oro\u0144sko","og_description":"19 sierpnia 2018 roku (niedziela) odb\u0119dzie si\u0119 kolejna edycja Og\u00f3lnopolskiego Wy\u015bcigu kolarskiego \u201eO Konar D\u0119by Czwartaka\u201d. W tym roku patronat nad imprez\u0105 obj\u0119li Starosta Szyd\u0142owiecki oraz zawodowa grupa kolarska CCC Sprandi Polkowice.","og_url":"https:\/\/oronsko.org\/?p=1137","og_site_name":"Stowarzyszenie Odnowy i Rozwoju Gminy Oro\u0144sko","article_published_time":"2018-07-07T11:27:28+00:00","article_modified_time":"2018-08-18T08:17:28+00:00","og_image":[{"width":724,"height":1024,"url":"https:\/\/oronsko.org\/wp-content\/uploads\/2018\/07\/C_Users_czare_000_Desktop_Plakat_WOKDC_2018-724x1024.jpg","type":"image\/jpeg"}],"author":"oronsko","twitter_card":"summary_large_image","twitter_misc":{"Napisane przez":"oronsko","Szacowany czas czytania":"1 minuta"},"schema":{"@context":"https:\/\/schema.org","@graph":[{"@type":"Article","@id":"https:\/\/oronsko.org\/?p=1137#article","isPartOf":{"@id":"https:\/\/oronsko.org\/?p=1137"},"author":{"name":"oronsko","@id":"https:\/\/oronsko.org\/#\/schema\/person\/d008aee7ef8cdc6d72c6dddfa0f6fa6a"},"headline":"Wy\u015bcig o Konar D\u0119bu Czwartaka","datePublished":"2018-07-07T11:27:28+00:00","dateModified":"2018-08-18T08:17:28+00:00","mainEntityOfPage":{"@id":"https:\/\/oronsko.org\/?p=1137"},"wordCount":277,"commentCount":0,"image":{"@id":"https:\/\/oronsko.org\/?p=1137#primaryimage"},"thumbnailUrl":"https:\/\/oronsko.org\/wp-content\/uploads\/2018\/07\/C_Users_czare_000_Desktop_Plakat_WOKDC_2018.jpg","inLanguage":"pl-PL","potentialAction":[{"@type":"CommentAction","name":"Comment","target":["https:\/\/oronsko.org\/?p=1137#respond"]}]},{"@type":"WebPage","@id":"https:\/\/oronsko.org\/?p=1137","url":"https:\/\/oronsko.org\/?p=1137","name":"Wy\u015bcig o Konar D\u0119bu Czwartaka - Stowarzyszenie Odnowy i Rozwoju Gminy Oro\u0144sko","isPartOf":{"@id":"https:\/\/oronsko.org\/#website"},"primaryImageOfPage":{"@id":"https:\/\/oronsko.org\/?p=1137#primaryimage"},"image":{"@id":"https:\/\/oronsko.org\/?p=1137#primaryimage"},"thumbnailUrl":"https:\/\/oronsko.org\/wp-content\/uploads\/2018\/07\/C_Users_czare_000_Desktop_Plakat_WOKDC_2018.jpg","datePublished":"2018-07-07T11:27:28+00:00","dateModified":"2018-08-18T08:17:28+00:00","author":{"@id":"https:\/\/oronsko.org\/#\/schema\/person\/d008aee7ef8cdc6d72c6dddfa0f6fa6a"},"breadcrumb":{"@id":"https:\/\/oronsko.org\/?p=1137#breadcrumb"},"inLanguage":"pl-PL","potentialAction":[{"@type":"ReadAction","target":["https:\/\/oronsko.org\/?p=1137"]}]},{"@type":"ImageObject","inLanguage":"pl-PL","@id":"https:\/\/oronsko.org\/?p=1137#primaryimage","url":"https:\/\/oronsko.org\/wp-content\/uploads\/2018\/07\/C_Users_czare_000_Desktop_Plakat_WOKDC_2018.jpg","contentUrl":"https:\/\/oronsko.org\/wp-content\/uploads\/2018\/07\/C_Users_czare_000_Desktop_Plakat_WOKDC_2018.jpg","width":3508,"height":4961},{"@type":"BreadcrumbList","@id":"https:\/\/oronsko.org\/?p=1137#breadcrumb","itemListElement":[{"@type":"ListItem","position":1,"name":"Strona g\u0142\u00f3wna","item":"https:\/\/oronsko.org\/"},{"@type":"ListItem","position":2,"name":"Wy\u015bcig o Konar D\u0119bu Czwartaka"}]},{"@type":"WebSite","@id":"https:\/\/oronsko.org\/#website","url":"https:\/\/oronsko.org\/","name":"Stowarzyszenie Odnowy i Rozwoju Gminy Oro\u0144sko","description":"","potentialAction":[{"@type":"SearchAction","target":{"@type":"EntryPoint","urlTemplate":"https:\/\/oronsko.org\/?s={search_term_string}"},"query-input":{"@type":"PropertyValueSpecification","valueRequired":true,"valueName":"search_term_string"}}],"inLanguage":"pl-PL"},{"@type":"Person","@id":"https:\/\/oronsko.org\/#\/schema\/person\/d008aee7ef8cdc6d72c6dddfa0f6fa6a","name":"oronsko","image":{"@type":"ImageObject","inLanguage":"pl-PL","@id":"https:\/\/oronsko.org\/#\/schema\/person\/image\/","url":"https:\/\/secure.gravatar.com\/avatar\/04d4d850872fa512217e3bbde438f64183869a8f4529665ce1917407f81c2c69?s=96&d=mm&r=g","contentUrl":"https:\/\/secure.gravatar.com\/avatar\/04d4d850872fa512217e3bbde438f64183869a8f4529665ce1917407f81c2c69?s=96&d=mm&r=g","caption":"oronsko"},"url":"https:\/\/oronsko.org\/?author=2"}]}},"_links":{"self":[{"href":"https:\/\/oronsko.org\/index.php?rest_route=\/wp\/v2\/posts\/1137","targetHints":{"allow":["GET"]}}],"collection":[{"href":"https:\/\/oronsko.org\/index.php?rest_route=\/wp\/v2\/posts"}],"about":[{"href":"https:\/\/oronsko.org\/index.php?rest_route=\/wp\/v2\/types\/post"}],"author":[{"embeddable":true,"href":"https:\/\/oronsko.org\/index.php?rest_route=\/wp\/v2\/users\/2"}],"replies":[{"embeddable":true,"href":"https:\/\/oronsko.org\/index.php?rest_route=%2Fwp%2Fv2%2Fcomments&post=1137"}],"version-history":[{"count":7,"href":"https:\/\/oronsko.org\/index.php?rest_route=\/wp\/v2\/posts\/1137\/revisions"}],"predecessor-version":[{"id":1157,"href":"https:\/\/oronsko.org\/index.php?rest_route=\/wp\/v2\/posts\/1137\/revisions\/1157"}],"wp:featuredmedia":[{"embeddable":true,"href":"https:\/\/oronsko.org\/index.php?rest_route=\/wp\/v2\/media\/1158"}],"wp:attachment":[{"href":"https:\/\/oronsko.org\/index.php?rest_route=%2Fwp%2Fv2%2Fmedia&parent=1137"}],"wp:term":[{"taxonomy":"category","embeddable":true,"href":"https:\/\/oronsko.org\/index.php?rest_route=%2Fwp%2Fv2%2Fcategories&post=1137"},{"taxonomy":"post_tag","embeddable":true,"href":"https:\/\/oronsko.org\/index.php?rest_route=%2Fwp%2Fv2%2Ftags&post=1137"}],"curies":[{"name":"wp","href":"https:\/\/api.w.org\/{rel}","templated":true}]}}