{"id":1134,"date":"2018-07-07T11:36:23","date_gmt":"2018-07-07T09:36:23","guid":{"rendered":"http:\/\/oronsko.org\/?p=1134"},"modified":"2018-07-07T11:36:23","modified_gmt":"2018-07-07T09:36:23","slug":"przeglad-zespolow-ludowych","status":"publish","type":"post","link":"https:\/\/oronsko.org\/?p=1134","title":{"rendered":"Przegl\u0105d Zespo\u0142\u00f3w Ludowych"},"content":{"rendered":"<p>W\u00f3jt Gminy Oro\u0144sko Henryk Nosowski zaprasza na obj\u0119ty honorowym patronatem Marsza\u0142ka Wojew\u00f3dztwa Mazowieckiego XXII Wojew\u00f3dzki Przegl\u0105d Zespo\u0142\u00f3w Ludowych Prezentuj\u0105cych Zwyczaje i Obrz\u0119dy, kt\u00f3ry odb\u0119dzie si\u0119 8 Lipca 2018 od godziny 13:00 w \u015bwietlicy w Zaborowiu.<!--more--><br \/>\n<strong>W PRZEGL\u0104DZIE UDZIA\u0141 WEZM\u0104:\u00a0<\/strong><\/p>\n<p>Zesp\u00f3\u0142 Obrz\u0119dowy z\u00a0Korzyc gmina Szyd\u0142owiec<br \/>\nZesp\u00f3\u0142 Obrz\u0119dowy &#8222;Mirowianki\u201d z\u00a0Mirowa gmina Mir\u00f3w<br \/>\nZesp\u00f3\u0142 Obrz\u0119dowy &#8222;Zaborowianki\u201d z\u00a0Zaborowia gmina Oro\u0144sko<br \/>\nZesp\u00f3\u0142 Obrz\u0119dowy &#8222;Strykowianki\u201d ze\u00a0Strykowic G\u00f3rnych gmina Zwole\u0144<br \/>\nZesp\u00f3\u0142 Obrz\u0119dowy &#8222;Zakuka\u0142a Kuku\u0142ecka\u201d z\u00a0Ga\u0142ek Rusinowskich gmina Rusin\u00f3w<br \/>\nZesp\u00f3\u0142 Obrz\u0119dowy &#8222;Grabowianki\u201d z\u00a0Grabowa gmina Przy\u0142\u0119k<br \/>\nZesp\u00f3\u0142 Obrz\u0119dowy &#8222;G\u0105sawianki\u201d z\u00a0G\u0105saw Rz\u0105dowych gmina Jastrz\u0105b<br \/>\nZesp\u00f3\u0142 Obrz\u0119dowy &#8222;Paw\u0142owianki\u201d z\u00a0Paw\u0142owa gmina Chlewiska<br \/>\nZesp\u00f3\u0142 Obrz\u0119dowy &#8222;Chomentowianki\u201d z\u00a0Chomentowa Puszcz gmina Skaryszew<\/p>\n<p><strong>POZA KONKURSEM WYST\u0104PI\u0104 ZESPO\u0141Y LUDOWE:<\/strong><\/p>\n<p>,,Guzowianki\u201d,\u00a0,,Wolanki\u201d,\u00a0,,Osta\u0142ki\u201d oraz Kapele Ludo<\/p>\n<p><a href=\"http:\/\/oronsko.org\/wp-content\/uploads\/2018\/07\/zaborowie.jpg\" data-rel=\"lightbox-image-0\" data-rl_title=\"\" data-rl_caption=\"\" title=\"\"><img loading=\"lazy\" decoding=\"async\" class=\"size-full wp-image-1135 aligncenter\" src=\"http:\/\/oronsko.org\/wp-content\/uploads\/2018\/07\/zaborowie.jpg\" alt=\"\" width=\"600\" height=\"350\" srcset=\"https:\/\/oronsko.org\/wp-content\/uploads\/2018\/07\/zaborowie.jpg 600w, https:\/\/oronsko.org\/wp-content\/uploads\/2018\/07\/zaborowie-300x175.jpg 300w\" sizes=\"auto, (max-width: 600px) 100vw, 600px\" \/><\/a><\/p>\n","protected":false},"excerpt":{"rendered":"<p>W\u00f3jt Gminy Oro\u0144sko Henryk Nosowski zaprasza na obj\u0119ty honorowym patronatem Marsza\u0142ka Wojew\u00f3dztwa Mazowieckiego XXII Wojew\u00f3dzki Przegl\u0105d Zespo\u0142\u00f3w Ludowych Prezentuj\u0105cych Zwyczaje i Obrz\u0119dy, kt\u00f3ry odb\u0119dzie si\u0119 8 Lipca 2018 od godziny 13:00 w \u015bwietlicy w Zaborowiu.<\/p>\n","protected":false},"author":2,"featured_media":1135,"comment_status":"open","ping_status":"open","sticky":false,"template":"","format":"standard","meta":{"footnotes":""},"categories":[1],"tags":[],"class_list":["post-1134","post","type-post","status-publish","format-standard","has-post-thumbnail","hentry","category-bez-kategorii"],"yoast_head":"<!-- This site is optimized with the Yoast SEO plugin v26.8 - https:\/\/yoast.com\/product\/yoast-seo-wordpress\/ -->\n<title>Przegl\u0105d Zespo\u0142\u00f3w Ludowych - Stowarzyszenie Odnowy i Rozwoju Gminy Oro\u0144sko<\/title>\n<meta name=\"robots\" content=\"index, follow, max-snippet:-1, max-image-preview:large, max-video-preview:-1\" \/>\n<link rel=\"canonical\" href=\"https:\/\/oronsko.org\/?p=1134\" \/>\n<meta property=\"og:locale\" content=\"pl_PL\" \/>\n<meta property=\"og:type\" content=\"article\" \/>\n<meta property=\"og:title\" content=\"Przegl\u0105d Zespo\u0142\u00f3w Ludowych - Stowarzyszenie Odnowy i Rozwoju Gminy Oro\u0144sko\" \/>\n<meta property=\"og:description\" content=\"W\u00f3jt Gminy Oro\u0144sko Henryk Nosowski zaprasza na obj\u0119ty honorowym patronatem Marsza\u0142ka Wojew\u00f3dztwa Mazowieckiego XXII Wojew\u00f3dzki Przegl\u0105d Zespo\u0142\u00f3w Ludowych Prezentuj\u0105cych Zwyczaje i Obrz\u0119dy, kt\u00f3ry odb\u0119dzie si\u0119 8 Lipca 2018 od godziny 13:00 w \u015bwietlicy w Zaborowiu.\" \/>\n<meta property=\"og:url\" content=\"https:\/\/oronsko.org\/?p=1134\" \/>\n<meta property=\"og:site_name\" content=\"Stowarzyszenie Odnowy i Rozwoju Gminy Oro\u0144sko\" \/>\n<meta property=\"article:published_time\" content=\"2018-07-07T09:36:23+00:00\" \/>\n<meta property=\"og:image\" content=\"https:\/\/oronsko.org\/wp-content\/uploads\/2018\/07\/zaborowie.jpg\" \/>\n\t<meta property=\"og:image:width\" content=\"600\" \/>\n\t<meta property=\"og:image:height\" content=\"350\" \/>\n\t<meta property=\"og:image:type\" content=\"image\/jpeg\" \/>\n<meta name=\"author\" content=\"oronsko\" \/>\n<meta name=\"twitter:card\" content=\"summary_large_image\" \/>\n<meta name=\"twitter:label1\" content=\"Napisane przez\" \/>\n\t<meta name=\"twitter:data1\" content=\"oronsko\" \/>\n\t<meta name=\"twitter:label2\" content=\"Szacowany czas czytania\" \/>\n\t<meta name=\"twitter:data2\" content=\"1 minuta\" \/>\n<script type=\"application\/ld+json\" class=\"yoast-schema-graph\">{\"@context\":\"https:\/\/schema.org\",\"@graph\":[{\"@type\":\"Article\",\"@id\":\"https:\/\/oronsko.org\/?p=1134#article\",\"isPartOf\":{\"@id\":\"https:\/\/oronsko.org\/?p=1134\"},\"author\":{\"name\":\"oronsko\",\"@id\":\"https:\/\/oronsko.org\/#\/schema\/person\/d008aee7ef8cdc6d72c6dddfa0f6fa6a\"},\"headline\":\"Przegl\u0105d Zespo\u0142\u00f3w Ludowych\",\"datePublished\":\"2018-07-07T09:36:23+00:00\",\"mainEntityOfPage\":{\"@id\":\"https:\/\/oronsko.org\/?p=1134\"},\"wordCount\":159,\"commentCount\":0,\"image\":{\"@id\":\"https:\/\/oronsko.org\/?p=1134#primaryimage\"},\"thumbnailUrl\":\"https:\/\/oronsko.org\/wp-content\/uploads\/2018\/07\/zaborowie.jpg\",\"inLanguage\":\"pl-PL\",\"potentialAction\":[{\"@type\":\"CommentAction\",\"name\":\"Comment\",\"target\":[\"https:\/\/oronsko.org\/?p=1134#respond\"]}]},{\"@type\":\"WebPage\",\"@id\":\"https:\/\/oronsko.org\/?p=1134\",\"url\":\"https:\/\/oronsko.org\/?p=1134\",\"name\":\"Przegl\u0105d Zespo\u0142\u00f3w Ludowych - Stowarzyszenie Odnowy i Rozwoju Gminy Oro\u0144sko\",\"isPartOf\":{\"@id\":\"https:\/\/oronsko.org\/#website\"},\"primaryImageOfPage\":{\"@id\":\"https:\/\/oronsko.org\/?p=1134#primaryimage\"},\"image\":{\"@id\":\"https:\/\/oronsko.org\/?p=1134#primaryimage\"},\"thumbnailUrl\":\"https:\/\/oronsko.org\/wp-content\/uploads\/2018\/07\/zaborowie.jpg\",\"datePublished\":\"2018-07-07T09:36:23+00:00\",\"author\":{\"@id\":\"https:\/\/oronsko.org\/#\/schema\/person\/d008aee7ef8cdc6d72c6dddfa0f6fa6a\"},\"breadcrumb\":{\"@id\":\"https:\/\/oronsko.org\/?p=1134#breadcrumb\"},\"inLanguage\":\"pl-PL\",\"potentialAction\":[{\"@type\":\"ReadAction\",\"target\":[\"https:\/\/oronsko.org\/?p=1134\"]}]},{\"@type\":\"ImageObject\",\"inLanguage\":\"pl-PL\",\"@id\":\"https:\/\/oronsko.org\/?p=1134#primaryimage\",\"url\":\"https:\/\/oronsko.org\/wp-content\/uploads\/2018\/07\/zaborowie.jpg\",\"contentUrl\":\"https:\/\/oronsko.org\/wp-content\/uploads\/2018\/07\/zaborowie.jpg\",\"width\":600,\"height\":350},{\"@type\":\"BreadcrumbList\",\"@id\":\"https:\/\/oronsko.org\/?p=1134#breadcrumb\",\"itemListElement\":[{\"@type\":\"ListItem\",\"position\":1,\"name\":\"Strona g\u0142\u00f3wna\",\"item\":\"https:\/\/oronsko.org\/\"},{\"@type\":\"ListItem\",\"position\":2,\"name\":\"Przegl\u0105d Zespo\u0142\u00f3w Ludowych\"}]},{\"@type\":\"WebSite\",\"@id\":\"https:\/\/oronsko.org\/#website\",\"url\":\"https:\/\/oronsko.org\/\",\"name\":\"Stowarzyszenie Odnowy i Rozwoju Gminy Oro\u0144sko\",\"description\":\"\",\"potentialAction\":[{\"@type\":\"SearchAction\",\"target\":{\"@type\":\"EntryPoint\",\"urlTemplate\":\"https:\/\/oronsko.org\/?s={search_term_string}\"},\"query-input\":{\"@type\":\"PropertyValueSpecification\",\"valueRequired\":true,\"valueName\":\"search_term_string\"}}],\"inLanguage\":\"pl-PL\"},{\"@type\":\"Person\",\"@id\":\"https:\/\/oronsko.org\/#\/schema\/person\/d008aee7ef8cdc6d72c6dddfa0f6fa6a\",\"name\":\"oronsko\",\"image\":{\"@type\":\"ImageObject\",\"inLanguage\":\"pl-PL\",\"@id\":\"https:\/\/oronsko.org\/#\/schema\/person\/image\/\",\"url\":\"https:\/\/secure.gravatar.com\/avatar\/04d4d850872fa512217e3bbde438f64183869a8f4529665ce1917407f81c2c69?s=96&d=mm&r=g\",\"contentUrl\":\"https:\/\/secure.gravatar.com\/avatar\/04d4d850872fa512217e3bbde438f64183869a8f4529665ce1917407f81c2c69?s=96&d=mm&r=g\",\"caption\":\"oronsko\"},\"url\":\"https:\/\/oronsko.org\/?author=2\"}]}<\/script>\n<!-- \/ Yoast SEO plugin. -->","yoast_head_json":{"title":"Przegl\u0105d Zespo\u0142\u00f3w Ludowych - Stowarzyszenie Odnowy i Rozwoju Gminy Oro\u0144sko","robots":{"index":"index","follow":"follow","max-snippet":"max-snippet:-1","max-image-preview":"max-image-preview:large","max-video-preview":"max-video-preview:-1"},"canonical":"https:\/\/oronsko.org\/?p=1134","og_locale":"pl_PL","og_type":"article","og_title":"Przegl\u0105d Zespo\u0142\u00f3w Ludowych - Stowarzyszenie Odnowy i Rozwoju Gminy Oro\u0144sko","og_description":"W\u00f3jt Gminy Oro\u0144sko Henryk Nosowski zaprasza na obj\u0119ty honorowym patronatem Marsza\u0142ka Wojew\u00f3dztwa Mazowieckiego XXII Wojew\u00f3dzki Przegl\u0105d Zespo\u0142\u00f3w Ludowych Prezentuj\u0105cych Zwyczaje i Obrz\u0119dy, kt\u00f3ry odb\u0119dzie si\u0119 8 Lipca 2018 od godziny 13:00 w \u015bwietlicy w Zaborowiu.","og_url":"https:\/\/oronsko.org\/?p=1134","og_site_name":"Stowarzyszenie Odnowy i Rozwoju Gminy Oro\u0144sko","article_published_time":"2018-07-07T09:36:23+00:00","og_image":[{"width":600,"height":350,"url":"https:\/\/oronsko.org\/wp-content\/uploads\/2018\/07\/zaborowie.jpg","type":"image\/jpeg"}],"author":"oronsko","twitter_card":"summary_large_image","twitter_misc":{"Napisane przez":"oronsko","Szacowany czas czytania":"1 minuta"},"schema":{"@context":"https:\/\/schema.org","@graph":[{"@type":"Article","@id":"https:\/\/oronsko.org\/?p=1134#article","isPartOf":{"@id":"https:\/\/oronsko.org\/?p=1134"},"author":{"name":"oronsko","@id":"https:\/\/oronsko.org\/#\/schema\/person\/d008aee7ef8cdc6d72c6dddfa0f6fa6a"},"headline":"Przegl\u0105d Zespo\u0142\u00f3w Ludowych","datePublished":"2018-07-07T09:36:23+00:00","mainEntityOfPage":{"@id":"https:\/\/oronsko.org\/?p=1134"},"wordCount":159,"commentCount":0,"image":{"@id":"https:\/\/oronsko.org\/?p=1134#primaryimage"},"thumbnailUrl":"https:\/\/oronsko.org\/wp-content\/uploads\/2018\/07\/zaborowie.jpg","inLanguage":"pl-PL","potentialAction":[{"@type":"CommentAction","name":"Comment","target":["https:\/\/oronsko.org\/?p=1134#respond"]}]},{"@type":"WebPage","@id":"https:\/\/oronsko.org\/?p=1134","url":"https:\/\/oronsko.org\/?p=1134","name":"Przegl\u0105d Zespo\u0142\u00f3w Ludowych - Stowarzyszenie Odnowy i Rozwoju Gminy Oro\u0144sko","isPartOf":{"@id":"https:\/\/oronsko.org\/#website"},"primaryImageOfPage":{"@id":"https:\/\/oronsko.org\/?p=1134#primaryimage"},"image":{"@id":"https:\/\/oronsko.org\/?p=1134#primaryimage"},"thumbnailUrl":"https:\/\/oronsko.org\/wp-content\/uploads\/2018\/07\/zaborowie.jpg","datePublished":"2018-07-07T09:36:23+00:00","author":{"@id":"https:\/\/oronsko.org\/#\/schema\/person\/d008aee7ef8cdc6d72c6dddfa0f6fa6a"},"breadcrumb":{"@id":"https:\/\/oronsko.org\/?p=1134#breadcrumb"},"inLanguage":"pl-PL","potentialAction":[{"@type":"ReadAction","target":["https:\/\/oronsko.org\/?p=1134"]}]},{"@type":"ImageObject","inLanguage":"pl-PL","@id":"https:\/\/oronsko.org\/?p=1134#primaryimage","url":"https:\/\/oronsko.org\/wp-content\/uploads\/2018\/07\/zaborowie.jpg","contentUrl":"https:\/\/oronsko.org\/wp-content\/uploads\/2018\/07\/zaborowie.jpg","width":600,"height":350},{"@type":"BreadcrumbList","@id":"https:\/\/oronsko.org\/?p=1134#breadcrumb","itemListElement":[{"@type":"ListItem","position":1,"name":"Strona g\u0142\u00f3wna","item":"https:\/\/oronsko.org\/"},{"@type":"ListItem","position":2,"name":"Przegl\u0105d Zespo\u0142\u00f3w Ludowych"}]},{"@type":"WebSite","@id":"https:\/\/oronsko.org\/#website","url":"https:\/\/oronsko.org\/","name":"Stowarzyszenie Odnowy i Rozwoju Gminy Oro\u0144sko","description":"","potentialAction":[{"@type":"SearchAction","target":{"@type":"EntryPoint","urlTemplate":"https:\/\/oronsko.org\/?s={search_term_string}"},"query-input":{"@type":"PropertyValueSpecification","valueRequired":true,"valueName":"search_term_string"}}],"inLanguage":"pl-PL"},{"@type":"Person","@id":"https:\/\/oronsko.org\/#\/schema\/person\/d008aee7ef8cdc6d72c6dddfa0f6fa6a","name":"oronsko","image":{"@type":"ImageObject","inLanguage":"pl-PL","@id":"https:\/\/oronsko.org\/#\/schema\/person\/image\/","url":"https:\/\/secure.gravatar.com\/avatar\/04d4d850872fa512217e3bbde438f64183869a8f4529665ce1917407f81c2c69?s=96&d=mm&r=g","contentUrl":"https:\/\/secure.gravatar.com\/avatar\/04d4d850872fa512217e3bbde438f64183869a8f4529665ce1917407f81c2c69?s=96&d=mm&r=g","caption":"oronsko"},"url":"https:\/\/oronsko.org\/?author=2"}]}},"_links":{"self":[{"href":"https:\/\/oronsko.org\/index.php?rest_route=\/wp\/v2\/posts\/1134","targetHints":{"allow":["GET"]}}],"collection":[{"href":"https:\/\/oronsko.org\/index.php?rest_route=\/wp\/v2\/posts"}],"about":[{"href":"https:\/\/oronsko.org\/index.php?rest_route=\/wp\/v2\/types\/post"}],"author":[{"embeddable":true,"href":"https:\/\/oronsko.org\/index.php?rest_route=\/wp\/v2\/users\/2"}],"replies":[{"embeddable":true,"href":"https:\/\/oronsko.org\/index.php?rest_route=%2Fwp%2Fv2%2Fcomments&post=1134"}],"version-history":[{"count":1,"href":"https:\/\/oronsko.org\/index.php?rest_route=\/wp\/v2\/posts\/1134\/revisions"}],"predecessor-version":[{"id":1136,"href":"https:\/\/oronsko.org\/index.php?rest_route=\/wp\/v2\/posts\/1134\/revisions\/1136"}],"wp:featuredmedia":[{"embeddable":true,"href":"https:\/\/oronsko.org\/index.php?rest_route=\/wp\/v2\/media\/1135"}],"wp:attachment":[{"href":"https:\/\/oronsko.org\/index.php?rest_route=%2Fwp%2Fv2%2Fmedia&parent=1134"}],"wp:term":[{"taxonomy":"category","embeddable":true,"href":"https:\/\/oronsko.org\/index.php?rest_route=%2Fwp%2Fv2%2Fcategories&post=1134"},{"taxonomy":"post_tag","embeddable":true,"href":"https:\/\/oronsko.org\/index.php?rest_route=%2Fwp%2Fv2%2Ftags&post=1134"}],"curies":[{"name":"wp","href":"https:\/\/api.w.org\/{rel}","templated":true}]}}