{"id":1123,"date":"2018-06-26T17:06:53","date_gmt":"2018-06-26T15:06:53","guid":{"rendered":"http:\/\/oronsko.org\/?p=1123"},"modified":"2018-06-26T17:08:30","modified_gmt":"2018-06-26T15:08:30","slug":"otwarty-przejazd-do-radomia","status":"publish","type":"post","link":"https:\/\/oronsko.org\/?p=1123","title":{"rendered":"Otwarty przejazd do Radomia"},"content":{"rendered":"<p style=\"text-align: justify;\">Po ponad rocznym utrudnieniu w komunikacji na odcinku Oro\u0144sko &#8211; Radom dzisiaj o godzinie 13:00 zosta\u0142 oddany do u\u017cytku publicznego wiadukt \u0142\u0105cz\u0105cy star\u0105 tras\u0119 E7 z nowym w\u0119z\u0142em komunikacyjnym oraz przejazdem do Radomia.<\/p>\n<p><a href=\"http:\/\/oronsko.org\/wp-content\/uploads\/2018\/06\/IMG_20180626_142350.jpg\" data-rel=\"lightbox-image-0\" data-rl_title=\"\" data-rl_caption=\"\" title=\"\"><img loading=\"lazy\" decoding=\"async\" class=\"wp-image-1124 aligncenter\" src=\"http:\/\/oronsko.org\/wp-content\/uploads\/2018\/06\/IMG_20180626_142350-1024x768.jpg\" alt=\"\" width=\"438\" height=\"328\" srcset=\"https:\/\/oronsko.org\/wp-content\/uploads\/2018\/06\/IMG_20180626_142350-1024x768.jpg 1024w, https:\/\/oronsko.org\/wp-content\/uploads\/2018\/06\/IMG_20180626_142350-300x225.jpg 300w, https:\/\/oronsko.org\/wp-content\/uploads\/2018\/06\/IMG_20180626_142350-768x576.jpg 768w\" sizes=\"auto, (max-width: 438px) 100vw, 438px\" \/><\/a> <a href=\"http:\/\/oronsko.org\/wp-content\/uploads\/2018\/06\/IMG_20180626_142405.jpg\" data-rel=\"lightbox-image-1\" data-rl_title=\"\" data-rl_caption=\"\" title=\"\"><img loading=\"lazy\" decoding=\"async\" class=\"wp-image-1125 aligncenter\" src=\"http:\/\/oronsko.org\/wp-content\/uploads\/2018\/06\/IMG_20180626_142405-1024x768.jpg\" alt=\"\" width=\"437\" height=\"327\" srcset=\"https:\/\/oronsko.org\/wp-content\/uploads\/2018\/06\/IMG_20180626_142405-1024x768.jpg 1024w, https:\/\/oronsko.org\/wp-content\/uploads\/2018\/06\/IMG_20180626_142405-300x225.jpg 300w, https:\/\/oronsko.org\/wp-content\/uploads\/2018\/06\/IMG_20180626_142405-768x576.jpg 768w\" sizes=\"auto, (max-width: 437px) 100vw, 437px\" \/><\/a> <a href=\"http:\/\/oronsko.org\/wp-content\/uploads\/2018\/06\/IMG_20180626_142413.jpg\" data-rel=\"lightbox-image-2\" data-rl_title=\"\" data-rl_caption=\"\" title=\"\"><img loading=\"lazy\" decoding=\"async\" class=\"wp-image-1126 aligncenter\" src=\"http:\/\/oronsko.org\/wp-content\/uploads\/2018\/06\/IMG_20180626_142413-1024x768.jpg\" alt=\"\" width=\"438\" height=\"329\" srcset=\"https:\/\/oronsko.org\/wp-content\/uploads\/2018\/06\/IMG_20180626_142413-1024x768.jpg 1024w, https:\/\/oronsko.org\/wp-content\/uploads\/2018\/06\/IMG_20180626_142413-300x225.jpg 300w, https:\/\/oronsko.org\/wp-content\/uploads\/2018\/06\/IMG_20180626_142413-768x576.jpg 768w\" sizes=\"auto, (max-width: 438px) 100vw, 438px\" \/><\/a> <a href=\"http:\/\/oronsko.org\/wp-content\/uploads\/2018\/06\/IMG_20180626_142423.jpg\" data-rel=\"lightbox-image-3\" data-rl_title=\"\" data-rl_caption=\"\" title=\"\"><img loading=\"lazy\" decoding=\"async\" class=\"wp-image-1127 aligncenter\" src=\"http:\/\/oronsko.org\/wp-content\/uploads\/2018\/06\/IMG_20180626_142423-1024x768.jpg\" alt=\"\" width=\"436\" height=\"327\" srcset=\"https:\/\/oronsko.org\/wp-content\/uploads\/2018\/06\/IMG_20180626_142423-1024x768.jpg 1024w, https:\/\/oronsko.org\/wp-content\/uploads\/2018\/06\/IMG_20180626_142423-300x225.jpg 300w, https:\/\/oronsko.org\/wp-content\/uploads\/2018\/06\/IMG_20180626_142423-768x576.jpg 768w\" sizes=\"auto, (max-width: 436px) 100vw, 436px\" \/><\/a><\/p>\n","protected":false},"excerpt":{"rendered":"<p>Po ponad rocznym utrudnieniu w komunikacji na odcinku Oro\u0144sko &#8211; Radom dzisiaj o godzinie 13:00 zosta\u0142 oddany do u\u017cytku publicznego wiadukt \u0142\u0105cz\u0105cy star\u0105 tras\u0119 E7 z nowym w\u0119z\u0142em komunikacyjnym oraz przejazdem do Radomia.<\/p>\n","protected":false},"author":2,"featured_media":1126,"comment_status":"open","ping_status":"open","sticky":false,"template":"","format":"standard","meta":{"footnotes":""},"categories":[1],"tags":[],"class_list":["post-1123","post","type-post","status-publish","format-standard","has-post-thumbnail","hentry","category-bez-kategorii"],"yoast_head":"<!-- This site is optimized with the Yoast SEO plugin v26.8 - https:\/\/yoast.com\/product\/yoast-seo-wordpress\/ -->\n<title>Otwarty przejazd do Radomia - Stowarzyszenie Odnowy i Rozwoju Gminy Oro\u0144sko<\/title>\n<meta name=\"robots\" content=\"index, follow, max-snippet:-1, max-image-preview:large, max-video-preview:-1\" \/>\n<link rel=\"canonical\" href=\"https:\/\/oronsko.org\/?p=1123\" \/>\n<meta property=\"og:locale\" content=\"pl_PL\" \/>\n<meta property=\"og:type\" content=\"article\" \/>\n<meta property=\"og:title\" content=\"Otwarty przejazd do Radomia - Stowarzyszenie Odnowy i Rozwoju Gminy Oro\u0144sko\" \/>\n<meta property=\"og:description\" content=\"Po ponad rocznym utrudnieniu w komunikacji na odcinku Oro\u0144sko &#8211; Radom dzisiaj o godzinie 13:00 zosta\u0142 oddany do u\u017cytku publicznego wiadukt \u0142\u0105cz\u0105cy star\u0105 tras\u0119 E7 z nowym w\u0119z\u0142em komunikacyjnym oraz przejazdem do Radomia.\" \/>\n<meta property=\"og:url\" content=\"https:\/\/oronsko.org\/?p=1123\" \/>\n<meta property=\"og:site_name\" content=\"Stowarzyszenie Odnowy i Rozwoju Gminy Oro\u0144sko\" \/>\n<meta property=\"article:published_time\" content=\"2018-06-26T15:06:53+00:00\" \/>\n<meta property=\"article:modified_time\" content=\"2018-06-26T15:08:30+00:00\" \/>\n<meta property=\"og:image\" content=\"https:\/\/oronsko.org\/wp-content\/uploads\/2018\/06\/IMG_20180626_142413.jpg\" \/>\n\t<meta property=\"og:image:width\" content=\"4160\" \/>\n\t<meta property=\"og:image:height\" content=\"3120\" \/>\n\t<meta property=\"og:image:type\" content=\"image\/jpeg\" \/>\n<meta name=\"author\" content=\"oronsko\" \/>\n<meta name=\"twitter:card\" content=\"summary_large_image\" \/>\n<meta name=\"twitter:label1\" content=\"Napisane przez\" \/>\n\t<meta name=\"twitter:data1\" content=\"oronsko\" \/>\n<script type=\"application\/ld+json\" class=\"yoast-schema-graph\">{\"@context\":\"https:\/\/schema.org\",\"@graph\":[{\"@type\":\"Article\",\"@id\":\"https:\/\/oronsko.org\/?p=1123#article\",\"isPartOf\":{\"@id\":\"https:\/\/oronsko.org\/?p=1123\"},\"author\":{\"name\":\"oronsko\",\"@id\":\"https:\/\/oronsko.org\/#\/schema\/person\/d008aee7ef8cdc6d72c6dddfa0f6fa6a\"},\"headline\":\"Otwarty przejazd do Radomia\",\"datePublished\":\"2018-06-26T15:06:53+00:00\",\"dateModified\":\"2018-06-26T15:08:30+00:00\",\"mainEntityOfPage\":{\"@id\":\"https:\/\/oronsko.org\/?p=1123\"},\"wordCount\":41,\"commentCount\":0,\"image\":{\"@id\":\"https:\/\/oronsko.org\/?p=1123#primaryimage\"},\"thumbnailUrl\":\"https:\/\/oronsko.org\/wp-content\/uploads\/2018\/06\/IMG_20180626_142413.jpg\",\"inLanguage\":\"pl-PL\",\"potentialAction\":[{\"@type\":\"CommentAction\",\"name\":\"Comment\",\"target\":[\"https:\/\/oronsko.org\/?p=1123#respond\"]}]},{\"@type\":\"WebPage\",\"@id\":\"https:\/\/oronsko.org\/?p=1123\",\"url\":\"https:\/\/oronsko.org\/?p=1123\",\"name\":\"Otwarty przejazd do Radomia - Stowarzyszenie Odnowy i Rozwoju Gminy Oro\u0144sko\",\"isPartOf\":{\"@id\":\"https:\/\/oronsko.org\/#website\"},\"primaryImageOfPage\":{\"@id\":\"https:\/\/oronsko.org\/?p=1123#primaryimage\"},\"image\":{\"@id\":\"https:\/\/oronsko.org\/?p=1123#primaryimage\"},\"thumbnailUrl\":\"https:\/\/oronsko.org\/wp-content\/uploads\/2018\/06\/IMG_20180626_142413.jpg\",\"datePublished\":\"2018-06-26T15:06:53+00:00\",\"dateModified\":\"2018-06-26T15:08:30+00:00\",\"author\":{\"@id\":\"https:\/\/oronsko.org\/#\/schema\/person\/d008aee7ef8cdc6d72c6dddfa0f6fa6a\"},\"breadcrumb\":{\"@id\":\"https:\/\/oronsko.org\/?p=1123#breadcrumb\"},\"inLanguage\":\"pl-PL\",\"potentialAction\":[{\"@type\":\"ReadAction\",\"target\":[\"https:\/\/oronsko.org\/?p=1123\"]}]},{\"@type\":\"ImageObject\",\"inLanguage\":\"pl-PL\",\"@id\":\"https:\/\/oronsko.org\/?p=1123#primaryimage\",\"url\":\"https:\/\/oronsko.org\/wp-content\/uploads\/2018\/06\/IMG_20180626_142413.jpg\",\"contentUrl\":\"https:\/\/oronsko.org\/wp-content\/uploads\/2018\/06\/IMG_20180626_142413.jpg\",\"width\":4160,\"height\":3120},{\"@type\":\"BreadcrumbList\",\"@id\":\"https:\/\/oronsko.org\/?p=1123#breadcrumb\",\"itemListElement\":[{\"@type\":\"ListItem\",\"position\":1,\"name\":\"Strona g\u0142\u00f3wna\",\"item\":\"https:\/\/oronsko.org\/\"},{\"@type\":\"ListItem\",\"position\":2,\"name\":\"Otwarty przejazd do Radomia\"}]},{\"@type\":\"WebSite\",\"@id\":\"https:\/\/oronsko.org\/#website\",\"url\":\"https:\/\/oronsko.org\/\",\"name\":\"Stowarzyszenie Odnowy i Rozwoju Gminy Oro\u0144sko\",\"description\":\"\",\"potentialAction\":[{\"@type\":\"SearchAction\",\"target\":{\"@type\":\"EntryPoint\",\"urlTemplate\":\"https:\/\/oronsko.org\/?s={search_term_string}\"},\"query-input\":{\"@type\":\"PropertyValueSpecification\",\"valueRequired\":true,\"valueName\":\"search_term_string\"}}],\"inLanguage\":\"pl-PL\"},{\"@type\":\"Person\",\"@id\":\"https:\/\/oronsko.org\/#\/schema\/person\/d008aee7ef8cdc6d72c6dddfa0f6fa6a\",\"name\":\"oronsko\",\"image\":{\"@type\":\"ImageObject\",\"inLanguage\":\"pl-PL\",\"@id\":\"https:\/\/oronsko.org\/#\/schema\/person\/image\/\",\"url\":\"https:\/\/secure.gravatar.com\/avatar\/04d4d850872fa512217e3bbde438f64183869a8f4529665ce1917407f81c2c69?s=96&d=mm&r=g\",\"contentUrl\":\"https:\/\/secure.gravatar.com\/avatar\/04d4d850872fa512217e3bbde438f64183869a8f4529665ce1917407f81c2c69?s=96&d=mm&r=g\",\"caption\":\"oronsko\"},\"url\":\"https:\/\/oronsko.org\/?author=2\"}]}<\/script>\n<!-- \/ Yoast SEO plugin. -->","yoast_head_json":{"title":"Otwarty przejazd do Radomia - Stowarzyszenie Odnowy i Rozwoju Gminy Oro\u0144sko","robots":{"index":"index","follow":"follow","max-snippet":"max-snippet:-1","max-image-preview":"max-image-preview:large","max-video-preview":"max-video-preview:-1"},"canonical":"https:\/\/oronsko.org\/?p=1123","og_locale":"pl_PL","og_type":"article","og_title":"Otwarty przejazd do Radomia - Stowarzyszenie Odnowy i Rozwoju Gminy Oro\u0144sko","og_description":"Po ponad rocznym utrudnieniu w komunikacji na odcinku Oro\u0144sko &#8211; Radom dzisiaj o godzinie 13:00 zosta\u0142 oddany do u\u017cytku publicznego wiadukt \u0142\u0105cz\u0105cy star\u0105 tras\u0119 E7 z nowym w\u0119z\u0142em komunikacyjnym oraz przejazdem do Radomia.","og_url":"https:\/\/oronsko.org\/?p=1123","og_site_name":"Stowarzyszenie Odnowy i Rozwoju Gminy Oro\u0144sko","article_published_time":"2018-06-26T15:06:53+00:00","article_modified_time":"2018-06-26T15:08:30+00:00","og_image":[{"width":4160,"height":3120,"url":"https:\/\/oronsko.org\/wp-content\/uploads\/2018\/06\/IMG_20180626_142413.jpg","type":"image\/jpeg"}],"author":"oronsko","twitter_card":"summary_large_image","twitter_misc":{"Napisane przez":"oronsko"},"schema":{"@context":"https:\/\/schema.org","@graph":[{"@type":"Article","@id":"https:\/\/oronsko.org\/?p=1123#article","isPartOf":{"@id":"https:\/\/oronsko.org\/?p=1123"},"author":{"name":"oronsko","@id":"https:\/\/oronsko.org\/#\/schema\/person\/d008aee7ef8cdc6d72c6dddfa0f6fa6a"},"headline":"Otwarty przejazd do Radomia","datePublished":"2018-06-26T15:06:53+00:00","dateModified":"2018-06-26T15:08:30+00:00","mainEntityOfPage":{"@id":"https:\/\/oronsko.org\/?p=1123"},"wordCount":41,"commentCount":0,"image":{"@id":"https:\/\/oronsko.org\/?p=1123#primaryimage"},"thumbnailUrl":"https:\/\/oronsko.org\/wp-content\/uploads\/2018\/06\/IMG_20180626_142413.jpg","inLanguage":"pl-PL","potentialAction":[{"@type":"CommentAction","name":"Comment","target":["https:\/\/oronsko.org\/?p=1123#respond"]}]},{"@type":"WebPage","@id":"https:\/\/oronsko.org\/?p=1123","url":"https:\/\/oronsko.org\/?p=1123","name":"Otwarty przejazd do Radomia - Stowarzyszenie Odnowy i Rozwoju Gminy Oro\u0144sko","isPartOf":{"@id":"https:\/\/oronsko.org\/#website"},"primaryImageOfPage":{"@id":"https:\/\/oronsko.org\/?p=1123#primaryimage"},"image":{"@id":"https:\/\/oronsko.org\/?p=1123#primaryimage"},"thumbnailUrl":"https:\/\/oronsko.org\/wp-content\/uploads\/2018\/06\/IMG_20180626_142413.jpg","datePublished":"2018-06-26T15:06:53+00:00","dateModified":"2018-06-26T15:08:30+00:00","author":{"@id":"https:\/\/oronsko.org\/#\/schema\/person\/d008aee7ef8cdc6d72c6dddfa0f6fa6a"},"breadcrumb":{"@id":"https:\/\/oronsko.org\/?p=1123#breadcrumb"},"inLanguage":"pl-PL","potentialAction":[{"@type":"ReadAction","target":["https:\/\/oronsko.org\/?p=1123"]}]},{"@type":"ImageObject","inLanguage":"pl-PL","@id":"https:\/\/oronsko.org\/?p=1123#primaryimage","url":"https:\/\/oronsko.org\/wp-content\/uploads\/2018\/06\/IMG_20180626_142413.jpg","contentUrl":"https:\/\/oronsko.org\/wp-content\/uploads\/2018\/06\/IMG_20180626_142413.jpg","width":4160,"height":3120},{"@type":"BreadcrumbList","@id":"https:\/\/oronsko.org\/?p=1123#breadcrumb","itemListElement":[{"@type":"ListItem","position":1,"name":"Strona g\u0142\u00f3wna","item":"https:\/\/oronsko.org\/"},{"@type":"ListItem","position":2,"name":"Otwarty przejazd do Radomia"}]},{"@type":"WebSite","@id":"https:\/\/oronsko.org\/#website","url":"https:\/\/oronsko.org\/","name":"Stowarzyszenie Odnowy i Rozwoju Gminy Oro\u0144sko","description":"","potentialAction":[{"@type":"SearchAction","target":{"@type":"EntryPoint","urlTemplate":"https:\/\/oronsko.org\/?s={search_term_string}"},"query-input":{"@type":"PropertyValueSpecification","valueRequired":true,"valueName":"search_term_string"}}],"inLanguage":"pl-PL"},{"@type":"Person","@id":"https:\/\/oronsko.org\/#\/schema\/person\/d008aee7ef8cdc6d72c6dddfa0f6fa6a","name":"oronsko","image":{"@type":"ImageObject","inLanguage":"pl-PL","@id":"https:\/\/oronsko.org\/#\/schema\/person\/image\/","url":"https:\/\/secure.gravatar.com\/avatar\/04d4d850872fa512217e3bbde438f64183869a8f4529665ce1917407f81c2c69?s=96&d=mm&r=g","contentUrl":"https:\/\/secure.gravatar.com\/avatar\/04d4d850872fa512217e3bbde438f64183869a8f4529665ce1917407f81c2c69?s=96&d=mm&r=g","caption":"oronsko"},"url":"https:\/\/oronsko.org\/?author=2"}]}},"_links":{"self":[{"href":"https:\/\/oronsko.org\/index.php?rest_route=\/wp\/v2\/posts\/1123","targetHints":{"allow":["GET"]}}],"collection":[{"href":"https:\/\/oronsko.org\/index.php?rest_route=\/wp\/v2\/posts"}],"about":[{"href":"https:\/\/oronsko.org\/index.php?rest_route=\/wp\/v2\/types\/post"}],"author":[{"embeddable":true,"href":"https:\/\/oronsko.org\/index.php?rest_route=\/wp\/v2\/users\/2"}],"replies":[{"embeddable":true,"href":"https:\/\/oronsko.org\/index.php?rest_route=%2Fwp%2Fv2%2Fcomments&post=1123"}],"version-history":[{"count":3,"href":"https:\/\/oronsko.org\/index.php?rest_route=\/wp\/v2\/posts\/1123\/revisions"}],"predecessor-version":[{"id":1130,"href":"https:\/\/oronsko.org\/index.php?rest_route=\/wp\/v2\/posts\/1123\/revisions\/1130"}],"wp:featuredmedia":[{"embeddable":true,"href":"https:\/\/oronsko.org\/index.php?rest_route=\/wp\/v2\/media\/1126"}],"wp:attachment":[{"href":"https:\/\/oronsko.org\/index.php?rest_route=%2Fwp%2Fv2%2Fmedia&parent=1123"}],"wp:term":[{"taxonomy":"category","embeddable":true,"href":"https:\/\/oronsko.org\/index.php?rest_route=%2Fwp%2Fv2%2Fcategories&post=1123"},{"taxonomy":"post_tag","embeddable":true,"href":"https:\/\/oronsko.org\/index.php?rest_route=%2Fwp%2Fv2%2Ftags&post=1123"}],"curies":[{"name":"wp","href":"https:\/\/api.w.org\/{rel}","templated":true}]}}